{"id":67236,"date":"2010-08-19T00:55:25","date_gmt":"2010-08-18T22:55:25","guid":{"rendered":"http:\/\/www.fuldaer-nachrichten.de\/?p=67236"},"modified":"2010-08-19T07:56:02","modified_gmt":"2010-08-19T05:56:02","slug":"museumsnacht-am-20-august-im-museum-modern-art-huenfeld","status":"publish","type":"post","link":"https:\/\/www.fuldaernachrichten.de\/?p=67236","title":{"rendered":"Museumsnacht am 20. August im Museum Modern Art H\u00fcnfeld"},"content":{"rendered":"<p><strong>H\u00fcnfeld. <\/strong>Anl\u00e4sslich des 11. Gaalbernfestes, das in diesem Jahr ganz im Zeichen der Jubil\u00e4umsfeierlichkeiten \u201e700 Jahre Stadtrechte H\u00fcnfeld\u201c steht, findet am Freitag, 20. August, eine Museumsnacht an. Neben dem Konrad-Zuse-Museum mit Stadt- und Kreisgeschichte (wir berichteten bereits) hat auch das Museum Modern Art H\u00fcnfeld \u2013 Sammlung J\u00fcrgen Blum ge\u00f6ffnet. G\u00e4ste k\u00f6nnen die Einrichtung von 19 Uhr bis 22 Uhr besuchen. Zu den H\u00f6hepunkten der Ausstellungst\u00e4tigkeit des Museums Modern Art geh\u00f6rt die gro\u00dfe Jahresausstellung. 48 nationale und internationale K\u00fcnstler beziehen Position und laden zur Auseinandersetzung mit Konkreter Kunst ein.<\/p>\n","protected":false},"excerpt":{"rendered":"<div class=\"tmnf_excerpt\"><p>H\u00fcnfeld. Anl\u00e4sslich des 11. Gaalbernfestes, das in diesem Jahr ganz im Zeichen der Jubil\u00e4umsfeierlichkeiten \u201e700 Jahre Stadtrechte H\u00fcnfeld\u201c steht, findet am Freitag, 20. August, eine Museumsnacht an. Neben dem Konrad-Zuse-Museum mit Stadt- und Kreisgeschichte (wir berichteten bereits) hat auch das Museum Modern Art H\u00fcnfeld \u2013 Sammlung J\u00fcrgen Blum ge\u00f6ffnet. G\u00e4ste k\u00f6nnen die Einrichtung von 19 &hellip;<\/p>\n<\/div>","protected":false},"author":1,"featured_media":0,"comment_status":"closed","ping_status":"closed","sticky":false,"template":"","format":"standard","meta":{"footnotes":""},"categories":[1],"tags":[],"class_list":["post-67236","post","type-post","status-publish","format-standard","hentry","category-startseite"],"_links":{"self":[{"href":"https:\/\/www.fuldaernachrichten.de\/index.php?rest_route=\/wp\/v2\/posts\/67236","targetHints":{"allow":["GET"]}}],"collection":[{"href":"https:\/\/www.fuldaernachrichten.de\/index.php?rest_route=\/wp\/v2\/posts"}],"about":[{"href":"https:\/\/www.fuldaernachrichten.de\/index.php?rest_route=\/wp\/v2\/types\/post"}],"author":[{"embeddable":true,"href":"https:\/\/www.fuldaernachrichten.de\/index.php?rest_route=\/wp\/v2\/users\/1"}],"replies":[{"embeddable":true,"href":"https:\/\/www.fuldaernachrichten.de\/index.php?rest_route=%2Fwp%2Fv2%2Fcomments&post=67236"}],"version-history":[{"count":2,"href":"https:\/\/www.fuldaernachrichten.de\/index.php?rest_route=\/wp\/v2\/posts\/67236\/revisions"}],"predecessor-version":[{"id":67350,"href":"https:\/\/www.fuldaernachrichten.de\/index.php?rest_route=\/wp\/v2\/posts\/67236\/revisions\/67350"}],"wp:attachment":[{"href":"https:\/\/www.fuldaernachrichten.de\/index.php?rest_route=%2Fwp%2Fv2%2Fmedia&parent=67236"}],"wp:term":[{"taxonomy":"category","embeddable":true,"href":"https:\/\/www.fuldaernachrichten.de\/index.php?rest_route=%2Fwp%2Fv2%2Fcategories&post=67236"},{"taxonomy":"post_tag","embeddable":true,"href":"https:\/\/www.fuldaernachrichten.de\/index.php?rest_route=%2Fwp%2Fv2%2Ftags&post=67236"}],"curies":[{"name":"wp","href":"https:\/\/api.w.org\/{rel}","templated":true}]}}