{"id":67201,"date":"2010-08-18T00:35:56","date_gmt":"2010-08-17T22:35:56","guid":{"rendered":"http:\/\/www.fuldaer-nachrichten.de\/?p=67201"},"modified":"2010-08-18T13:55:05","modified_gmt":"2010-08-18T11:55:05","slug":"gassner-jun-startet-mit-wildcard-bei-adac-rallye-deutschland","status":"publish","type":"post","link":"https:\/\/www.fuldaernachrichten.de\/?p=67201","title":{"rendered":"Gassner jun. startet mit Wildcard bei ADAC Rallye Deutschland"},"content":{"rendered":"<p><img decoding=\"async\" src=\"http:\/\/www.fuldaer-nachrichten.de\/wp-content\/uploads\/2008\/Marco\/100817_gassner.jpg\" alt=\"100817_gassner.jpg\" width=\"560\" \/><\/p>\n<p><strong>Motorsport.<\/strong> Die deutschen Rallyemeister Hermann Gassner jun. und Kathi W\u00fcstenhagen erhalten vom Veranstalter der ADAC Rallye Deutschland eine besondere Ehre: Beim WM-Lauf in ihrem Heimatland darf das Duo am kommenden Wochenende mit einer Wildcard starten und hat somit die M\u00f6glichkeit WM-Punkte in der Klasse der 2.0 Liter Gruppe N Fahrzeuge zu holen.<!--more--><\/p>\n<p>Gassner jun. freut sich nat\u00fcrlich \u00fcber diese gro\u00dfe M\u00f6glichkeit, ist sich aber auch der Schwierigkeit dieser Pr\u00fcfung bewusst: \u201eZuhause hast du viel mehr Druck, als bei ausl\u00e4ndischen Rallyes. Aber ich kann es gar nicht erwarten, endlich loszulegen. Das wird sicher eine meiner schwersten Veranstaltungen und ich wei\u00df auch nicht, wie schnell meine Konkurrenten in diese Rallye gehen werden, welches Tempo sie anschlagen. Aber ich hatte in \u00d6sterreich einen guten Test und ich habe auch mit meinem Teamchef Raimund einen sehr erfahrenen Spezialisten an meiner Seite. Ich kenne die Pr\u00fcfungen und wei\u00df, dass man eine saubere und fehlerfreie Rallye fahren muss, um vorne dabei zu sein.\u201c Einer seiner Gegner wird sein Vater, Hermann Gassner sein. \u201eIch werde sicher nicht st\u00e4ndig daran denken, meinen Vater zu schlagen, aber lustig w\u00e4re es schon, wenn ich vor ihm landen w\u00fcrde!\u201c so der amtierende Deutsche Meister.<\/p>\n<p>Gassner jun. hatte 2008 die Gruppe N-Wertung bei der Deutschland Rallye bereits einmal gewonnen. Dieser neunte WM-Lauf f\u00fchrt \u00fcber 405 sehr anspruchsvolle WP-Kilometer auf 19 Sonderpr\u00fcfungen. Bereits diesen Donnerstag startet die Rallye mit dem Shakedown und der Fahrervorstellung.<\/p>\n","protected":false},"excerpt":{"rendered":"<div class=\"tmnf_excerpt\"><p>Motorsport. Die deutschen Rallyemeister Hermann Gassner jun. und Kathi W\u00fcstenhagen erhalten vom Veranstalter der ADAC Rallye Deutschland eine besondere Ehre: Beim WM-Lauf in ihrem Heimatland darf das Duo am kommenden Wochenende mit einer Wildcard starten und hat somit die M\u00f6glichkeit WM-Punkte in der Klasse der 2.0 Liter Gruppe N Fahrzeuge zu holen.<\/p>\n<\/div>","protected":false},"author":1,"featured_media":0,"comment_status":"closed","ping_status":"closed","sticky":false,"template":"","format":"standard","meta":{"footnotes":""},"categories":[1,46,78],"tags":[],"class_list":["post-67201","post","type-post","status-publish","format-standard","hentry","category-startseite","category-sport","category-topthema"],"_links":{"self":[{"href":"https:\/\/www.fuldaernachrichten.de\/index.php?rest_route=\/wp\/v2\/posts\/67201","targetHints":{"allow":["GET"]}}],"collection":[{"href":"https:\/\/www.fuldaernachrichten.de\/index.php?rest_route=\/wp\/v2\/posts"}],"about":[{"href":"https:\/\/www.fuldaernachrichten.de\/index.php?rest_route=\/wp\/v2\/types\/post"}],"author":[{"embeddable":true,"href":"https:\/\/www.fuldaernachrichten.de\/index.php?rest_route=\/wp\/v2\/users\/1"}],"replies":[{"embeddable":true,"href":"https:\/\/www.fuldaernachrichten.de\/index.php?rest_route=%2Fwp%2Fv2%2Fcomments&post=67201"}],"version-history":[{"count":5,"href":"https:\/\/www.fuldaernachrichten.de\/index.php?rest_route=\/wp\/v2\/posts\/67201\/revisions"}],"predecessor-version":[{"id":67320,"href":"https:\/\/www.fuldaernachrichten.de\/index.php?rest_route=\/wp\/v2\/posts\/67201\/revisions\/67320"}],"wp:attachment":[{"href":"https:\/\/www.fuldaernachrichten.de\/index.php?rest_route=%2Fwp%2Fv2%2Fmedia&parent=67201"}],"wp:term":[{"taxonomy":"category","embeddable":true,"href":"https:\/\/www.fuldaernachrichten.de\/index.php?rest_route=%2Fwp%2Fv2%2Fcategories&post=67201"},{"taxonomy":"post_tag","embeddable":true,"href":"https:\/\/www.fuldaernachrichten.de\/index.php?rest_route=%2Fwp%2Fv2%2Ftags&post=67201"}],"curies":[{"name":"wp","href":"https:\/\/api.w.org\/{rel}","templated":true}]}}