{"id":6720,"date":"2007-12-02T00:31:21","date_gmt":"2007-12-01T23:31:21","guid":{"rendered":"http:\/\/www.schoene-nachrichten.de\/?p=6720"},"modified":"2007-12-02T00:31:21","modified_gmt":"2007-12-01T23:31:21","slug":"gemeinde-poppenhausen-empfing-besuch-aus-andalusien","status":"publish","type":"post","link":"https:\/\/www.fuldaernachrichten.de\/?p=6720","title":{"rendered":"Gemeinde Poppenhausen empfing Besuch aus Andalusien"},"content":{"rendered":"<p><strong><a rel=\"lightbox[roadtrip]\" target=\"_blank\" href=\"http:\/\/www.schoene-nachrichten.de\/wp-content\/uploads\/2007\/12\/071130-spanien.jpg\" title=\"071130-spanien.jpg\"><img decoding=\"async\" align=\"left\" src=\"http:\/\/www.schoene-nachrichten.de\/wp-content\/uploads\/2007\/12\/071130-spanien.thumbnail.jpg\" hspace=\"5\" alt=\"071130-spanien.jpg\" \/><\/a>Sch\u00f6nes aus Poppenhausen.<\/strong> Vor einigen Tagen besuchte Carmen Ramirez aus der Stadt Ronda in Andalusien (Spanien) die Gemeinde Poppenhausen im Biosph\u00e4renreservat Rh\u00f6n. Sie wurde begleitet von der Diplom-\u00dcbersetzerin Beate Engelhardt, die seit einigen Jahren im Poppenhausener Ortsteile Gackenhof lebt. Im Poppenhausener Rathaus fand ein ausf\u00fchrlicher Gedankenaustausch mit B\u00fcrgermeister Manfred Helfrich und der Tourist-Managerin Andrea Speckenheuer statt.<!--more--><\/p>\n<p>Carmen Ramirez engagiert sich in ihrer Heimat im Kooperationsprojekt \u201eTierra Culta\u201c. Ziel dieses Projektes ist es, das nat\u00fcrliche und kulturelle Erbe zu sch\u00fctzen und zu erhalten. Es gehe um die Verbindung und den Zusammenhalt von Land, Natur, Nahrungsmittel, Ern\u00e4hrung, Bildung, Kultur und Tradition. Das Projekt wird von Unternehmen, Vereinen und weiteren ehrenamtlichen Unterst\u00fctzern getragen.\u00c2\u00a0Nach Angaben von\u00c2\u00a0Carmen Ramirez sei es eine der zentralen Sorgen, dass das lokale Reichtum, das \u00fcberlieferte Erbe allm\u00e4hlich verloren gehe.<\/p>\n<p>Die Menschen in der Region, die sich fr\u00fcher durch Landbau und Tierhaltung selbst versorgen konnte, m\u00fcssten wieder den Wert lokal erzeugter Produkte erkennen und sch\u00e4tzen lernen. Auch die Esskultur drohe, verloren zu gehen. Carmen Ramirez gab einen \u00dcberblick \u00fcber ihre Heimatregion.\u00c2\u00a0Ihre Heimatstadt Ronda befinde sich im Bezirk Malaga im S\u00fcdwesten von Spanien, in der Region Andalusien. Ronda habe 36.000 Einwohner, im Umland leben weitere 14.000 Einwohner. Die Region sei gekennzeichnet von zahlreichen kleinen D\u00f6rfern und Wohnsiedlungen, das kleinste Dorf habe nur 175 Einwohner.<\/p>\n<p>Im Bezirk Malaga gebe es acht Provinzhauptst\u00e4dte sowie die K\u00fcstenregion. Hier arbeiten 50 regionale Entwicklungsgruppen, von denen sich bisher acht der Initiative \u201eTierra Culta\u201c angeschlossen h\u00e4tten.\u00c2\u00a0Hier werden F\u00f6rderprojekte zur Regionalentwicklung erarbeitet, die durch F\u00f6rderprogramme der Europ\u00e4ischen Union finanziert werden k\u00f6nnen.<\/p>\n<p>Dabei gehe es weniger um \u00f6ffentliche Ma\u00dfnahmen, sondern vielmehr um private, wirtschaftliche Initiativen zur Wiederherstellung verlorener oder die Weiterentwicklung und St\u00e4rkung vorhandener Infrastruktur. Und dies alles unter Ber\u00fccksichtigung der nat\u00fcrlichen Gegebenheiten, der Tradition und der Kultur.<\/p>\n<p>Das inzwischen ausgelaufene Leader-Plus-F\u00f6rderprogramm der EU sei ein Segen f\u00fcr ihre Heimat gewesen, so Frau Ramirez, die sich um einen weiteren Austausch zwischen \u201eTierra Culta\u201c und dem Biosph\u00e4renreservat Rh\u00f6n bem\u00fcht. Es gebe zahlreiche Schnittstellen, die f\u00fcr beide Regionen wertvolle Erkenntnisse f\u00fcr eine Weiterentwicklung erkennen lassen.<br \/>\nNach der Besprechung im Rathaus fanden einige regionale Initiativen ihr besonderes Interesse: Das Heubett am Grashof, der Biohof-Gensler, Ute\u00c2\u00b4s Saftk\u00fcche und auch der \u201eRh\u00f6ner Charme-Betrieb\u201c Fuldaer Haus auf der Maulkuppe, wo man zum Mittagessen kulinarische K\u00f6stlichkeiten genoss.<\/p>\n<p>B\u00fcrgermeister Manfred Helfrich unterst\u00fctzte gerne und interessiert den gew\u00fcnschten Meinungsaustausch, der M\u00f6glichkeit einer Zusammenarbeit er\u00f6ffnen k\u00f6nne. Die Informationstour durch die Gemeinde Poppenhausen war eine Vorbereitung des geplanten Besuchs einer gr\u00f6\u00dferen Gruppe\u00c2\u00a0aus der Leader-Region Andalusien, die im Fr\u00fchjahr 2008 das Biosph\u00e4renreservat Rh\u00f6n besuchen will.<\/p>\n<p>Zum Foto: v.r.n.l. Tourist-Managerin Andrea Speckenheuer, Carmen Ramirez, B\u00fcrgermeister Manfred Helfrich und Dipl.-\u00dcbersetzerin Beate Engelhardt.<\/p>\n","protected":false},"excerpt":{"rendered":"<div class=\"tmnf_excerpt\"><p>Sch\u00f6nes aus Poppenhausen. Vor einigen Tagen besuchte Carmen Ramirez aus der Stadt Ronda in Andalusien (Spanien) die Gemeinde Poppenhausen im Biosph\u00e4renreservat Rh\u00f6n. Sie wurde begleitet von der Diplom-\u00dcbersetzerin Beate Engelhardt, die seit einigen Jahren im Poppenhausener Ortsteile Gackenhof lebt. Im Poppenhausener Rathaus fand ein ausf\u00fchrlicher Gedankenaustausch mit B\u00fcrgermeister Manfred Helfrich und der Tourist-Managerin Andrea Speckenheuer &hellip;<\/p>\n<\/div>","protected":false},"author":1,"featured_media":0,"comment_status":"closed","ping_status":"closed","sticky":false,"template":"","format":"standard","meta":{"footnotes":""},"categories":[1,52],"tags":[],"class_list":["post-6720","post","type-post","status-publish","format-standard","hentry","category-startseite","category-umwelt"],"_links":{"self":[{"href":"https:\/\/www.fuldaernachrichten.de\/index.php?rest_route=\/wp\/v2\/posts\/6720","targetHints":{"allow":["GET"]}}],"collection":[{"href":"https:\/\/www.fuldaernachrichten.de\/index.php?rest_route=\/wp\/v2\/posts"}],"about":[{"href":"https:\/\/www.fuldaernachrichten.de\/index.php?rest_route=\/wp\/v2\/types\/post"}],"author":[{"embeddable":true,"href":"https:\/\/www.fuldaernachrichten.de\/index.php?rest_route=\/wp\/v2\/users\/1"}],"replies":[{"embeddable":true,"href":"https:\/\/www.fuldaernachrichten.de\/index.php?rest_route=%2Fwp%2Fv2%2Fcomments&post=6720"}],"version-history":[{"count":0,"href":"https:\/\/www.fuldaernachrichten.de\/index.php?rest_route=\/wp\/v2\/posts\/6720\/revisions"}],"wp:attachment":[{"href":"https:\/\/www.fuldaernachrichten.de\/index.php?rest_route=%2Fwp%2Fv2%2Fmedia&parent=6720"}],"wp:term":[{"taxonomy":"category","embeddable":true,"href":"https:\/\/www.fuldaernachrichten.de\/index.php?rest_route=%2Fwp%2Fv2%2Fcategories&post=6720"},{"taxonomy":"post_tag","embeddable":true,"href":"https:\/\/www.fuldaernachrichten.de\/index.php?rest_route=%2Fwp%2Fv2%2Ftags&post=6720"}],"curies":[{"name":"wp","href":"https:\/\/api.w.org\/{rel}","templated":true}]}}