{"id":67085,"date":"2010-08-17T03:58:39","date_gmt":"2010-08-17T01:58:39","guid":{"rendered":"http:\/\/www.fuldaer-nachrichten.de\/?p=67085"},"modified":"2010-08-17T07:59:10","modified_gmt":"2010-08-17T05:59:10","slug":"zeltlager-der-schoenstatt-mannesjugend-unter-dem-lagermotto-starker-wind-wir-setzen-segel","status":"publish","type":"post","link":"https:\/\/www.fuldaernachrichten.de\/?p=67085","title":{"rendered":"Zeltlager der Sch\u00f6nstatt-Mannesjugend unter dem Lagermotto &#8220;Starker Wind \u2013 Wir setzen Segel!&#8221;"},"content":{"rendered":"<p><strong>Hausen<\/strong>. In den Sommerferien 2010 hie\u00df es vom 3. bis 14. August: \u201eSchiff ahoi!\u201c. Auf dem Zeltplatz Am Reith in Hausen\/Rh\u00f6n waren knapp 30 Mann im Zeltlager der Sch\u00f6nstatt-Mannesjugend (SMJ) im Bistum Fulda unter dem Lagermotto Starker Wind \u2013 Wir setzen Segel! in See gestochen. In den zw\u00f6lf Tagen auf See gab es neben vielen Spielen und spannenden Abenteuern auch inhaltliche Programmpunkte: In Referaten und Gruppenstunden wurden den Matrosen christliche Glaubensinhalte auf Basis der Sch\u00f6nstatt-P\u00e4dagogik vermittelt.<\/p>\n<p><a href=\"http:\/\/www.fuldaer-nachrichten.de\/wp-content\/uploads\/2010\/08\/100816_Zeltlager4.jpg\"><img fetchpriority=\"high\" decoding=\"async\" class=\"alignnone size-medium wp-image-67090\" title=\"100816_Zeltlager4\" src=\"http:\/\/www.fuldaer-nachrichten.de\/wp-content\/uploads\/2010\/08\/100816_Zeltlager4-265x198.jpg\" alt=\"\" width=\"265\" height=\"198\" srcset=\"https:\/\/www.fuldaernachrichten.de\/wp-content\/uploads\/2010\/08\/100816_Zeltlager4-265x198.jpg 265w, https:\/\/www.fuldaernachrichten.de\/wp-content\/uploads\/2010\/08\/100816_Zeltlager4.jpg 600w\" sizes=\"(max-width: 265px) 100vw, 265px\" \/><\/a> <a href=\"http:\/\/www.fuldaer-nachrichten.de\/wp-content\/uploads\/2010\/08\/100816_Zeltlager5.jpg\"><img decoding=\"async\" class=\"alignnone size-medium wp-image-67091\" title=\"100816_Zeltlager5\" src=\"http:\/\/www.fuldaer-nachrichten.de\/wp-content\/uploads\/2010\/08\/100816_Zeltlager5-265x198.jpg\" alt=\"\" width=\"265\" height=\"198\" srcset=\"https:\/\/www.fuldaernachrichten.de\/wp-content\/uploads\/2010\/08\/100816_Zeltlager5-265x198.jpg 265w, https:\/\/www.fuldaernachrichten.de\/wp-content\/uploads\/2010\/08\/100816_Zeltlager5.jpg 600w\" sizes=\"(max-width: 265px) 100vw, 265px\" \/><\/a><!--more-->Geleitet wurde das Lager von Kapit\u00e4n Tobias B\u00fcdel mit seinem Ersten Offizier Klaus Schmitt und dem Schiffspriester Pfarrer Ullrich Sch\u00e4fer, sowie zehn weiteren Offizieren und Komb\u00fcsenpersonal. Die 9- bis 14- J\u00e4hrigen Jungen waren in vier Kaj\u00fcten unter den Kommandos von Thomas Limbach, Philipp M\u00fcller und Christian und Christoph Schopp eingeteilt.<\/p>\n<p>Ein Highlight war sicher die Zwei-Tagestour, bei der die vier Gruppen einzeln zur Erkundung  von jeweils einer von vier gesichteten Inseln ausgesandt wurden und einen ganzen Tagesmarsch bis dorthin ben\u00f6tigten. Dort angekommen hie\u00df es, sich eine Unterkunft f\u00fcr die Nacht zu organisieren, bevor es am n\u00e4chsten Tag wieder zur\u00fcck an Bord ging.<\/p>\n<p><a href=\"http:\/\/www.fuldaer-nachrichten.de\/wp-content\/uploads\/2010\/08\/100816_Zeltlager6.jpg\"><img decoding=\"async\" class=\"alignnone size-medium wp-image-67092\" title=\"100816_Zeltlager6\" src=\"http:\/\/www.fuldaer-nachrichten.de\/wp-content\/uploads\/2010\/08\/100816_Zeltlager6-265x198.jpg\" alt=\"\" width=\"265\" height=\"198\" srcset=\"https:\/\/www.fuldaernachrichten.de\/wp-content\/uploads\/2010\/08\/100816_Zeltlager6-265x198.jpg 265w, https:\/\/www.fuldaernachrichten.de\/wp-content\/uploads\/2010\/08\/100816_Zeltlager6.jpg 600w\" sizes=\"(max-width: 265px) 100vw, 265px\" \/><\/a> <a href=\"http:\/\/www.fuldaer-nachrichten.de\/wp-content\/uploads\/2010\/08\/100816_Zeltlager1.jpg\"><img loading=\"lazy\" decoding=\"async\" class=\"alignnone size-medium wp-image-67093\" title=\"100816_Zeltlager1\" src=\"http:\/\/www.fuldaer-nachrichten.de\/wp-content\/uploads\/2010\/08\/100816_Zeltlager1-265x198.jpg\" alt=\"\" width=\"265\" height=\"198\" srcset=\"https:\/\/www.fuldaernachrichten.de\/wp-content\/uploads\/2010\/08\/100816_Zeltlager1-265x198.jpg 265w, https:\/\/www.fuldaernachrichten.de\/wp-content\/uploads\/2010\/08\/100816_Zeltlager1.jpg 600w\" sizes=\"(max-width: 265px) 100vw, 265px\" \/><\/a><\/p>\n<p>Auch das Tagesspiel fand viel Begeisterung, wo die Jungs vom Kapit\u00e4n in einzelnen Gruppen losgeschickt wurden, um m\u00f6glichst viele Abzeichen zum Beweis ihrer Seetauglichkeit zu sammeln. Dabei konnten bei den als verschiedene Seeleute verkleideten Betreuern Gegenst\u00e4nde gehandelt und Aufgaben gel\u00f6st werden. Auch zwei Piraten trieben ihr Unheil und so konnte ein gerade erfolgreich ergattertes Abzeichen abhandenkommen oder teuer verdientes Gold ging beim Gl\u00fcckspiel verloren. Daneben standen auch Stationslauf, Nachtwanderung, Schiffsolympiade, Schwimmbad und nat\u00fcrlich die abendliche Lagerfeuerrunde auf dem Programm. Am Sonntag hatte die gesamte Mannschaft Landgang und fuhr mit einer historischen Dampfeisenbahn nach Ostheim zum Minigolf-Platz.<\/p>\n<p><a href=\"http:\/\/www.fuldaer-nachrichten.de\/wp-content\/uploads\/2010\/08\/100816_Zeltlager3.jpg\"><img loading=\"lazy\" decoding=\"async\" class=\"alignnone size-medium wp-image-67095\" title=\"100816_Zeltlager3\" src=\"http:\/\/www.fuldaer-nachrichten.de\/wp-content\/uploads\/2010\/08\/100816_Zeltlager3-265x198.jpg\" alt=\"\" width=\"265\" height=\"198\" srcset=\"https:\/\/www.fuldaernachrichten.de\/wp-content\/uploads\/2010\/08\/100816_Zeltlager3-265x198.jpg 265w, https:\/\/www.fuldaernachrichten.de\/wp-content\/uploads\/2010\/08\/100816_Zeltlager3.jpg 600w\" sizes=\"(max-width: 265px) 100vw, 265px\" \/><\/a> <a href=\"http:\/\/www.fuldaer-nachrichten.de\/wp-content\/uploads\/2010\/08\/100816_Zeltlager2.jpg\"><img loading=\"lazy\" decoding=\"async\" class=\"alignnone size-medium wp-image-67094\" title=\"100816_Zeltlager2\" src=\"http:\/\/www.fuldaer-nachrichten.de\/wp-content\/uploads\/2010\/08\/100816_Zeltlager2-265x198.jpg\" alt=\"\" width=\"265\" height=\"198\" srcset=\"https:\/\/www.fuldaernachrichten.de\/wp-content\/uploads\/2010\/08\/100816_Zeltlager2-265x198.jpg 265w, https:\/\/www.fuldaernachrichten.de\/wp-content\/uploads\/2010\/08\/100816_Zeltlager2.jpg 600w\" sizes=\"(max-width: 265px) 100vw, 265px\" \/><\/a><\/p>\n<p>Gleich in der zweiten Nacht traf die Mannschaft auf ein Piratenschiff unter dem Kommando von Kapit\u00e4n Lumumba und musste durch mehrere kleinere Aufgaben die Freundin unseres Kapit\u00e4ns aus der Gefangenschaft der Piraten befreien. Im weiteren Verlauf der Nacht wurde unser Schiff von weiteren Piraten aus Lumumbas Bande \u00fcberfallen und erlitt durch den Verlust zweier Fahnen und der Marienikone eine heftige Niederlage.<\/p>\n<p>Durch den aufmerksamen Einsatz der Nachtwache konnten die folgenden sechs Piraten-\u00dcberf\u00e4lle im Lauf unserer Reise erfolgreich abgewehrt werden und andere Piratenbanden konnte nichts Nennenswertes mehr erbeuten.<\/p>\n<p>Am Ende der Reise lief das Schiff wieder in den Heimathafen ein und die Matrosen wurden von ihren Eltern abgeholt. Zusammen mit Eltern und Offizieren feierte man am Samstag ein gro\u00dfes Abschiedsfest mit Heiliger Messe, Mittagessen und Schiffszirkus. Hier fand auch die Ehrung von guten Leistungen in zahlreichen Wettbewerben statt, wobei den Sieg des herausragenden Gemeinschaftswettbewerbs die Kaj\u00fcte von Philipp M\u00fcller f\u00fcr sich beanspruchen konnte. Nach zw\u00f6lf Tagen war die gesamte Besatzung sichtlich ersch\u00f6pft aber begeistert von einer sch\u00f6nen Zeit voller neuer Erfahrungen auf der abenteuerlichen Reise.<\/p>\n","protected":false},"excerpt":{"rendered":"<div class=\"tmnf_excerpt\"><p>Hausen. In den Sommerferien 2010 hie\u00df es vom 3. bis 14. August: \u201eSchiff ahoi!\u201c. Auf dem Zeltplatz Am Reith in Hausen\/Rh\u00f6n waren knapp 30 Mann im Zeltlager der Sch\u00f6nstatt-Mannesjugend (SMJ) im Bistum Fulda unter dem Lagermotto Starker Wind \u2013 Wir setzen Segel! in See gestochen. In den zw\u00f6lf Tagen auf See gab es neben vielen &hellip;<\/p>\n<\/div>","protected":false},"author":1,"featured_media":0,"comment_status":"closed","ping_status":"closed","sticky":false,"template":"","format":"standard","meta":{"footnotes":""},"categories":[1,72,50],"tags":[],"class_list":["post-67085","post","type-post","status-publish","format-standard","hentry","category-startseite","category-jugend","category-kirche"],"_links":{"self":[{"href":"https:\/\/www.fuldaernachrichten.de\/index.php?rest_route=\/wp\/v2\/posts\/67085","targetHints":{"allow":["GET"]}}],"collection":[{"href":"https:\/\/www.fuldaernachrichten.de\/index.php?rest_route=\/wp\/v2\/posts"}],"about":[{"href":"https:\/\/www.fuldaernachrichten.de\/index.php?rest_route=\/wp\/v2\/types\/post"}],"author":[{"embeddable":true,"href":"https:\/\/www.fuldaernachrichten.de\/index.php?rest_route=\/wp\/v2\/users\/1"}],"replies":[{"embeddable":true,"href":"https:\/\/www.fuldaernachrichten.de\/index.php?rest_route=%2Fwp%2Fv2%2Fcomments&post=67085"}],"version-history":[{"count":6,"href":"https:\/\/www.fuldaernachrichten.de\/index.php?rest_route=\/wp\/v2\/posts\/67085\/revisions"}],"predecessor-version":[{"id":67145,"href":"https:\/\/www.fuldaernachrichten.de\/index.php?rest_route=\/wp\/v2\/posts\/67085\/revisions\/67145"}],"wp:attachment":[{"href":"https:\/\/www.fuldaernachrichten.de\/index.php?rest_route=%2Fwp%2Fv2%2Fmedia&parent=67085"}],"wp:term":[{"taxonomy":"category","embeddable":true,"href":"https:\/\/www.fuldaernachrichten.de\/index.php?rest_route=%2Fwp%2Fv2%2Fcategories&post=67085"},{"taxonomy":"post_tag","embeddable":true,"href":"https:\/\/www.fuldaernachrichten.de\/index.php?rest_route=%2Fwp%2Fv2%2Ftags&post=67085"}],"curies":[{"name":"wp","href":"https:\/\/api.w.org\/{rel}","templated":true}]}}