{"id":67064,"date":"2010-08-17T04:55:58","date_gmt":"2010-08-17T02:55:58","guid":{"rendered":"http:\/\/www.fuldaer-nachrichten.de\/?p=67064"},"modified":"2010-08-17T07:56:17","modified_gmt":"2010-08-17T05:56:17","slug":"neun-monate-freiwilligendienst-in-uganda-fsmda-rueckkehrer-informieren-neue","status":"publish","type":"post","link":"https:\/\/www.fuldaernachrichten.de\/?p=67064","title":{"rendered":"Neun Monate Freiwilligendienst in Uganda \u2013 FSMDA-R\u00fcckkehrer informieren \u201eNeue\u201c"},"content":{"rendered":"<p><strong>Fulda.<\/strong> \u201eAls ich im Juni nach 9 Monaten Uganda wieder zu Hause ankam, war ich auch froh, aber wenn wir jetzt den Neuen Jahrgang auf seinen Dienst mit vorbereiten, m\u00f6chte ich am liebsten gleich wieder mit nach Afrika fliegen\u201c, so Julia Menz (20) aus Karben bei Frankfurt, eine der 7 Ehemaligen, die das letzte Vorbereitungsseminar f\u00fcr den neuen FSMDA-Jahrgang (Freiwilliger Sozialer und Missionarischer Dienst im Ausland) im Partnerbistum Hoima, in Uganda, ma\u00dfgeblich gestaltet haben. Neben einer kleinen Vokabelliste zur Einf\u00fchrung in die Stammessprache Runjoro erl\u00e4uterten die \u201eAlten\u201c den \u201eNeuen\u201c anhand von Fotos, Videoclips und Gegenst\u00e4nden das Leben in Uganda in Pfarrei-, Familien- und Arbeitssituationen. Auch wurde sich offen \u00fcber \u201erealistische M\u00f6glichkeitsvorstellungen eines Freiwilligendienstes\u201c ausgetauscht.<\/p>\n<p><a href=\"http:\/\/www.fuldaer-nachrichten.de\/wp-content\/uploads\/2010\/08\/100816_Uganda1.jpg\"><img fetchpriority=\"high\" decoding=\"async\" class=\"alignnone size-medium wp-image-67066\" title=\"100816_Uganda1\" src=\"http:\/\/www.fuldaer-nachrichten.de\/wp-content\/uploads\/2010\/08\/100816_Uganda1-265x198.jpg\" alt=\"\" width=\"265\" height=\"198\" srcset=\"https:\/\/www.fuldaernachrichten.de\/wp-content\/uploads\/2010\/08\/100816_Uganda1-265x198.jpg 265w, https:\/\/www.fuldaernachrichten.de\/wp-content\/uploads\/2010\/08\/100816_Uganda1.jpg 600w\" sizes=\"(max-width: 265px) 100vw, 265px\" \/><\/a> <a href=\"http:\/\/www.fuldaer-nachrichten.de\/wp-content\/uploads\/2010\/08\/100816_Uganda2.jpg\"><img decoding=\"async\" class=\"alignnone size-medium wp-image-67067\" title=\"100816_Uganda2\" src=\"http:\/\/www.fuldaer-nachrichten.de\/wp-content\/uploads\/2010\/08\/100816_Uganda2-265x198.jpg\" alt=\"\" width=\"265\" height=\"198\" srcset=\"https:\/\/www.fuldaernachrichten.de\/wp-content\/uploads\/2010\/08\/100816_Uganda2-265x198.jpg 265w, https:\/\/www.fuldaernachrichten.de\/wp-content\/uploads\/2010\/08\/100816_Uganda2.jpg 600w\" sizes=\"(max-width: 265px) 100vw, 265px\" \/><\/a><!--more-->Bei einer Exkursion in das Caritas-Taubblindenheim in Hilders wurde in eine ganz andere Welt der Sinneswahrnehmung eingetaucht und \u00fcber eine \u00e4hnliche Herausforderung nachgedacht, die einem auch beim Hineindenken in eine ganz andere Kultur begegnet. Besonders wurde das Thema \u201eUmgang mit Behinderungen in den verschiedenen L\u00e4ndern\u201c besprochen. Der Di\u00f6zesandirektor f\u00fcr die Missionswerke, Apostolischer Protonotar Pr\u00e4lat Dr. Lucian Lamza meinte nach den Ausf\u00fchrungen der R\u00fcckkehrer \u201eEs beeindruckt mich sehr, wie reflektiert und offen unsere jungen Erwachsene ihre Erfahrungen in den verschiedenen Lebensbereichen beschreiben, gerade auch f\u00fcr ihr Leben als Christen.\u201c<\/p>\n<p>\u201eNeben der Dynamik und Bandbreite dieses jungen Dienstes in unserem Bistum begeistert mich besonders die pers\u00f6nliche Entwicklung der Freiwilligen w\u00e4hrend der sehr intensiven Zeit der Vorbereitung, Durchf\u00fchrung und Nachbereitung des FSMDA von insgesamt \u00fcber 2 Jahren mit zu erleben und zu begleiten.\u201c, so Thomas Bretz, Referent f\u00fcr Neuevangelisierung im Seelsorgeamt und Koordinator des FSMDA im Bistum. \u201eJunge Erwachsene suchen verst\u00e4rkt nach entwicklungspolitischen Freiwilligendiensten, \u00fcber 3500 wurden im letzten Jahr von verschiedensten deutschen Organisationen entsandt. Dieses Engagement aufzugreifen ist eine gro\u00dfe pastorale Chance und Anfrage, dass auch wir als Weltkirche profilierte Angebote machen und damit auch Raum f\u00fcr Gottesbegegnungen schaffen.\u201c, so Bretz weiter.<\/p>\n<p>Die zur Zeit im Bistum Fulda t\u00e4tigen Priester aus der Di\u00f6zese Hoima haben engagiert bei den Vorbereitungskursen mitgewirkt. \u201eDanke, dass nun schon der dritte Jahrgang von jungen Erwachsenen zum Segen f\u00fcr unsere Pfarreien in Uganda sein wird\u201c, so Pfr. Deogratias Serunjogi, aus Eichenzell-B\u00fcchenberg.<\/p>\n<p>Dem \u201ealten\u201c FSMDA Jahrgang, f\u00fcr den es gleichzeitig der letzte Nachbereitungskurs ihres Freiwilligendienstes war, gab Pfr. i. R. Eugen Kutzka aus H\u00fcnfeld, der sich u.a. auch f\u00fcr den FSMDA engagiert, bei der gemeinsamen Messe im Kapellchen des Sch\u00f6nstattzentrums in Dietershausen mit auf den Weg: \u201eWas euch in den vergangenen Monaten in eurem pers\u00f6nlichen Glauben gest\u00e4rkt hat, das nehmt mit auf euren weiteren Lebensweg und seid auch weiterhin als Licht und kleine Missionare in unserer Kirche und der Gesellschaft unterwegs.\u201c<\/p>\n<p>Der missio-Referent und FSMDA-Verantwortliche Sturmius Schneider wird die Einf\u00fchrungswoche der neuen Freiwilligen in Uganda koordinieren. Die Aussendungsmesse der 8 jungen Erwachsenen findet am Montag, 30. August um 14.30 Uhr in der Klosterkirche am Frauenberg in Fulda statt. Herzliche Einladung an alle Interessierte dieses Freiwilligendienstes.<\/p>\n<p>\u201eIch bin jetzt so gespannt auf Uganda und kann unsere Ausreise gar nicht mehr abwarten\u201c, sagt Moritz Becker aus Poppenhausen, der mit dem FSMDA seinen Zivildienst leistet, am Ende seines letzten Vorbereitungsseminars.<\/p>\n","protected":false},"excerpt":{"rendered":"<div class=\"tmnf_excerpt\"><p>Fulda. \u201eAls ich im Juni nach 9 Monaten Uganda wieder zu Hause ankam, war ich auch froh, aber wenn wir jetzt den Neuen Jahrgang auf seinen Dienst mit vorbereiten, m\u00f6chte ich am liebsten gleich wieder mit nach Afrika fliegen\u201c, so Julia Menz (20) aus Karben bei Frankfurt, eine der 7 Ehemaligen, die das letzte Vorbereitungsseminar &hellip;<\/p>\n<\/div>","protected":false},"author":1,"featured_media":0,"comment_status":"closed","ping_status":"closed","sticky":false,"template":"","format":"standard","meta":{"footnotes":""},"categories":[1,50],"tags":[],"class_list":["post-67064","post","type-post","status-publish","format-standard","hentry","category-startseite","category-kirche"],"_links":{"self":[{"href":"https:\/\/www.fuldaernachrichten.de\/index.php?rest_route=\/wp\/v2\/posts\/67064","targetHints":{"allow":["GET"]}}],"collection":[{"href":"https:\/\/www.fuldaernachrichten.de\/index.php?rest_route=\/wp\/v2\/posts"}],"about":[{"href":"https:\/\/www.fuldaernachrichten.de\/index.php?rest_route=\/wp\/v2\/types\/post"}],"author":[{"embeddable":true,"href":"https:\/\/www.fuldaernachrichten.de\/index.php?rest_route=\/wp\/v2\/users\/1"}],"replies":[{"embeddable":true,"href":"https:\/\/www.fuldaernachrichten.de\/index.php?rest_route=%2Fwp%2Fv2%2Fcomments&post=67064"}],"version-history":[{"count":4,"href":"https:\/\/www.fuldaernachrichten.de\/index.php?rest_route=\/wp\/v2\/posts\/67064\/revisions"}],"predecessor-version":[{"id":67142,"href":"https:\/\/www.fuldaernachrichten.de\/index.php?rest_route=\/wp\/v2\/posts\/67064\/revisions\/67142"}],"wp:attachment":[{"href":"https:\/\/www.fuldaernachrichten.de\/index.php?rest_route=%2Fwp%2Fv2%2Fmedia&parent=67064"}],"wp:term":[{"taxonomy":"category","embeddable":true,"href":"https:\/\/www.fuldaernachrichten.de\/index.php?rest_route=%2Fwp%2Fv2%2Fcategories&post=67064"},{"taxonomy":"post_tag","embeddable":true,"href":"https:\/\/www.fuldaernachrichten.de\/index.php?rest_route=%2Fwp%2Fv2%2Ftags&post=67064"}],"curies":[{"name":"wp","href":"https:\/\/api.w.org\/{rel}","templated":true}]}}