{"id":67047,"date":"2010-08-17T01:54:55","date_gmt":"2010-08-16T23:54:55","guid":{"rendered":"http:\/\/www.fuldaer-nachrichten.de\/?p=67047"},"modified":"2010-08-17T07:55:07","modified_gmt":"2010-08-17T05:55:07","slug":"exkursion-in-sachen-deutsche-geschichte-azubis-der-caritas-in-buchenwald-und-weimar","status":"publish","type":"post","link":"https:\/\/www.fuldaernachrichten.de\/?p=67047","title":{"rendered":"Exkursion in Sachen deutsche Geschichte \u2013 Azubis der Caritas in Buchenwald und Weimar"},"content":{"rendered":"<p><a href=\"http:\/\/www.fuldaer-nachrichten.de\/wp-content\/uploads\/2010\/08\/100816_Buchenwald.jpg\"><img decoding=\"async\" class=\"alignnone size-medium wp-image-67050\" title=\"100816_CaritasAzubis\" src=\"http:\/\/www.fuldaer-nachrichten.de\/wp-content\/uploads\/2010\/08\/100816_Buchenwald-265x176.jpg\" alt=\"\" hspace=\"5\" width=\"265\" height=\"176\" align=\"left\" srcset=\"https:\/\/www.fuldaernachrichten.de\/wp-content\/uploads\/2010\/08\/100816_Buchenwald-265x176.jpg 265w, https:\/\/www.fuldaernachrichten.de\/wp-content\/uploads\/2010\/08\/100816_Buchenwald.jpg 600w\" sizes=\"(max-width: 265px) 100vw, 265px\" \/><\/a><strong>Fulda, Weimar<\/strong> (cif). Nachdem im Fr\u00fchsommer die Auszubildenden und Jahrespraktikantinnen bzw. Praktikanten der Caritas mit polnischen ehemaligen KZ-Insassen zu einem Zeitzeugengespr\u00e4ch im Fuldaer Caritas-Haus zusammen gekommen waren, hatte Di\u00f6zesancaritasdirektor Dr. Markus Juch angesichts des positiven Echos der jungen Mitarbeiter auf diese Gespr\u00e4chsrunde angeregt, diesen Exkurs in einen dunklen Abschnitt der deutschen Vergangenheit mit einem Besuch im ehemaligen Konzentrationslager Buchenwald in Th\u00fcringen zu erg\u00e4nzen. Nachdem die Mitarbeitervertretung (MAV) diesen Ausflug organisiert hatte, konnte man jetzt mit 18 Personen \u2013 Auszubildenden aus drei Jahrg\u00e4ngen, zwei Jahrespraktikantinnen, MAV-Vertreterin Carola M\u00fcller, den beiden Ausbildungsverantwortlichen des Verbandes, Werner Jahn und Christoph Hosenfeld, sowie Caritasdirektor Dr. Juch \u2013 den Besuch in Buchenwald durchf\u00fchren. <!--more--><\/p>\n<p>Die jugendlichen Caritas-Mitarbeiter zeigten sich von der F\u00fchrung durch das Arreal des KZ mit dem Gang \u00fcber das ehemalige Lagergel\u00e4nde, der Besichtigung der Arresteinzelzellen sowie des Krematoriums tief bewegt. Selbst mit dem Abstand von mittlerweile mehr als 65 Jahren schlage \u2013 so formulierte es eine der Auszubildenden \u2013 das Geh\u00f6rte und Gesehene einem noch heute regelrecht auf den Magen. In Erinnerung an diesen gemeinsamen Geschichts-Ausflug \u00fcberrreichte Christoph Hosenfeld im Namen der Initiatoren jedem der jungen Teilnehmer ein autobiografisches Buch des Franzosen Jacques Lusseyran, der trotz seiner Blindheit aktiver Widerst\u00e4ndler und einige Zeit in Buchenwald arrestiert war.<\/p>\n<p>Der anschlie\u00dfende Besuch in der Innenstadt von Weimar sollte, so formulierte es Dr. Markus Juch, den Ausflug vers\u00f6hnlich abrunden und den Auszubildenden auch die andere Seite dieser bedeutenden Kulturstadt und Heimat Schillers und Goethes vermitteln.Nach dem gelungenen Ausflug soll eine solche \u201eExkursion mit Lehrkomponente\u201c zuk\u00fcnftig regelm\u00e4\u00dfig f\u00fcr die jungen Mitarbeiter der Caritas im Rahmen ihrer Ausbildung angeboten werden.<\/p>\n","protected":false},"excerpt":{"rendered":"<div class=\"tmnf_excerpt\"><p>Fulda, Weimar (cif). Nachdem im Fr\u00fchsommer die Auszubildenden und Jahrespraktikantinnen bzw. Praktikanten der Caritas mit polnischen ehemaligen KZ-Insassen zu einem Zeitzeugengespr\u00e4ch im Fuldaer Caritas-Haus zusammen gekommen waren, hatte Di\u00f6zesancaritasdirektor Dr. Markus Juch angesichts des positiven Echos der jungen Mitarbeiter auf diese Gespr\u00e4chsrunde angeregt, diesen Exkurs in einen dunklen Abschnitt der deutschen Vergangenheit mit einem Besuch &hellip;<\/p>\n<\/div>","protected":false},"author":1,"featured_media":0,"comment_status":"closed","ping_status":"closed","sticky":false,"template":"","format":"standard","meta":{"footnotes":""},"categories":[1,29],"tags":[],"class_list":["post-67047","post","type-post","status-publish","format-standard","hentry","category-startseite","category-politik"],"_links":{"self":[{"href":"https:\/\/www.fuldaernachrichten.de\/index.php?rest_route=\/wp\/v2\/posts\/67047","targetHints":{"allow":["GET"]}}],"collection":[{"href":"https:\/\/www.fuldaernachrichten.de\/index.php?rest_route=\/wp\/v2\/posts"}],"about":[{"href":"https:\/\/www.fuldaernachrichten.de\/index.php?rest_route=\/wp\/v2\/types\/post"}],"author":[{"embeddable":true,"href":"https:\/\/www.fuldaernachrichten.de\/index.php?rest_route=\/wp\/v2\/users\/1"}],"replies":[{"embeddable":true,"href":"https:\/\/www.fuldaernachrichten.de\/index.php?rest_route=%2Fwp%2Fv2%2Fcomments&post=67047"}],"version-history":[{"count":6,"href":"https:\/\/www.fuldaernachrichten.de\/index.php?rest_route=\/wp\/v2\/posts\/67047\/revisions"}],"predecessor-version":[{"id":67139,"href":"https:\/\/www.fuldaernachrichten.de\/index.php?rest_route=\/wp\/v2\/posts\/67047\/revisions\/67139"}],"wp:attachment":[{"href":"https:\/\/www.fuldaernachrichten.de\/index.php?rest_route=%2Fwp%2Fv2%2Fmedia&parent=67047"}],"wp:term":[{"taxonomy":"category","embeddable":true,"href":"https:\/\/www.fuldaernachrichten.de\/index.php?rest_route=%2Fwp%2Fv2%2Fcategories&post=67047"},{"taxonomy":"post_tag","embeddable":true,"href":"https:\/\/www.fuldaernachrichten.de\/index.php?rest_route=%2Fwp%2Fv2%2Ftags&post=67047"}],"curies":[{"name":"wp","href":"https:\/\/api.w.org\/{rel}","templated":true}]}}