{"id":67035,"date":"2010-08-17T01:57:03","date_gmt":"2010-08-16T23:57:03","guid":{"rendered":"http:\/\/www.fuldaer-nachrichten.de\/?p=67035"},"modified":"2010-08-17T07:57:49","modified_gmt":"2010-08-17T05:57:49","slug":"kinderbetreuung-als-zukunftsinvestition-regierungspraesident-luebcke-uebergab-foerderbescheide","status":"publish","type":"post","link":"https:\/\/www.fuldaernachrichten.de\/?p=67035","title":{"rendered":"Kinderbetreuung als Zukunftsinvestition &#8211; Regierungspr\u00e4sident L\u00fcbcke \u00fcbergab F\u00f6rderbescheide"},"content":{"rendered":"<p><strong>Poppenhausen\/N\u00fcsttal\/Tann.<\/strong> Kinderbetreuungseinrichtungen sind ein wichtiger Standortfaktor, der f\u00fcr die Zukunftsf\u00e4higkeit und Lebensqualit\u00e4t im l\u00e4ndlichen Raum immer mehr an Bedeutung gewinnt. So betrachtet war der Besuch des Regierungspr\u00e4sidenten Dr. Walter L\u00fcbcke, der am vergangenen Freitag F\u00f6rderbescheide in einer Gr\u00f6\u00dfenordnung von 750.000 Euro \u00fcberreichte, ein freudiges Ereignis gerade f\u00fcr junge Familien in der Region. Die Mittel stammen aus dem Bundesprogramm zur Schaffung von Betreuungspl\u00e4tzen f\u00fcr unter Dreij\u00e4hrige (U3), aus dem der Landkreis Fulda bislang 4,2 Millionen Euro erhalten hat.<\/p>\n<p><a href=\"http:\/\/www.fuldaer-nachrichten.de\/wp-content\/uploads\/2010\/08\/100816_Scheck\u00fcbergabe1.jpg\"><img decoding=\"async\" class=\"alignnone size-medium wp-image-67037\" title=\"100816_Scheck\u00fcbergabe1\" src=\"http:\/\/www.fuldaer-nachrichten.de\/wp-content\/uploads\/2010\/08\/100816_Scheck\u00fcbergabe1-265x177.jpg\" alt=\"\" width=\"265\" height=\"177\" \/><\/a> <a href=\"http:\/\/www.fuldaer-nachrichten.de\/wp-content\/uploads\/2010\/08\/100816_Scheck\u00fcbergabe2.jpg\"><img decoding=\"async\" class=\"alignnone size-medium wp-image-67038\" title=\"100816_Scheck\u00fcbergabe2\" src=\"http:\/\/www.fuldaer-nachrichten.de\/wp-content\/uploads\/2010\/08\/100816_Scheck\u00fcbergabe2-265x176.jpg\" alt=\"\" width=\"265\" height=\"176\" \/><\/a><!--more-->Den Auftakt bildete die Gemeinde N\u00fcsttal. Im Ortsteil Hofaschenbach wird der katholische Kindergarten um eine U3-Gruppe erweitert, die zur Jahreswende er\u00f6ffnet werden soll. In Begleitung des Ersten Kreisbeigeordneten Dr. Heiko Wingenfeld \u00fcberreichte Regierungspr\u00e4sident Dr. L\u00fcbcke einen Zuwendungsbescheid \u00fcber 150.000 Euro an den Ersten Beigeordneten der Gemeinde, Matthias Fl\u00fcgel, der -urlaubsbedingt- B\u00fcrgermeister Hermann Trabert vertrat. W\u00e4hrend Regierungspr\u00e4sident Dr. L\u00fcbcke auf die gute wirtschaftliche Entwicklung in Osthessen hinwies, betonte Vize-Landrat Dr. Wingenfeld, dass es gerade in N\u00fcsttal als j\u00fcngster Gemeinde im Landkreis Sinn mache, in Betreuungseinrichtungen zu investieren.<\/p>\n<p>In Poppenhausen wurde eine Kinderkrippe mit zwei Gruppen und zwanzig Pl\u00e4tzen \u00fcberge-ben. In das Projekt sind 300.000  Euro aus dem Bundesprogramm geflossen. B\u00fcrgermeister Manfred Helfrich, der den Eigenanteil der Gemeinde bei Gesamtkosten von 540.000 Euro auf 125.000 Euro bezifferte, verspricht sich von der Kinderkrippe \u201eDas Entdeckernest\u201c eine weitere Belebung des Ortskerns. Obwohl nach Aussage von Dr. L\u00fcbcke die beste Erziehung nach wie vor im Elternhaus stattfinde, seien zus\u00e4tzliche Betreuungsangebote notwendig. \u201eDie Gesellschaft wandelt sich.\u201c Dr. Wingenfeld erg\u00e4nzte, dass Eltern die Wahlfreiheit haben m\u00fcssten, ob sie Kinder zu Hause betreuen oder au\u00dferh\u00e4usliche Angebote nutzen wollten.<\/p>\n<p>Letzte Station des Besuchsprogramms von Regierungspr\u00e4sident Dr. L\u00fcbcke war die Stadt Tann. Im Ortsteil Schlitzenhausen laufen die Vorarbeiten f\u00fcr die Erweiterung des evangelischen Kindergartens um zwei Gruppen und zwanzig Pl\u00e4tze f\u00fcr unter Dreij\u00e4hrige auf Hochtouren. Der Bund beteiligt sich ebenfalls mit 300.000 Euro.<\/p>\n","protected":false},"excerpt":{"rendered":"<div class=\"tmnf_excerpt\"><p>Poppenhausen\/N\u00fcsttal\/Tann. Kinderbetreuungseinrichtungen sind ein wichtiger Standortfaktor, der f\u00fcr die Zukunftsf\u00e4higkeit und Lebensqualit\u00e4t im l\u00e4ndlichen Raum immer mehr an Bedeutung gewinnt. So betrachtet war der Besuch des Regierungspr\u00e4sidenten Dr. Walter L\u00fcbcke, der am vergangenen Freitag F\u00f6rderbescheide in einer Gr\u00f6\u00dfenordnung von 750.000 Euro \u00fcberreichte, ein freudiges Ereignis gerade f\u00fcr junge Familien in der Region. Die Mittel stammen &hellip;<\/p>\n<\/div>","protected":false},"author":1,"featured_media":0,"comment_status":"closed","ping_status":"closed","sticky":false,"template":"","format":"standard","meta":{"footnotes":""},"categories":[1,72],"tags":[],"class_list":["post-67035","post","type-post","status-publish","format-standard","hentry","category-startseite","category-jugend"],"_links":{"self":[{"href":"https:\/\/www.fuldaernachrichten.de\/index.php?rest_route=\/wp\/v2\/posts\/67035","targetHints":{"allow":["GET"]}}],"collection":[{"href":"https:\/\/www.fuldaernachrichten.de\/index.php?rest_route=\/wp\/v2\/posts"}],"about":[{"href":"https:\/\/www.fuldaernachrichten.de\/index.php?rest_route=\/wp\/v2\/types\/post"}],"author":[{"embeddable":true,"href":"https:\/\/www.fuldaernachrichten.de\/index.php?rest_route=\/wp\/v2\/users\/1"}],"replies":[{"embeddable":true,"href":"https:\/\/www.fuldaernachrichten.de\/index.php?rest_route=%2Fwp%2Fv2%2Fcomments&post=67035"}],"version-history":[{"count":6,"href":"https:\/\/www.fuldaernachrichten.de\/index.php?rest_route=\/wp\/v2\/posts\/67035\/revisions"}],"predecessor-version":[{"id":67143,"href":"https:\/\/www.fuldaernachrichten.de\/index.php?rest_route=\/wp\/v2\/posts\/67035\/revisions\/67143"}],"wp:attachment":[{"href":"https:\/\/www.fuldaernachrichten.de\/index.php?rest_route=%2Fwp%2Fv2%2Fmedia&parent=67035"}],"wp:term":[{"taxonomy":"category","embeddable":true,"href":"https:\/\/www.fuldaernachrichten.de\/index.php?rest_route=%2Fwp%2Fv2%2Fcategories&post=67035"},{"taxonomy":"post_tag","embeddable":true,"href":"https:\/\/www.fuldaernachrichten.de\/index.php?rest_route=%2Fwp%2Fv2%2Ftags&post=67035"}],"curies":[{"name":"wp","href":"https:\/\/api.w.org\/{rel}","templated":true}]}}