{"id":67,"date":"2006-11-25T00:03:31","date_gmt":"2006-11-24T23:03:31","guid":{"rendered":"http:\/\/www.schoene-nachrichten.de\/?p=67"},"modified":"2006-11-25T00:04:49","modified_gmt":"2006-11-24T23:04:49","slug":"an-adventssamstagen-kostenfrei-parken","status":"publish","type":"post","link":"https:\/\/www.fuldaernachrichten.de\/?p=67","title":{"rendered":"An Adventssamstagen kostenfrei parken"},"content":{"rendered":"<p><strong>Sch\u00f6nes aus Fulda.<\/strong> Die Stadt Fulda bietet an den vier Adventssamstagen kostenfreies Parken in den\u00c2\u00a0Parkh\u00e4usern Richthalle, Ochsenwiese und Rosengarten sowie auf den\u00c2\u00a0Gro\u00dfparkpl\u00e4tzen Ochsenwiese und Weimarer Stra\u00dfe an. \u00dcber 2.000 kostenfreie Parkplatze stehen den Besuchern des Weihnachtsmarktes, der am 1. Dezember seine Pforten \u00f6ffnet, sowie den G\u00e4sten, die entspannt durch die Gesch\u00e4fte bummeln wollen, zur Verf\u00fcgung. Darauf wies Oberb\u00fcrgermeister Gerhard M\u00f6ller in einer Pressmitteilung hin. Dieses Angebot\u00c2\u00a0sei einerseits eine Marketinginitiative\u00c2\u00a0f\u00fcr\u00c2\u00a0die genannten\u00c2\u00a0Parkfl\u00e4chen andererseits aber auch ein weiterer Mosaikstein der Stadt in ihrem Bem\u00fchen um die\u00c2\u00a0F\u00f6rderung der Innenstadt.<\/p>\n<p>\u00c2\u00a0<\/p>\n<p><a title=\"061124-parken.jpg\" href=\"http:\/\/www.schoene-nachrichten.de\/wp-content\/uploads\/2006\/11\/061124-parken.jpg\" target=\"_blank\"><img decoding=\"async\" id=\"image69\" height=\"96\" alt=\"061124-parken.jpg\" src=\"http:\/\/www.schoene-nachrichten.de\/wp-content\/uploads\/2006\/11\/061124-parken.thumbnail.jpg\" \/><\/a><\/p>\n","protected":false},"excerpt":{"rendered":"<div class=\"tmnf_excerpt\"><p>Sch\u00f6nes aus Fulda. Die Stadt Fulda bietet an den vier Adventssamstagen kostenfreies Parken in den\u00c2\u00a0Parkh\u00e4usern Richthalle, Ochsenwiese und Rosengarten sowie auf den\u00c2\u00a0Gro\u00dfparkpl\u00e4tzen Ochsenwiese und Weimarer Stra\u00dfe an. \u00dcber 2.000 kostenfreie Parkplatze stehen den Besuchern des Weihnachtsmarktes, der am 1. Dezember seine Pforten \u00f6ffnet, sowie den G\u00e4sten, die entspannt durch die Gesch\u00e4fte bummeln wollen, zur Verf\u00fcgung. &hellip;<\/p>\n<\/div>","protected":false},"author":1,"featured_media":0,"comment_status":"closed","ping_status":"closed","sticky":false,"template":"","format":"standard","meta":{"footnotes":""},"categories":[1],"tags":[],"class_list":["post-67","post","type-post","status-publish","format-standard","hentry","category-startseite"],"_links":{"self":[{"href":"https:\/\/www.fuldaernachrichten.de\/index.php?rest_route=\/wp\/v2\/posts\/67","targetHints":{"allow":["GET"]}}],"collection":[{"href":"https:\/\/www.fuldaernachrichten.de\/index.php?rest_route=\/wp\/v2\/posts"}],"about":[{"href":"https:\/\/www.fuldaernachrichten.de\/index.php?rest_route=\/wp\/v2\/types\/post"}],"author":[{"embeddable":true,"href":"https:\/\/www.fuldaernachrichten.de\/index.php?rest_route=\/wp\/v2\/users\/1"}],"replies":[{"embeddable":true,"href":"https:\/\/www.fuldaernachrichten.de\/index.php?rest_route=%2Fwp%2Fv2%2Fcomments&post=67"}],"version-history":[{"count":0,"href":"https:\/\/www.fuldaernachrichten.de\/index.php?rest_route=\/wp\/v2\/posts\/67\/revisions"}],"wp:attachment":[{"href":"https:\/\/www.fuldaernachrichten.de\/index.php?rest_route=%2Fwp%2Fv2%2Fmedia&parent=67"}],"wp:term":[{"taxonomy":"category","embeddable":true,"href":"https:\/\/www.fuldaernachrichten.de\/index.php?rest_route=%2Fwp%2Fv2%2Fcategories&post=67"},{"taxonomy":"post_tag","embeddable":true,"href":"https:\/\/www.fuldaernachrichten.de\/index.php?rest_route=%2Fwp%2Fv2%2Ftags&post=67"}],"curies":[{"name":"wp","href":"https:\/\/api.w.org\/{rel}","templated":true}]}}