{"id":66992,"date":"2010-08-18T01:00:44","date_gmt":"2010-08-17T23:00:44","guid":{"rendered":"http:\/\/www.fuldaer-nachrichten.de\/?p=66992"},"modified":"2010-12-14T09:09:06","modified_gmt":"2010-12-14T09:09:06","slug":"fast-wie-am-ballermann-malle-party-im-muensterfeld","status":"publish","type":"post","link":"https:\/\/www.fuldaernachrichten.de\/?p=66992","title":{"rendered":"Fast wie am Ballermann&#8230;&#8221;Malle-Party&#8221; im M\u00fcnsterfeld"},"content":{"rendered":"<p><a title=\"Foto: Marzena Traber\" rel=\"lightbox[roadtrip]\" href=\"http:\/\/www.fuldaer-nachrichten.de\/wp-content\/uploads\/2010\/08\/100816_MallorcaParty_257.jpg\" target=\"_blank\"><img decoding=\"async\" src=\"http:\/\/www.fuldaer-nachrichten.de\/wp-content\/uploads\/2010\/08\/100816_MallorcaParty_257.jpg\" alt=\"100816_MallorcaParty_257.jpg\" width=\"560\" \/><\/a><\/p>\n<p><strong>Fulda. <\/strong>Viel zu laut, schlecht organisiert, niveaulos, C-Promi-Riege \u2013 Jede Menge kritische Kommentare waren im Nachgang zur Mallorca-Party, die am vergangenen Samstag auf dem Gel\u00e4nde der M\u00fcnsterfeldhalle stattfand, zu h\u00f6ren und zu lesen. Berechtigte Kritik? Sicher, es war laut und es gab Fehleinsch\u00e4tzungen von Seiten der Organisatoren. So wurde beispielsweise die Trinkfreude der Partybesucher ebenso untersch\u00e4tzt wie deren Harndrang. Mit DIXI w\u00e4re das nicht passiert. ABER: So wie jede Medaille zwei Seiten hat, so hatte auch die \u201eMalle-Party\u201c ihr Gutes. N\u00e4mlich tausende Partyg\u00e4ste, die sich mit den Rahmenbedingungen arrangieren und schlichtweg eine tolle Party feiern konnten. Wie oft kann man das schon in Fulda? F\u00fcr diejenigen, die am Samstag richtig Spa\u00df hatten, vielleicht aber mit alkoholinduzierten Erinnerungsl\u00fccken zu k\u00e4mpfen haben, gibt es heute eine gro\u00dfe Bildergalerie und ein Video. Alle anderen, die nicht dabei waren, sich aber trotzdem die M\u00e4uler zerrei\u00dfen und eine &#8220;Niveau-Diskussion&#8221; f\u00fchren, d\u00fcrfen auch gucken.<\/p>\n<p><strong>Fotos (282):<\/strong> Marzena Traber, <strong>Video:<\/strong> Max Colin Heydenreich &amp; Marco Hellwig<\/p>\n<p><a title=\"Foto: Marzena Traber\" rel=\"lightbox[roadtrip]\" href=\"http:\/\/www.fuldaer-nachrichten.de\/wp-content\/uploads\/2010\/08\/100816_MallorcaParty_001.jpg\" target=\"_blank\"><img decoding=\"async\" src=\"http:\/\/www.fuldaer-nachrichten.de\/wp-content\/uploads\/2010\/08\/100816_MallorcaParty_001.thumbnail.jpg\" alt=\"100816_MallorcaParty_001.jpg\" width=\"265\" \/><\/a> <a title=\"Foto: Marzena Traber\" rel=\"lightbox[roadtrip]\" href=\"http:\/\/www.fuldaer-nachrichten.de\/wp-content\/uploads\/2010\/08\/100816_MallorcaParty_002.jpg\" target=\"_blank\"><img decoding=\"async\" src=\"http:\/\/www.fuldaer-nachrichten.de\/wp-content\/uploads\/2010\/08\/100816_MallorcaParty_002.thumbnail.jpg\" alt=\"100816_MallorcaParty_002.jpg\" width=\"265\" \/><\/a><\/p>\n<p><!--more--><\/p>\n<p><a title=\"Foto: Marzena Traber\" rel=\"lightbox[roadtrip]\" href=\"http:\/\/www.fuldaer-nachrichten.de\/wp-content\/uploads\/2010\/08\/100816_MallorcaParty_003.jpg\" target=\"_blank\"><img decoding=\"async\" src=\"http:\/\/www.fuldaer-nachrichten.de\/wp-content\/uploads\/2010\/08\/100816_MallorcaParty_003.thumbnail.jpg\" alt=\"100816_MallorcaParty_003.jpg\" width=\"265\" \/><\/a> <a title=\"Foto: Marzena Traber\" rel=\"lightbox[roadtrip]\" href=\"http:\/\/www.fuldaer-nachrichten.de\/wp-content\/uploads\/2010\/08\/100816_MallorcaParty_004.jpg\" target=\"_blank\"><img decoding=\"async\" src=\"http:\/\/www.fuldaer-nachrichten.de\/wp-content\/uploads\/2010\/08\/100816_MallorcaParty_004.thumbnail.jpg\" alt=\"100816_MallorcaParty_004.jpg\" width=\"265\" \/><\/a><\/p>\n<p><a title=\"Foto: Marzena Traber\" rel=\"lightbox[roadtrip]\" href=\"http:\/\/www.fuldaer-nachrichten.de\/wp-content\/uploads\/2010\/08\/100816_MallorcaParty_005.jpg\" target=\"_blank\"><img decoding=\"async\" src=\"http:\/\/www.fuldaer-nachrichten.de\/wp-content\/uploads\/2010\/08\/100816_MallorcaParty_005.thumbnail.jpg\" alt=\"100816_MallorcaParty_005.jpg\" width=\"265\" \/><\/a> <a title=\"Foto: Marzena Traber\" rel=\"lightbox[roadtrip]\" href=\"http:\/\/www.fuldaer-nachrichten.de\/wp-content\/uploads\/2010\/08\/100816_MallorcaParty_006.jpg\" target=\"_blank\"><img decoding=\"async\" src=\"http:\/\/www.fuldaer-nachrichten.de\/wp-content\/uploads\/2010\/08\/100816_MallorcaParty_006.thumbnail.jpg\" alt=\"100816_MallorcaParty_006.jpg\" width=\"265\" \/><\/a><\/p>\n<p><a title=\"Foto: Marzena Traber\" rel=\"lightbox[roadtrip]\" href=\"http:\/\/www.fuldaer-nachrichten.de\/wp-content\/uploads\/2010\/08\/100816_MallorcaParty_007.jpg\" target=\"_blank\"><img decoding=\"async\" src=\"http:\/\/www.fuldaer-nachrichten.de\/wp-content\/uploads\/2010\/08\/100816_MallorcaParty_007.thumbnail.jpg\" alt=\"100816_MallorcaParty_007.jpg\" width=\"265\" \/><\/a> <a title=\"Foto: Marzena Traber\" rel=\"lightbox[roadtrip]\" href=\"http:\/\/www.fuldaer-nachrichten.de\/wp-content\/uploads\/2010\/08\/100816_MallorcaParty_008.jpg\" target=\"_blank\"><img decoding=\"async\" src=\"http:\/\/www.fuldaer-nachrichten.de\/wp-content\/uploads\/2010\/08\/100816_MallorcaParty_008.thumbnail.jpg\" alt=\"100816_MallorcaParty_008.jpg\" width=\"265\" \/><\/a><\/p>\n<p><a title=\"Foto: Marzena Traber\" rel=\"lightbox[roadtrip]\" href=\"http:\/\/www.fuldaer-nachrichten.de\/wp-content\/uploads\/2010\/08\/100816_MallorcaParty_009.jpg\" target=\"_blank\"><img decoding=\"async\" src=\"http:\/\/www.fuldaer-nachrichten.de\/wp-content\/uploads\/2010\/08\/100816_MallorcaParty_009.thumbnail.jpg\" alt=\"100816_MallorcaParty_009.jpg\" width=\"265\" \/><\/a> <a title=\"Foto: Marzena Traber\" rel=\"lightbox[roadtrip]\" href=\"http:\/\/www.fuldaer-nachrichten.de\/wp-content\/uploads\/2010\/08\/100816_MallorcaParty_010.jpg\" target=\"_blank\"><img decoding=\"async\" src=\"http:\/\/www.fuldaer-nachrichten.de\/wp-content\/uploads\/2010\/08\/100816_MallorcaParty_010.thumbnail.jpg\" alt=\"100816_MallorcaParty_010.jpg\" width=\"265\" \/><\/a><\/p>\n<p><a title=\"Foto: Marzena Traber\" rel=\"lightbox[roadtrip]\" href=\"http:\/\/www.fuldaer-nachrichten.de\/wp-content\/uploads\/2010\/08\/100816_MallorcaParty_011.jpg\" target=\"_blank\"><img decoding=\"async\" src=\"http:\/\/www.fuldaer-nachrichten.de\/wp-content\/uploads\/2010\/08\/100816_MallorcaParty_011.thumbnail.jpg\" alt=\"100816_MallorcaParty_011.jpg\" width=\"265\" \/><\/a> <a title=\"Foto: Marzena Traber\" rel=\"lightbox[roadtrip]\" href=\"http:\/\/www.fuldaer-nachrichten.de\/wp-content\/uploads\/2010\/08\/100816_MallorcaParty_012.jpg\" target=\"_blank\"><img decoding=\"async\" src=\"http:\/\/www.fuldaer-nachrichten.de\/wp-content\/uploads\/2010\/08\/100816_MallorcaParty_012.thumbnail.jpg\" alt=\"100816_MallorcaParty_012.jpg\" width=\"265\" \/><\/a><\/p>\n<p><a title=\"Foto: Marzena Traber\" rel=\"lightbox[roadtrip]\" href=\"http:\/\/www.fuldaer-nachrichten.de\/wp-content\/uploads\/2010\/08\/100816_MallorcaParty_013.jpg\" target=\"_blank\"><img decoding=\"async\" src=\"http:\/\/www.fuldaer-nachrichten.de\/wp-content\/uploads\/2010\/08\/100816_MallorcaParty_013.thumbnail.jpg\" alt=\"100816_MallorcaParty_013.jpg\" width=\"265\" \/><\/a> <a title=\"Foto: Marzena Traber\" rel=\"lightbox[roadtrip]\" href=\"http:\/\/www.fuldaer-nachrichten.de\/wp-content\/uploads\/2010\/08\/100816_MallorcaParty_014.jpg\" target=\"_blank\"><img decoding=\"async\" src=\"http:\/\/www.fuldaer-nachrichten.de\/wp-content\/uploads\/2010\/08\/100816_MallorcaParty_014.thumbnail.jpg\" alt=\"100816_MallorcaParty_014.jpg\" width=\"265\" \/><\/a><\/p>\n<p><a title=\"Foto: Marzena Traber\" rel=\"lightbox[roadtrip]\" href=\"http:\/\/www.fuldaer-nachrichten.de\/wp-content\/uploads\/2010\/08\/100816_MallorcaParty_015.jpg\" target=\"_blank\"><img decoding=\"async\" src=\"http:\/\/www.fuldaer-nachrichten.de\/wp-content\/uploads\/2010\/08\/100816_MallorcaParty_015.thumbnail.jpg\" alt=\"100816_MallorcaParty_015.jpg\" width=\"265\" \/><\/a> <a title=\"Foto: Marzena Traber\" rel=\"lightbox[roadtrip]\" href=\"http:\/\/www.fuldaer-nachrichten.de\/wp-content\/uploads\/2010\/08\/100816_MallorcaParty_016.jpg\" target=\"_blank\"><img decoding=\"async\" src=\"http:\/\/www.fuldaer-nachrichten.de\/wp-content\/uploads\/2010\/08\/100816_MallorcaParty_016.thumbnail.jpg\" alt=\"100816_MallorcaParty_016.jpg\" width=\"265\" \/><\/a><\/p>\n<p><a title=\"Foto: Marzena Traber\" rel=\"lightbox[roadtrip]\" href=\"http:\/\/www.fuldaer-nachrichten.de\/wp-content\/uploads\/2010\/08\/100816_MallorcaParty_017.jpg\" target=\"_blank\"><img decoding=\"async\" src=\"http:\/\/www.fuldaer-nachrichten.de\/wp-content\/uploads\/2010\/08\/100816_MallorcaParty_017.thumbnail.jpg\" alt=\"100816_MallorcaParty_017.jpg\" width=\"265\" \/><\/a> <a title=\"Foto: Marzena Traber\" rel=\"lightbox[roadtrip]\" href=\"http:\/\/www.fuldaer-nachrichten.de\/wp-content\/uploads\/2010\/08\/100816_MallorcaParty_018.jpg\" target=\"_blank\"><img decoding=\"async\" src=\"http:\/\/www.fuldaer-nachrichten.de\/wp-content\/uploads\/2010\/08\/100816_MallorcaParty_018.thumbnail.jpg\" alt=\"100816_MallorcaParty_018.jpg\" width=\"265\" \/><\/a><\/p>\n<p><a title=\"Foto: Marzena Traber\" rel=\"lightbox[roadtrip]\" href=\"http:\/\/www.fuldaer-nachrichten.de\/wp-content\/uploads\/2010\/08\/100816_MallorcaParty_020.jpg\" target=\"_blank\"><img decoding=\"async\" src=\"http:\/\/www.fuldaer-nachrichten.de\/wp-content\/uploads\/2010\/08\/100816_MallorcaParty_020.thumbnail.jpg\" alt=\"100816_MallorcaParty_020.jpg\" width=\"265\" \/><\/a> <a title=\"Foto: Marzena Traber\" rel=\"lightbox[roadtrip]\" href=\"..\/wp-content\/uploads\/2010\/08\/100816_MallorcaParty_022.jpg\" target=\"_blank\"><img decoding=\"async\" src=\"http:\/\/www.fuldaer-nachrichten.de\/wp-content\/uploads\/2010\/08\/100816_MallorcaParty_022.thumbnail.jpg\" alt=\"100816_MallorcaParty_022.jpg\" width=\"265\" \/><\/a><\/p>\n<p><a title=\"Foto: Marzena Traber\" rel=\"lightbox[roadtrip]\" href=\"..\/wp-content\/uploads\/2010\/08\/100816_MallorcaParty_019.jpg\" target=\"_blank\"><img decoding=\"async\" src=\"http:\/\/www.fuldaer-nachrichten.de\/wp-content\/uploads\/2010\/08\/100816_MallorcaParty_019.thumbnail.jpg\" alt=\"100816_MallorcaParty_019.jpg\" width=\"265\" \/><\/a> <a title=\"Foto: Marzena Traber\" rel=\"lightbox[roadtrip]\" href=\"http:\/\/www.fuldaer-nachrichten.de\/wp-content\/uploads\/2010\/08\/100816_MallorcaParty_021.jpg\" target=\"_blank\"><img decoding=\"async\" src=\"http:\/\/www.fuldaer-nachrichten.de\/wp-content\/uploads\/2010\/08\/100816_MallorcaParty_021.thumbnail.jpg\" alt=\"100816_MallorcaParty_021.jpg\" width=\"265\" \/><\/a><\/p>\n<p><a title=\"Foto: Marzena Traber\" rel=\"lightbox[roadtrip]\" href=\"http:\/\/www.fuldaer-nachrichten.de\/wp-content\/uploads\/2010\/08\/100816_MallorcaParty_023.jpg\" target=\"_blank\"><img decoding=\"async\" src=\"http:\/\/www.fuldaer-nachrichten.de\/wp-content\/uploads\/2010\/08\/100816_MallorcaParty_023.thumbnail.jpg\" alt=\"100816_MallorcaParty_023.jpg\" width=\"265\" \/><\/a> <a title=\"Foto: Marzena Traber\" rel=\"lightbox[roadtrip]\" href=\"http:\/\/www.fuldaer-nachrichten.de\/wp-content\/uploads\/2010\/08\/100816_MallorcaParty_024.jpg\" target=\"_blank\"><img decoding=\"async\" src=\"http:\/\/www.fuldaer-nachrichten.de\/wp-content\/uploads\/2010\/08\/100816_MallorcaParty_024.thumbnail.jpg\" alt=\"100816_MallorcaParty_024.jpg\" width=\"265\" \/><\/a><\/p>\n<p><a title=\"Foto: Marzena Traber\" rel=\"lightbox[roadtrip]\" href=\"http:\/\/www.fuldaer-nachrichten.de\/wp-content\/uploads\/2010\/08\/100816_MallorcaParty_025.jpg\" target=\"_blank\"><img decoding=\"async\" src=\"http:\/\/www.fuldaer-nachrichten.de\/wp-content\/uploads\/2010\/08\/100816_MallorcaParty_025.thumbnail.jpg\" alt=\"100816_MallorcaParty_025.jpg\" width=\"265\" \/><\/a> <a title=\"Foto: Marzena Traber\" rel=\"lightbox[roadtrip]\" href=\"http:\/\/www.fuldaer-nachrichten.de\/wp-content\/uploads\/2010\/08\/100816_MallorcaParty_026.jpg\" target=\"_blank\"><img decoding=\"async\" src=\"http:\/\/www.fuldaer-nachrichten.de\/wp-content\/uploads\/2010\/08\/100816_MallorcaParty_026.thumbnail.jpg\" alt=\"100816_MallorcaParty_026.jpg\" width=\"265\" \/><\/a><\/p>\n<p><a title=\"Foto: Marzena Traber\" rel=\"lightbox[roadtrip]\" href=\"http:\/\/www.fuldaer-nachrichten.de\/wp-content\/uploads\/2010\/08\/100816_MallorcaParty_027.jpg\" target=\"_blank\"><img decoding=\"async\" src=\"http:\/\/www.fuldaer-nachrichten.de\/wp-content\/uploads\/2010\/08\/100816_MallorcaParty_027.thumbnail.jpg\" alt=\"100816_MallorcaParty_027.jpg\" width=\"265\" \/><\/a> <a title=\"Foto: Marzena Traber\" rel=\"lightbox[roadtrip]\" href=\"http:\/\/www.fuldaer-nachrichten.de\/wp-content\/uploads\/2010\/08\/100816_MallorcaParty_028.jpg\" target=\"_blank\"><img decoding=\"async\" src=\"http:\/\/www.fuldaer-nachrichten.de\/wp-content\/uploads\/2010\/08\/100816_MallorcaParty_028.thumbnail.jpg\" alt=\"100816_MallorcaParty_028.jpg\" width=\"265\" \/><\/a><\/p>\n<p><a title=\"Foto: Marzena Traber\" rel=\"lightbox[roadtrip]\" href=\"http:\/\/www.fuldaer-nachrichten.de\/wp-content\/uploads\/2010\/08\/100816_MallorcaParty_029.jpg\" target=\"_blank\"><img decoding=\"async\" src=\"http:\/\/www.fuldaer-nachrichten.de\/wp-content\/uploads\/2010\/08\/100816_MallorcaParty_029.thumbnail.jpg\" alt=\"100816_MallorcaParty_029.jpg\" width=\"265\" \/><\/a> <a title=\"Foto: Marzena Traber\" rel=\"lightbox[roadtrip]\" href=\"..\/wp-content\/uploads\/2010\/08\/100816_MallorcaParty_042.jpg\" target=\"_blank\"><img decoding=\"async\" src=\"http:\/\/www.fuldaer-nachrichten.de\/wp-content\/uploads\/2010\/08\/100816_MallorcaParty_042.thumbnail.jpg\" alt=\"100816_MallorcaParty_042.jpg\" width=\"265\" \/><\/a><\/p>\n<p><a title=\"Foto: Marzena Traber\" rel=\"lightbox[roadtrip]\" href=\"http:\/\/www.fuldaer-nachrichten.de\/wp-content\/uploads\/2010\/08\/100816_MallorcaParty_031.jpg\" target=\"_blank\"><img decoding=\"async\" src=\"http:\/\/www.fuldaer-nachrichten.de\/wp-content\/uploads\/2010\/08\/100816_MallorcaParty_031.thumbnail.jpg\" alt=\"100816_MallorcaParty_031.jpg\" width=\"265\" \/><\/a> <a title=\"Foto: Marzena Traber\" rel=\"lightbox[roadtrip]\" href=\"http:\/\/www.fuldaer-nachrichten.de\/wp-content\/uploads\/2010\/08\/100816_MallorcaParty_032.jpg\" target=\"_blank\"><img decoding=\"async\" src=\"http:\/\/www.fuldaer-nachrichten.de\/wp-content\/uploads\/2010\/08\/100816_MallorcaParty_032.thumbnail.jpg\" alt=\"100816_MallorcaParty_032.jpg\" width=\"265\" \/><\/a><\/p>\n<p><a title=\"Foto: Marzena Traber\" rel=\"lightbox[roadtrip]\" href=\"http:\/\/www.fuldaer-nachrichten.de\/wp-content\/uploads\/2010\/08\/100816_MallorcaParty_033.jpg\" target=\"_blank\"><img decoding=\"async\" src=\"http:\/\/www.fuldaer-nachrichten.de\/wp-content\/uploads\/2010\/08\/100816_MallorcaParty_033.thumbnail.jpg\" alt=\"100816_MallorcaParty_033.jpg\" width=\"265\" \/><\/a> <a title=\"Foto: Marzena Traber\" rel=\"lightbox[roadtrip]\" href=\"http:\/\/www.fuldaer-nachrichten.de\/wp-content\/uploads\/2010\/08\/100816_MallorcaParty_034.jpg\" target=\"_blank\"><img decoding=\"async\" src=\"http:\/\/www.fuldaer-nachrichten.de\/wp-content\/uploads\/2010\/08\/100816_MallorcaParty_034.thumbnail.jpg\" alt=\"100816_MallorcaParty_034.jpg\" width=\"265\" \/><\/a><\/p>\n<p><a title=\"Foto: Marzena Traber\" rel=\"lightbox[roadtrip]\" href=\"http:\/\/www.fuldaer-nachrichten.de\/wp-content\/uploads\/2010\/08\/100816_MallorcaParty_035.jpg\" target=\"_blank\"><img decoding=\"async\" src=\"http:\/\/www.fuldaer-nachrichten.de\/wp-content\/uploads\/2010\/08\/100816_MallorcaParty_035.thumbnail.jpg\" alt=\"100816_MallorcaParty_035.jpg\" width=\"265\" \/><\/a> <a title=\"Foto: Marzena Traber\" rel=\"lightbox[roadtrip]\" href=\"http:\/\/www.fuldaer-nachrichten.de\/wp-content\/uploads\/2010\/08\/100816_MallorcaParty_036.jpg\" target=\"_blank\"><img decoding=\"async\" src=\"http:\/\/www.fuldaer-nachrichten.de\/wp-content\/uploads\/2010\/08\/100816_MallorcaParty_036.thumbnail.jpg\" alt=\"100816_MallorcaParty_036.jpg\" width=\"265\" \/><\/a><\/p>\n<p><a title=\"Foto: Marzena Traber\" rel=\"lightbox[roadtrip]\" href=\"http:\/\/www.fuldaer-nachrichten.de\/wp-content\/uploads\/2010\/08\/100816_MallorcaParty_037.jpg\" target=\"_blank\"><img decoding=\"async\" src=\"http:\/\/www.fuldaer-nachrichten.de\/wp-content\/uploads\/2010\/08\/100816_MallorcaParty_037.thumbnail.jpg\" alt=\"100816_MallorcaParty_037.jpg\" width=\"265\" \/><\/a> <a title=\"Foto: Marzena Traber\" rel=\"lightbox[roadtrip]\" href=\"http:\/\/www.fuldaer-nachrichten.de\/wp-content\/uploads\/2010\/08\/100816_MallorcaParty_038.jpg\" target=\"_blank\"><img decoding=\"async\" src=\"http:\/\/www.fuldaer-nachrichten.de\/wp-content\/uploads\/2010\/08\/100816_MallorcaParty_038.thumbnail.jpg\" alt=\"100816_MallorcaParty_038.jpg\" width=\"265\" \/><\/a><\/p>\n<p><a title=\"Foto: Marzena Traber\" rel=\"lightbox[roadtrip]\" href=\"http:\/\/www.fuldaer-nachrichten.de\/wp-content\/uploads\/2010\/08\/100816_MallorcaParty_039.jpg\" target=\"_blank\"><img decoding=\"async\" src=\"http:\/\/www.fuldaer-nachrichten.de\/wp-content\/uploads\/2010\/08\/100816_MallorcaParty_039.thumbnail.jpg\" alt=\"100816_MallorcaParty_039.jpg\" width=\"265\" \/><\/a> <a title=\"Foto: Marzena Traber\" rel=\"lightbox[roadtrip]\" href=\"http:\/\/www.fuldaer-nachrichten.de\/wp-content\/uploads\/2010\/08\/100816_MallorcaParty_040.jpg\" target=\"_blank\"><img decoding=\"async\" src=\"http:\/\/www.fuldaer-nachrichten.de\/wp-content\/uploads\/2010\/08\/100816_MallorcaParty_040.thumbnail.jpg\" alt=\"100816_MallorcaParty_040.jpg\" width=\"265\" \/><\/a><\/p>\n<p><a title=\"Foto: Marzena Traber\" rel=\"lightbox[roadtrip]\" href=\"http:\/\/www.fuldaer-nachrichten.de\/wp-content\/uploads\/2010\/08\/100816_MallorcaParty_041.jpg\" target=\"_blank\"><img decoding=\"async\" src=\"http:\/\/www.fuldaer-nachrichten.de\/wp-content\/uploads\/2010\/08\/100816_MallorcaParty_041.thumbnail.jpg\" alt=\"100816_MallorcaParty_041.jpg\" width=\"265\" \/><\/a> <a title=\"Foto: Marzena Traber\" rel=\"lightbox[roadtrip]\" href=\"..\/wp-content\/uploads\/2010\/08\/100816_MallorcaParty_030.jpg\" target=\"_blank\"><img decoding=\"async\" src=\"http:\/\/www.fuldaer-nachrichten.de\/wp-content\/uploads\/2010\/08\/100816_MallorcaParty_030.thumbnail.jpg\" alt=\"100816_MallorcaParty_030.jpg\" width=\"265\" \/><\/a> <a title=\"Foto: Marzena Traber\" rel=\"lightbox[roadtrip]\" href=\"http:\/\/www.fuldaer-nachrichten.de\/wp-content\/uploads\/2010\/08\/100816_MallorcaParty_042.jpg\" target=\"_blank\"><\/a><\/p>\n<p><a title=\"Foto: Marzena Traber\" rel=\"lightbox[roadtrip]\" href=\"..\/wp-content\/uploads\/2010\/08\/100816_MallorcaParty_047.jpg\" target=\"_blank\"><img decoding=\"async\" src=\"http:\/\/www.fuldaer-nachrichten.de\/wp-content\/uploads\/2010\/08\/100816_MallorcaParty_047.thumbnail.jpg\" alt=\"100816_MallorcaParty_047.jpg\" width=\"265\" \/><\/a> <a title=\"Foto: Marzena Traber\" rel=\"lightbox[roadtrip]\" href=\"http:\/\/www.fuldaer-nachrichten.de\/wp-content\/uploads\/2010\/08\/100816_MallorcaParty_043.jpg\" target=\"_blank\"><img decoding=\"async\" src=\"http:\/\/www.fuldaer-nachrichten.de\/wp-content\/uploads\/2010\/08\/100816_MallorcaParty_043.thumbnail.jpg\" alt=\"100816_MallorcaParty_043.jpg\" width=\"265\" \/><\/a><\/p>\n<p><a title=\"Foto: Marzena Traber\" rel=\"lightbox[roadtrip]\" href=\"http:\/\/www.fuldaer-nachrichten.de\/wp-content\/uploads\/2010\/08\/100816_MallorcaParty_045.jpg\" target=\"_blank\"><img decoding=\"async\" src=\"http:\/\/www.fuldaer-nachrichten.de\/wp-content\/uploads\/2010\/08\/100816_MallorcaParty_045.thumbnail.jpg\" alt=\"100816_MallorcaParty_045.jpg\" width=\"265\" \/><\/a> <a title=\"Foto: Marzena Traber\" rel=\"lightbox[roadtrip]\" href=\"http:\/\/www.fuldaer-nachrichten.de\/wp-content\/uploads\/2010\/08\/100816_MallorcaParty_046.jpg\" target=\"_blank\"><img decoding=\"async\" src=\"http:\/\/www.fuldaer-nachrichten.de\/wp-content\/uploads\/2010\/08\/100816_MallorcaParty_046.thumbnail.jpg\" alt=\"100816_MallorcaParty_046.jpg\" width=\"265\" \/><\/a><\/p>\n<p><a title=\"Foto: Marzena Traber\" rel=\"lightbox[roadtrip]\" href=\"..\/wp-content\/uploads\/2010\/08\/100816_MallorcaParty_044.jpg\" target=\"_blank\"><img decoding=\"async\" src=\"http:\/\/www.fuldaer-nachrichten.de\/wp-content\/uploads\/2010\/08\/100816_MallorcaParty_044.thumbnail.jpg\" alt=\"100816_MallorcaParty_044.jpg\" width=\"265\" \/><\/a> <a title=\"Foto: Marzena Traber\" rel=\"lightbox[roadtrip]\" href=\"http:\/\/www.fuldaer-nachrichten.de\/wp-content\/uploads\/2010\/08\/100816_MallorcaParty_048.jpg\" target=\"_blank\"><img decoding=\"async\" src=\"http:\/\/www.fuldaer-nachrichten.de\/wp-content\/uploads\/2010\/08\/100816_MallorcaParty_048.thumbnail.jpg\" alt=\"100816_MallorcaParty_048.jpg\" width=\"265\" \/><\/a><\/p>\n<p><a title=\"Foto: Marzena Traber\" rel=\"lightbox[roadtrip]\" href=\"http:\/\/www.fuldaer-nachrichten.de\/wp-content\/uploads\/2010\/08\/100816_MallorcaParty_049.jpg\" target=\"_blank\"><img decoding=\"async\" src=\"http:\/\/www.fuldaer-nachrichten.de\/wp-content\/uploads\/2010\/08\/100816_MallorcaParty_049.thumbnail.jpg\" alt=\"100816_MallorcaParty_049.jpg\" width=\"265\" \/><\/a> <a title=\"Foto: Marzena Traber\" rel=\"lightbox[roadtrip]\" href=\"..\/wp-content\/uploads\/2010\/08\/100816_MallorcaParty_052.jpg\" target=\"_blank\"><img decoding=\"async\" src=\"http:\/\/www.fuldaer-nachrichten.de\/wp-content\/uploads\/2010\/08\/100816_MallorcaParty_052.thumbnail.jpg\" alt=\"100816_MallorcaParty_052.jpg\" width=\"265\" \/><\/a> <a title=\"Foto: Marzena Traber\" rel=\"lightbox[roadtrip]\" href=\"http:\/\/www.fuldaer-nachrichten.de\/wp-content\/uploads\/2010\/08\/100816_MallorcaParty_050.jpg\" target=\"_blank\"><\/a><\/p>\n<p><a title=\"Foto: Marzena Traber\" rel=\"lightbox[roadtrip]\" href=\"http:\/\/www.fuldaer-nachrichten.de\/wp-content\/uploads\/2010\/08\/100816_MallorcaParty_050.jpg\" target=\"_blank\"><img decoding=\"async\" src=\"http:\/\/www.fuldaer-nachrichten.de\/wp-content\/uploads\/2010\/08\/100816_MallorcaParty_050.thumbnail.jpg\" alt=\"100816_MallorcaParty_050.jpg\" width=\"265\" \/><\/a> <a title=\"Foto: Marzena Traber\" rel=\"lightbox[roadtrip]\" href=\"..\/wp-content\/uploads\/2010\/08\/100816_MallorcaParty_051.jpg\" target=\"_blank\"><img decoding=\"async\" src=\"http:\/\/www.fuldaer-nachrichten.de\/wp-content\/uploads\/2010\/08\/100816_MallorcaParty_051.thumbnail.jpg\" alt=\"100816_MallorcaParty_051.jpg\" width=\"265\" \/><\/a><\/p>\n<p><a title=\"Foto: Marzena Traber\" rel=\"lightbox[roadtrip]\" href=\"http:\/\/www.fuldaer-nachrichten.de\/wp-content\/uploads\/2010\/08\/100816_MallorcaParty_053.jpg\" target=\"_blank\"><img decoding=\"async\" src=\"http:\/\/www.fuldaer-nachrichten.de\/wp-content\/uploads\/2010\/08\/100816_MallorcaParty_053.thumbnail.jpg\" alt=\"100816_MallorcaParty_053.jpg\" width=\"265\" \/><\/a> <a title=\"Foto: Marzena Traber\" rel=\"lightbox[roadtrip]\" href=\"..\/wp-content\/uploads\/2010\/08\/100816_MallorcaParty_064.jpg\" target=\"_blank\"><img decoding=\"async\" src=\"http:\/\/www.fuldaer-nachrichten.de\/wp-content\/uploads\/2010\/08\/100816_MallorcaParty_064.thumbnail.jpg\" alt=\"100816_MallorcaParty_064.jpg\" width=\"265\" \/><\/a><\/p>\n<p><a title=\"Foto: Marzena Traber\" rel=\"lightbox[roadtrip]\" href=\"http:\/\/www.fuldaer-nachrichten.de\/wp-content\/uploads\/2010\/08\/100816_MallorcaParty_055.jpg\" target=\"_blank\"><img decoding=\"async\" src=\"http:\/\/www.fuldaer-nachrichten.de\/wp-content\/uploads\/2010\/08\/100816_MallorcaParty_055.thumbnail.jpg\" alt=\"100816_MallorcaParty_055.jpg\" width=\"265\" \/><\/a> <a title=\"Foto: Marzena Traber\" rel=\"lightbox[roadtrip]\" href=\"http:\/\/www.fuldaer-nachrichten.de\/wp-content\/uploads\/2010\/08\/100816_MallorcaParty_056.jpg\" target=\"_blank\"><img decoding=\"async\" src=\"http:\/\/www.fuldaer-nachrichten.de\/wp-content\/uploads\/2010\/08\/100816_MallorcaParty_056.thumbnail.jpg\" alt=\"100816_MallorcaParty_056.jpg\" width=\"265\" \/><\/a><\/p>\n<p><a title=\"Foto: Marzena Traber\" rel=\"lightbox[roadtrip]\" href=\"http:\/\/www.fuldaer-nachrichten.de\/wp-content\/uploads\/2010\/08\/100816_MallorcaParty_057.jpg\" target=\"_blank\"><img decoding=\"async\" src=\"http:\/\/www.fuldaer-nachrichten.de\/wp-content\/uploads\/2010\/08\/100816_MallorcaParty_057.thumbnail.jpg\" alt=\"100816_MallorcaParty_057.jpg\" width=\"265\" \/><\/a> <a title=\"Foto: Marzena Traber\" rel=\"lightbox[roadtrip]\" href=\"http:\/\/www.fuldaer-nachrichten.de\/wp-content\/uploads\/2010\/08\/100816_MallorcaParty_058.jpg\" target=\"_blank\"><img decoding=\"async\" src=\"http:\/\/www.fuldaer-nachrichten.de\/wp-content\/uploads\/2010\/08\/100816_MallorcaParty_058.thumbnail.jpg\" alt=\"100816_MallorcaParty_058.jpg\" width=\"265\" \/><\/a><\/p>\n<p><a title=\"Foto: Marzena Traber\" rel=\"lightbox[roadtrip]\" href=\"http:\/\/www.fuldaer-nachrichten.de\/wp-content\/uploads\/2010\/08\/100816_MallorcaParty_059.jpg\" target=\"_blank\"><img decoding=\"async\" src=\"http:\/\/www.fuldaer-nachrichten.de\/wp-content\/uploads\/2010\/08\/100816_MallorcaParty_059.thumbnail.jpg\" alt=\"100816_MallorcaParty_059.jpg\" width=\"265\" \/><\/a> <a title=\"Foto: Marzena Traber\" rel=\"lightbox[roadtrip]\" href=\"http:\/\/www.fuldaer-nachrichten.de\/wp-content\/uploads\/2010\/08\/100816_MallorcaParty_060.jpg\" target=\"_blank\"><img decoding=\"async\" src=\"http:\/\/www.fuldaer-nachrichten.de\/wp-content\/uploads\/2010\/08\/100816_MallorcaParty_060.thumbnail.jpg\" alt=\"100816_MallorcaParty_060.jpg\" width=\"265\" \/><\/a><\/p>\n<p><a title=\"Foto: Marzena Traber\" rel=\"lightbox[roadtrip]\" href=\"http:\/\/www.fuldaer-nachrichten.de\/wp-content\/uploads\/2010\/08\/100816_MallorcaParty_061.jpg\" target=\"_blank\"><img decoding=\"async\" src=\"http:\/\/www.fuldaer-nachrichten.de\/wp-content\/uploads\/2010\/08\/100816_MallorcaParty_061.thumbnail.jpg\" alt=\"100816_MallorcaParty_061.jpg\" width=\"265\" \/><\/a> <a title=\"Foto: Marzena Traber\" rel=\"lightbox[roadtrip]\" href=\"http:\/\/www.fuldaer-nachrichten.de\/wp-content\/uploads\/2010\/08\/100816_MallorcaParty_062.jpg\" target=\"_blank\"><img decoding=\"async\" src=\"http:\/\/www.fuldaer-nachrichten.de\/wp-content\/uploads\/2010\/08\/100816_MallorcaParty_062.thumbnail.jpg\" alt=\"100816_MallorcaParty_062.jpg\" width=\"265\" \/><\/a><\/p>\n<p><a title=\"Foto: Marzena Traber\" rel=\"lightbox[roadtrip]\" href=\"http:\/\/www.fuldaer-nachrichten.de\/wp-content\/uploads\/2010\/08\/100816_MallorcaParty_063.jpg\" target=\"_blank\"><img decoding=\"async\" src=\"http:\/\/www.fuldaer-nachrichten.de\/wp-content\/uploads\/2010\/08\/100816_MallorcaParty_063.thumbnail.jpg\" alt=\"100816_MallorcaParty_063.jpg\" width=\"265\" \/><\/a> <a title=\"Foto: Marzena Traber\" rel=\"lightbox[roadtrip]\" href=\"..\/wp-content\/uploads\/2010\/08\/100816_MallorcaParty_054.jpg\" target=\"_blank\"><img decoding=\"async\" src=\"http:\/\/www.fuldaer-nachrichten.de\/wp-content\/uploads\/2010\/08\/100816_MallorcaParty_054.thumbnail.jpg\" alt=\"100816_MallorcaParty_054.jpg\" width=\"265\" \/><\/a> <a title=\"Foto: Marzena Traber\" rel=\"lightbox[roadtrip]\" href=\"http:\/\/www.fuldaer-nachrichten.de\/wp-content\/uploads\/2010\/08\/100816_MallorcaParty_064.jpg\" target=\"_blank\"><\/a><\/p>\n<p><a title=\"Foto: Marzena Traber\" rel=\"lightbox[roadtrip]\" href=\"http:\/\/www.fuldaer-nachrichten.de\/wp-content\/uploads\/2010\/08\/100816_MallorcaParty_065.jpg\" target=\"_blank\"><img decoding=\"async\" src=\"http:\/\/www.fuldaer-nachrichten.de\/wp-content\/uploads\/2010\/08\/100816_MallorcaParty_065.thumbnail.jpg\" alt=\"100816_MallorcaParty_065.jpg\" width=\"265\" \/><\/a> <a title=\"Foto: Marzena Traber\" rel=\"lightbox[roadtrip]\" href=\"http:\/\/www.fuldaer-nachrichten.de\/wp-content\/uploads\/2010\/08\/100816_MallorcaParty_066.jpg\" target=\"_blank\"><img decoding=\"async\" src=\"http:\/\/www.fuldaer-nachrichten.de\/wp-content\/uploads\/2010\/08\/100816_MallorcaParty_066.thumbnail.jpg\" alt=\"100816_MallorcaParty_066.jpg\" width=\"265\" \/><\/a><\/p>\n<p><a title=\"Foto: Marzena Traber\" rel=\"lightbox[roadtrip]\" href=\"http:\/\/www.fuldaer-nachrichten.de\/wp-content\/uploads\/2010\/08\/100816_MallorcaParty_068.jpg\" target=\"_blank\"><img decoding=\"async\" src=\"http:\/\/www.fuldaer-nachrichten.de\/wp-content\/uploads\/2010\/08\/100816_MallorcaParty_068.thumbnail.jpg\" alt=\"100816_MallorcaParty_068.jpg\" width=\"265\" \/><\/a> <a title=\"Foto: Marzena Traber\" rel=\"lightbox[roadtrip]\" href=\"..\/wp-content\/uploads\/2010\/08\/100816_MallorcaParty_081.jpg\" target=\"_blank\"><img decoding=\"async\" src=\"http:\/\/www.fuldaer-nachrichten.de\/wp-content\/uploads\/2010\/08\/100816_MallorcaParty_081.thumbnail.jpg\" alt=\"100816_MallorcaParty_081.jpg\" width=\"265\" \/><\/a><\/p>\n<p><a title=\"Foto: Marzena Traber\" rel=\"lightbox[roadtrip]\" href=\"http:\/\/www.fuldaer-nachrichten.de\/wp-content\/uploads\/2010\/08\/100816_MallorcaParty_070.jpg\" target=\"_blank\"><img decoding=\"async\" src=\"http:\/\/www.fuldaer-nachrichten.de\/wp-content\/uploads\/2010\/08\/100816_MallorcaParty_070.thumbnail.jpg\" alt=\"100816_MallorcaParty_070.jpg\" width=\"265\" \/><\/a> <a title=\"Foto: Marzena Traber\" rel=\"lightbox[roadtrip]\" href=\"..\/wp-content\/uploads\/2010\/08\/100816_MallorcaParty_067.jpg\" target=\"_blank\"><img decoding=\"async\" src=\"http:\/\/www.fuldaer-nachrichten.de\/wp-content\/uploads\/2010\/08\/100816_MallorcaParty_067.thumbnail.jpg\" alt=\"100816_MallorcaParty_067.jpg\" width=\"265\" \/><\/a><\/p>\n<p><a title=\"Foto: Marzena Traber\" rel=\"lightbox[roadtrip]\" href=\"http:\/\/www.fuldaer-nachrichten.de\/wp-content\/uploads\/2010\/08\/100816_MallorcaParty_071.jpg\" target=\"_blank\"><img decoding=\"async\" src=\"http:\/\/www.fuldaer-nachrichten.de\/wp-content\/uploads\/2010\/08\/100816_MallorcaParty_071.thumbnail.jpg\" alt=\"100816_MallorcaParty_071.jpg\" width=\"265\" \/><\/a> <a title=\"Foto: Marzena Traber\" rel=\"lightbox[roadtrip]\" href=\"http:\/\/www.fuldaer-nachrichten.de\/wp-content\/uploads\/2010\/08\/100816_MallorcaParty_072.jpg\" target=\"_blank\"><img decoding=\"async\" src=\"http:\/\/www.fuldaer-nachrichten.de\/wp-content\/uploads\/2010\/08\/100816_MallorcaParty_072.thumbnail.jpg\" alt=\"100816_MallorcaParty_072.jpg\" width=\"265\" \/><\/a><\/p>\n<p><a title=\"Foto: Marzena Traber\" rel=\"lightbox[roadtrip]\" href=\"http:\/\/www.fuldaer-nachrichten.de\/wp-content\/uploads\/2010\/08\/100816_MallorcaParty_073.jpg\" target=\"_blank\"><img decoding=\"async\" src=\"http:\/\/www.fuldaer-nachrichten.de\/wp-content\/uploads\/2010\/08\/100816_MallorcaParty_073.thumbnail.jpg\" alt=\"100816_MallorcaParty_073.jpg\" width=\"265\" \/><\/a> <a title=\"Foto: Marzena Traber\" rel=\"lightbox[roadtrip]\" href=\"http:\/\/www.fuldaer-nachrichten.de\/wp-content\/uploads\/2010\/08\/100816_MallorcaParty_074.jpg\" target=\"_blank\"><img decoding=\"async\" src=\"http:\/\/www.fuldaer-nachrichten.de\/wp-content\/uploads\/2010\/08\/100816_MallorcaParty_074.thumbnail.jpg\" alt=\"100816_MallorcaParty_074.jpg\" width=\"265\" \/><\/a><\/p>\n<p><a title=\"Foto: Marzena Traber\" rel=\"lightbox[roadtrip]\" href=\"http:\/\/www.fuldaer-nachrichten.de\/wp-content\/uploads\/2010\/08\/100816_MallorcaParty_075.jpg\" target=\"_blank\"><img decoding=\"async\" src=\"http:\/\/www.fuldaer-nachrichten.de\/wp-content\/uploads\/2010\/08\/100816_MallorcaParty_075.thumbnail.jpg\" alt=\"100816_MallorcaParty_075.jpg\" width=\"265\" \/><\/a> <a title=\"Foto: Marzena Traber\" rel=\"lightbox[roadtrip]\" href=\"http:\/\/www.fuldaer-nachrichten.de\/wp-content\/uploads\/2010\/08\/100816_MallorcaParty_076.jpg\" target=\"_blank\"><img decoding=\"async\" src=\"http:\/\/www.fuldaer-nachrichten.de\/wp-content\/uploads\/2010\/08\/100816_MallorcaParty_076.thumbnail.jpg\" alt=\"100816_MallorcaParty_076.jpg\" width=\"265\" \/><\/a><\/p>\n<p><a title=\"Foto: Marzena Traber\" rel=\"lightbox[roadtrip]\" href=\"http:\/\/www.fuldaer-nachrichten.de\/wp-content\/uploads\/2010\/08\/100816_MallorcaParty_077.jpg\" target=\"_blank\"><img decoding=\"async\" src=\"http:\/\/www.fuldaer-nachrichten.de\/wp-content\/uploads\/2010\/08\/100816_MallorcaParty_077.thumbnail.jpg\" alt=\"100816_MallorcaParty_077.jpg\" width=\"265\" \/><\/a> <a title=\"Foto: Marzena Traber\" rel=\"lightbox[roadtrip]\" href=\"http:\/\/www.fuldaer-nachrichten.de\/wp-content\/uploads\/2010\/08\/100816_MallorcaParty_078.jpg\" target=\"_blank\"><img decoding=\"async\" src=\"http:\/\/www.fuldaer-nachrichten.de\/wp-content\/uploads\/2010\/08\/100816_MallorcaParty_078.thumbnail.jpg\" alt=\"100816_MallorcaParty_078.jpg\" width=\"265\" \/><\/a><\/p>\n<p><a title=\"Foto: Marzena Traber\" rel=\"lightbox[roadtrip]\" href=\"http:\/\/www.fuldaer-nachrichten.de\/wp-content\/uploads\/2010\/08\/100816_MallorcaParty_079.jpg\" target=\"_blank\"><img decoding=\"async\" src=\"http:\/\/www.fuldaer-nachrichten.de\/wp-content\/uploads\/2010\/08\/100816_MallorcaParty_079.thumbnail.jpg\" alt=\"100816_MallorcaParty_079.jpg\" width=\"265\" \/><\/a> <a title=\"Foto: Marzena Traber\" rel=\"lightbox[roadtrip]\" href=\"http:\/\/www.fuldaer-nachrichten.de\/wp-content\/uploads\/2010\/08\/100816_MallorcaParty_080.jpg\" target=\"_blank\"><img decoding=\"async\" src=\"http:\/\/www.fuldaer-nachrichten.de\/wp-content\/uploads\/2010\/08\/100816_MallorcaParty_080.thumbnail.jpg\" alt=\"100816_MallorcaParty_080.jpg\" width=\"265\" \/><\/a><\/p>\n<p><a title=\"Foto: Marzena Traber\" rel=\"lightbox[roadtrip]\" href=\"http:\/\/www.fuldaer-nachrichten.de\/wp-content\/uploads\/2010\/08\/100816_MallorcaParty_082.jpg\" target=\"_blank\"><img decoding=\"async\" src=\"http:\/\/www.fuldaer-nachrichten.de\/wp-content\/uploads\/2010\/08\/100816_MallorcaParty_082.thumbnail.jpg\" alt=\"100816_MallorcaParty_082.jpg\" width=\"265\" \/><\/a> <a title=\"Foto: Marzena Traber\" rel=\"lightbox[roadtrip]\" href=\"..\/wp-content\/uploads\/2010\/08\/100816_MallorcaParty_088.jpg\" target=\"_blank\"><img decoding=\"async\" src=\"http:\/\/www.fuldaer-nachrichten.de\/wp-content\/uploads\/2010\/08\/100816_MallorcaParty_088.thumbnail.jpg\" alt=\"100816_MallorcaParty_088.jpg\" width=\"265\" \/><\/a><\/p>\n<p><a title=\"Foto: Marzena Traber\" rel=\"lightbox[roadtrip]\" href=\"http:\/\/www.fuldaer-nachrichten.de\/wp-content\/uploads\/2010\/08\/100816_MallorcaParty_083.jpg\" target=\"_blank\"><img decoding=\"async\" src=\"http:\/\/www.fuldaer-nachrichten.de\/wp-content\/uploads\/2010\/08\/100816_MallorcaParty_083.thumbnail.jpg\" alt=\"100816_MallorcaParty_083.jpg\" width=\"265\" \/><\/a> <a title=\"Foto: Marzena Traber\" rel=\"lightbox[roadtrip]\" href=\"http:\/\/www.fuldaer-nachrichten.de\/wp-content\/uploads\/2010\/08\/100816_MallorcaParty_084.jpg\" target=\"_blank\"><img decoding=\"async\" src=\"http:\/\/www.fuldaer-nachrichten.de\/wp-content\/uploads\/2010\/08\/100816_MallorcaParty_084.thumbnail.jpg\" alt=\"100816_MallorcaParty_084.jpg\" width=\"265\" \/><\/a><\/p>\n<p><a title=\"Foto: Marzena Traber\" rel=\"lightbox[roadtrip]\" href=\"http:\/\/www.fuldaer-nachrichten.de\/wp-content\/uploads\/2010\/08\/100816_MallorcaParty_085.jpg\" target=\"_blank\"><img decoding=\"async\" src=\"http:\/\/www.fuldaer-nachrichten.de\/wp-content\/uploads\/2010\/08\/100816_MallorcaParty_085.thumbnail.jpg\" alt=\"100816_MallorcaParty_085.jpg\" width=\"265\" \/><\/a> <a title=\"Foto: Marzena Traber\" rel=\"lightbox[roadtrip]\" href=\"http:\/\/www.fuldaer-nachrichten.de\/wp-content\/uploads\/2010\/08\/100816_MallorcaParty_086.jpg\" target=\"_blank\"><img decoding=\"async\" src=\"http:\/\/www.fuldaer-nachrichten.de\/wp-content\/uploads\/2010\/08\/100816_MallorcaParty_086.thumbnail.jpg\" alt=\"100816_MallorcaParty_086.jpg\" width=\"265\" \/><\/a><\/p>\n<p><a title=\"Foto: Marzena Traber\" rel=\"lightbox[roadtrip]\" href=\"http:\/\/www.fuldaer-nachrichten.de\/wp-content\/uploads\/2010\/08\/100816_MallorcaParty_087.jpg\" target=\"_blank\"><img decoding=\"async\" src=\"http:\/\/www.fuldaer-nachrichten.de\/wp-content\/uploads\/2010\/08\/100816_MallorcaParty_087.thumbnail.jpg\" alt=\"100816_MallorcaParty_087.jpg\" width=\"265\" \/><\/a> <a title=\"Foto: Marzena Traber\" rel=\"lightbox[roadtrip]\" href=\"..\/wp-content\/uploads\/2010\/08\/100816_MallorcaParty_089.jpg\" target=\"_blank\"><img decoding=\"async\" src=\"http:\/\/www.fuldaer-nachrichten.de\/wp-content\/uploads\/2010\/08\/100816_MallorcaParty_089.thumbnail.jpg\" alt=\"100816_MallorcaParty_089.jpg\" width=\"265\" \/><\/a><\/p>\n<p><a title=\"Foto: Marzena Traber\" rel=\"lightbox[roadtrip]\" href=\"http:\/\/www.fuldaer-nachrichten.de\/wp-content\/uploads\/2010\/08\/100816_MallorcaParty_090.jpg\" target=\"_blank\"><img decoding=\"async\" src=\"http:\/\/www.fuldaer-nachrichten.de\/wp-content\/uploads\/2010\/08\/100816_MallorcaParty_090.thumbnail.jpg\" alt=\"100816_MallorcaParty_090.jpg\" width=\"265\" \/><\/a> <a title=\"Foto: Marzena Traber\" rel=\"lightbox[roadtrip]\" href=\"..\/wp-content\/uploads\/2010\/08\/100816_MallorcaParty_092.jpg\" target=\"_blank\"><img decoding=\"async\" src=\"http:\/\/www.fuldaer-nachrichten.de\/wp-content\/uploads\/2010\/08\/100816_MallorcaParty_092.thumbnail.jpg\" alt=\"100816_MallorcaParty_092.jpg\" width=\"265\" \/><\/a><\/p>\n<p><a title=\"Foto: Marzena Traber\" rel=\"lightbox[roadtrip]\" href=\"http:\/\/www.fuldaer-nachrichten.de\/wp-content\/uploads\/2010\/08\/100816_MallorcaParty_091.jpg\" target=\"_blank\"><img decoding=\"async\" src=\"http:\/\/www.fuldaer-nachrichten.de\/wp-content\/uploads\/2010\/08\/100816_MallorcaParty_091.thumbnail.jpg\" alt=\"100816_MallorcaParty_091.jpg\" width=\"265\" \/><\/a> <a title=\"Foto: Marzena Traber\" rel=\"lightbox[roadtrip]\" href=\"..\/wp-content\/uploads\/2010\/08\/100816_MallorcaParty_100.jpg\" target=\"_blank\"><img decoding=\"async\" src=\"http:\/\/www.fuldaer-nachrichten.de\/wp-content\/uploads\/2010\/08\/100816_MallorcaParty_100.thumbnail.jpg\" alt=\"100816_MallorcaParty_100.jpg\" width=\"265\" \/><\/a><\/p>\n<p><a title=\"Foto: Marzena Traber\" rel=\"lightbox[roadtrip]\" href=\"http:\/\/www.fuldaer-nachrichten.de\/wp-content\/uploads\/2010\/08\/100816_MallorcaParty_093.jpg\" target=\"_blank\"><img decoding=\"async\" src=\"http:\/\/www.fuldaer-nachrichten.de\/wp-content\/uploads\/2010\/08\/100816_MallorcaParty_093.thumbnail.jpg\" alt=\"100816_MallorcaParty_093.jpg\" width=\"265\" \/><\/a> <a title=\"Foto: Marzena Traber\" rel=\"lightbox[roadtrip]\" href=\"http:\/\/www.fuldaer-nachrichten.de\/wp-content\/uploads\/2010\/08\/100816_MallorcaParty_094.jpg\" target=\"_blank\"><img decoding=\"async\" src=\"http:\/\/www.fuldaer-nachrichten.de\/wp-content\/uploads\/2010\/08\/100816_MallorcaParty_094.thumbnail.jpg\" alt=\"100816_MallorcaParty_094.jpg\" width=\"265\" \/><\/a><\/p>\n<p><a title=\"Foto: Marzena Traber\" rel=\"lightbox[roadtrip]\" href=\"http:\/\/www.fuldaer-nachrichten.de\/wp-content\/uploads\/2010\/08\/100816_MallorcaParty_095.jpg\" target=\"_blank\"><img decoding=\"async\" src=\"http:\/\/www.fuldaer-nachrichten.de\/wp-content\/uploads\/2010\/08\/100816_MallorcaParty_095.thumbnail.jpg\" alt=\"100816_MallorcaParty_095.jpg\" width=\"265\" \/><\/a> <a title=\"Foto: Marzena Traber\" rel=\"lightbox[roadtrip]\" href=\"http:\/\/www.fuldaer-nachrichten.de\/wp-content\/uploads\/2010\/08\/100816_MallorcaParty_096.jpg\" target=\"_blank\"><img decoding=\"async\" src=\"http:\/\/www.fuldaer-nachrichten.de\/wp-content\/uploads\/2010\/08\/100816_MallorcaParty_096.thumbnail.jpg\" alt=\"100816_MallorcaParty_096.jpg\" width=\"265\" \/><\/a><\/p>\n<p><a title=\"Foto: Marzena Traber\" rel=\"lightbox[roadtrip]\" href=\"http:\/\/www.fuldaer-nachrichten.de\/wp-content\/uploads\/2010\/08\/100816_MallorcaParty_097.jpg\" target=\"_blank\"><img decoding=\"async\" src=\"http:\/\/www.fuldaer-nachrichten.de\/wp-content\/uploads\/2010\/08\/100816_MallorcaParty_097.thumbnail.jpg\" alt=\"100816_MallorcaParty_097.jpg\" width=\"265\" \/><\/a> <a title=\"Foto: Marzena Traber\" rel=\"lightbox[roadtrip]\" href=\"http:\/\/www.fuldaer-nachrichten.de\/wp-content\/uploads\/2010\/08\/100816_MallorcaParty_098.jpg\" target=\"_blank\"><img decoding=\"async\" src=\"http:\/\/www.fuldaer-nachrichten.de\/wp-content\/uploads\/2010\/08\/100816_MallorcaParty_098.thumbnail.jpg\" alt=\"100816_MallorcaParty_098.jpg\" width=\"265\" \/><\/a><\/p>\n<p><a title=\"Foto: Marzena Traber\" rel=\"lightbox[roadtrip]\" href=\"http:\/\/www.fuldaer-nachrichten.de\/wp-content\/uploads\/2010\/08\/100816_MallorcaParty_099.jpg\" target=\"_blank\"><img decoding=\"async\" src=\"http:\/\/www.fuldaer-nachrichten.de\/wp-content\/uploads\/2010\/08\/100816_MallorcaParty_099.thumbnail.jpg\" alt=\"100816_MallorcaParty_099.jpg\" width=\"265\" \/><\/a> <a title=\"Foto: Marzena Traber\" rel=\"lightbox[roadtrip]\" href=\"..\/wp-content\/uploads\/2010\/08\/100816_MallorcaParty_103.jpg\" target=\"_blank\"><img decoding=\"async\" src=\"http:\/\/www.fuldaer-nachrichten.de\/wp-content\/uploads\/2010\/08\/100816_MallorcaParty_103.thumbnail.jpg\" alt=\"100816_MallorcaParty_103.jpg\" width=\"265\" \/><\/a><\/p>\n<p><a title=\"Foto: Marzena Traber\" rel=\"lightbox[roadtrip]\" href=\"http:\/\/www.fuldaer-nachrichten.de\/wp-content\/uploads\/2010\/08\/100816_MallorcaParty_101.jpg\" target=\"_blank\"><img decoding=\"async\" src=\"http:\/\/www.fuldaer-nachrichten.de\/wp-content\/uploads\/2010\/08\/100816_MallorcaParty_101.thumbnail.jpg\" alt=\"100816_MallorcaParty_101.jpg\" width=\"265\" \/><\/a> <a title=\"Foto: Marzena Traber\" rel=\"lightbox[roadtrip]\" href=\"http:\/\/www.fuldaer-nachrichten.de\/wp-content\/uploads\/2010\/08\/100816_MallorcaParty_102.jpg\" target=\"_blank\"><img decoding=\"async\" src=\"http:\/\/www.fuldaer-nachrichten.de\/wp-content\/uploads\/2010\/08\/100816_MallorcaParty_102.thumbnail.jpg\" alt=\"100816_MallorcaParty_102.jpg\" width=\"265\" \/><\/a><\/p>\n<p><a title=\"Foto: Marzena Traber\" rel=\"lightbox[roadtrip]\" href=\"..\/wp-content\/uploads\/2010\/08\/100816_MallorcaParty_107.jpg\" target=\"_blank\"><img decoding=\"async\" src=\"http:\/\/www.fuldaer-nachrichten.de\/wp-content\/uploads\/2010\/08\/100816_MallorcaParty_107.thumbnail.jpg\" alt=\"100816_MallorcaParty_107.jpg\" width=\"265\" \/><\/a> <a title=\"Foto: Marzena Traber\" rel=\"lightbox[roadtrip]\" href=\"http:\/\/www.fuldaer-nachrichten.de\/wp-content\/uploads\/2010\/08\/100816_MallorcaParty_104.jpg\" target=\"_blank\"><img decoding=\"async\" src=\"http:\/\/www.fuldaer-nachrichten.de\/wp-content\/uploads\/2010\/08\/100816_MallorcaParty_104.thumbnail.jpg\" alt=\"100816_MallorcaParty_104.jpg\" width=\"265\" \/><\/a><\/p>\n<p><a title=\"Foto: Marzena Traber\" rel=\"lightbox[roadtrip]\" href=\"http:\/\/www.fuldaer-nachrichten.de\/wp-content\/uploads\/2010\/08\/100816_MallorcaParty_105.jpg\" target=\"_blank\"><img decoding=\"async\" src=\"http:\/\/www.fuldaer-nachrichten.de\/wp-content\/uploads\/2010\/08\/100816_MallorcaParty_105.thumbnail.jpg\" alt=\"100816_MallorcaParty_105.jpg\" width=\"265\" \/><\/a> <a title=\"Foto: Marzena Traber\" rel=\"lightbox[roadtrip]\" href=\"http:\/\/www.fuldaer-nachrichten.de\/wp-content\/uploads\/2010\/08\/100816_MallorcaParty_106.jpg\" target=\"_blank\"><img decoding=\"async\" src=\"http:\/\/www.fuldaer-nachrichten.de\/wp-content\/uploads\/2010\/08\/100816_MallorcaParty_106.thumbnail.jpg\" alt=\"100816_MallorcaParty_106.jpg\" width=\"265\" \/><\/a><\/p>\n<p><a title=\"Foto: Marzena Traber\" rel=\"lightbox[roadtrip]\" href=\"http:\/\/www.fuldaer-nachrichten.de\/wp-content\/uploads\/2010\/08\/100816_MallorcaParty_108.jpg\" target=\"_blank\"><img decoding=\"async\" src=\"http:\/\/www.fuldaer-nachrichten.de\/wp-content\/uploads\/2010\/08\/100816_MallorcaParty_108.thumbnail.jpg\" alt=\"100816_MallorcaParty_108.jpg\" width=\"265\" \/><\/a> <a title=\"Foto: Marzena Traber\" rel=\"lightbox[roadtrip]\" href=\"..\/wp-content\/uploads\/2010\/08\/100816_MallorcaParty_135.jpg\" target=\"_blank\"><img decoding=\"async\" src=\"http:\/\/www.fuldaer-nachrichten.de\/wp-content\/uploads\/2010\/08\/100816_MallorcaParty_135.thumbnail.jpg\" alt=\"100816_MallorcaParty_135.jpg\" width=\"265\" \/><\/a><\/p>\n<p><a title=\"Foto: Marzena Traber\" rel=\"lightbox[roadtrip]\" href=\"http:\/\/www.fuldaer-nachrichten.de\/wp-content\/uploads\/2010\/08\/100816_MallorcaParty_109.jpg\" target=\"_blank\"><img decoding=\"async\" src=\"http:\/\/www.fuldaer-nachrichten.de\/wp-content\/uploads\/2010\/08\/100816_MallorcaParty_109.thumbnail.jpg\" alt=\"100816_MallorcaParty_109.jpg\" width=\"265\" \/><\/a> <a title=\"Foto: Marzena Traber\" rel=\"lightbox[roadtrip]\" href=\"http:\/\/www.fuldaer-nachrichten.de\/wp-content\/uploads\/2010\/08\/100816_MallorcaParty_110.jpg\" target=\"_blank\"><img decoding=\"async\" src=\"http:\/\/www.fuldaer-nachrichten.de\/wp-content\/uploads\/2010\/08\/100816_MallorcaParty_110.thumbnail.jpg\" alt=\"100816_MallorcaParty_110.jpg\" width=\"265\" \/><\/a><\/p>\n<p><a title=\"Foto: Marzena Traber\" rel=\"lightbox[roadtrip]\" href=\"http:\/\/www.fuldaer-nachrichten.de\/wp-content\/uploads\/2010\/08\/100816_MallorcaParty_111.jpg\" target=\"_blank\"><img decoding=\"async\" src=\"http:\/\/www.fuldaer-nachrichten.de\/wp-content\/uploads\/2010\/08\/100816_MallorcaParty_111.thumbnail.jpg\" alt=\"100816_MallorcaParty_111.jpg\" width=\"265\" \/><\/a> <a title=\"Foto: Marzena Traber\" rel=\"lightbox[roadtrip]\" href=\"http:\/\/www.fuldaer-nachrichten.de\/wp-content\/uploads\/2010\/08\/100816_MallorcaParty_112.jpg\" target=\"_blank\"><img decoding=\"async\" src=\"http:\/\/www.fuldaer-nachrichten.de\/wp-content\/uploads\/2010\/08\/100816_MallorcaParty_112.thumbnail.jpg\" alt=\"100816_MallorcaParty_112.jpg\" width=\"265\" \/><\/a><\/p>\n<p><a title=\"Foto: Marzena Traber\" rel=\"lightbox[roadtrip]\" href=\"http:\/\/www.fuldaer-nachrichten.de\/wp-content\/uploads\/2010\/08\/100816_MallorcaParty_113.jpg\" target=\"_blank\"><img decoding=\"async\" src=\"http:\/\/www.fuldaer-nachrichten.de\/wp-content\/uploads\/2010\/08\/100816_MallorcaParty_113.thumbnail.jpg\" alt=\"100816_MallorcaParty_113.jpg\" width=\"265\" \/><\/a> <a title=\"Foto: Marzena Traber\" rel=\"lightbox[roadtrip]\" href=\"http:\/\/www.fuldaer-nachrichten.de\/wp-content\/uploads\/2010\/08\/100816_MallorcaParty_114.jpg\" target=\"_blank\"><img decoding=\"async\" src=\"http:\/\/www.fuldaer-nachrichten.de\/wp-content\/uploads\/2010\/08\/100816_MallorcaParty_114.thumbnail.jpg\" alt=\"100816_MallorcaParty_114.jpg\" width=\"265\" \/><\/a><\/p>\n<p><a title=\"Foto: Marzena Traber\" rel=\"lightbox[roadtrip]\" href=\"http:\/\/www.fuldaer-nachrichten.de\/wp-content\/uploads\/2010\/08\/100816_MallorcaParty_115.jpg\" target=\"_blank\"><img decoding=\"async\" src=\"http:\/\/www.fuldaer-nachrichten.de\/wp-content\/uploads\/2010\/08\/100816_MallorcaParty_115.thumbnail.jpg\" alt=\"100816_MallorcaParty_115.jpg\" width=\"265\" \/><\/a> <a title=\"Foto: Marzena Traber\" rel=\"lightbox[roadtrip]\" href=\"http:\/\/www.fuldaer-nachrichten.de\/wp-content\/uploads\/2010\/08\/100816_MallorcaParty_116.jpg\" target=\"_blank\"><img decoding=\"async\" src=\"http:\/\/www.fuldaer-nachrichten.de\/wp-content\/uploads\/2010\/08\/100816_MallorcaParty_116.thumbnail.jpg\" alt=\"100816_MallorcaParty_116.jpg\" width=\"265\" \/><\/a><\/p>\n<p><a title=\"Foto: Marzena Traber\" rel=\"lightbox[roadtrip]\" href=\"http:\/\/www.fuldaer-nachrichten.de\/wp-content\/uploads\/2010\/08\/100816_MallorcaParty_117.jpg\" target=\"_blank\"><img decoding=\"async\" src=\"http:\/\/www.fuldaer-nachrichten.de\/wp-content\/uploads\/2010\/08\/100816_MallorcaParty_117.thumbnail.jpg\" alt=\"100816_MallorcaParty_117.jpg\" width=\"265\" \/><\/a> <a title=\"Foto: Marzena Traber\" rel=\"lightbox[roadtrip]\" href=\"http:\/\/www.fuldaer-nachrichten.de\/wp-content\/uploads\/2010\/08\/100816_MallorcaParty_118.jpg\" target=\"_blank\"><img decoding=\"async\" src=\"http:\/\/www.fuldaer-nachrichten.de\/wp-content\/uploads\/2010\/08\/100816_MallorcaParty_118.thumbnail.jpg\" alt=\"100816_MallorcaParty_118.jpg\" width=\"265\" \/><\/a><\/p>\n<p><a title=\"Foto: Marzena Traber\" rel=\"lightbox[roadtrip]\" href=\"http:\/\/www.fuldaer-nachrichten.de\/wp-content\/uploads\/2010\/08\/100816_MallorcaParty_119.jpg\" target=\"_blank\"><img decoding=\"async\" src=\"http:\/\/www.fuldaer-nachrichten.de\/wp-content\/uploads\/2010\/08\/100816_MallorcaParty_119.thumbnail.jpg\" alt=\"100816_MallorcaParty_119.jpg\" width=\"265\" \/><\/a> <a title=\"Foto: Marzena Traber\" rel=\"lightbox[roadtrip]\" href=\"http:\/\/www.fuldaer-nachrichten.de\/wp-content\/uploads\/2010\/08\/100816_MallorcaParty_120.jpg\" target=\"_blank\"><img decoding=\"async\" src=\"http:\/\/www.fuldaer-nachrichten.de\/wp-content\/uploads\/2010\/08\/100816_MallorcaParty_120.thumbnail.jpg\" alt=\"100816_MallorcaParty_120.jpg\" width=\"265\" \/><\/a><\/p>\n<p><a title=\"Foto: Marzena Traber\" rel=\"lightbox[roadtrip]\" href=\"http:\/\/www.fuldaer-nachrichten.de\/wp-content\/uploads\/2010\/08\/100816_MallorcaParty_121.jpg\" target=\"_blank\"><img decoding=\"async\" src=\"http:\/\/www.fuldaer-nachrichten.de\/wp-content\/uploads\/2010\/08\/100816_MallorcaParty_121.thumbnail.jpg\" alt=\"100816_MallorcaParty_121.jpg\" width=\"265\" \/><\/a> <a title=\"Foto: Marzena Traber\" rel=\"lightbox[roadtrip]\" href=\"http:\/\/www.fuldaer-nachrichten.de\/wp-content\/uploads\/2010\/08\/100816_MallorcaParty_122.jpg\" target=\"_blank\"><img decoding=\"async\" src=\"http:\/\/www.fuldaer-nachrichten.de\/wp-content\/uploads\/2010\/08\/100816_MallorcaParty_122.thumbnail.jpg\" alt=\"100816_MallorcaParty_122.jpg\" width=\"265\" \/><\/a><\/p>\n<p><a title=\"Foto: Marzena Traber\" rel=\"lightbox[roadtrip]\" href=\"http:\/\/www.fuldaer-nachrichten.de\/wp-content\/uploads\/2010\/08\/100816_MallorcaParty_123.jpg\" target=\"_blank\"><img decoding=\"async\" src=\"http:\/\/www.fuldaer-nachrichten.de\/wp-content\/uploads\/2010\/08\/100816_MallorcaParty_123.thumbnail.jpg\" alt=\"100816_MallorcaParty_123.jpg\" width=\"265\" \/><\/a> <a title=\"Foto: Marzena Traber\" rel=\"lightbox[roadtrip]\" href=\"http:\/\/www.fuldaer-nachrichten.de\/wp-content\/uploads\/2010\/08\/100816_MallorcaParty_124.jpg\" target=\"_blank\"><img decoding=\"async\" src=\"http:\/\/www.fuldaer-nachrichten.de\/wp-content\/uploads\/2010\/08\/100816_MallorcaParty_124.thumbnail.jpg\" alt=\"100816_MallorcaParty_124.jpg\" width=\"265\" \/><\/a><\/p>\n<p><a title=\"Foto: Marzena Traber\" rel=\"lightbox[roadtrip]\" href=\"http:\/\/www.fuldaer-nachrichten.de\/wp-content\/uploads\/2010\/08\/100816_MallorcaParty_125.jpg\" target=\"_blank\"><img decoding=\"async\" src=\"http:\/\/www.fuldaer-nachrichten.de\/wp-content\/uploads\/2010\/08\/100816_MallorcaParty_125.thumbnail.jpg\" alt=\"100816_MallorcaParty_125.jpg\" width=\"265\" \/><\/a> <a title=\"Foto: Marzena Traber\" rel=\"lightbox[roadtrip]\" href=\"http:\/\/www.fuldaer-nachrichten.de\/wp-content\/uploads\/2010\/08\/100816_MallorcaParty_126.jpg\" target=\"_blank\"><img decoding=\"async\" src=\"http:\/\/www.fuldaer-nachrichten.de\/wp-content\/uploads\/2010\/08\/100816_MallorcaParty_126.thumbnail.jpg\" alt=\"100816_MallorcaParty_126.jpg\" width=\"265\" \/><\/a><\/p>\n<p><a title=\"Foto: Marzena Traber\" rel=\"lightbox[roadtrip]\" href=\"http:\/\/www.fuldaer-nachrichten.de\/wp-content\/uploads\/2010\/08\/100816_MallorcaParty_127.jpg\" target=\"_blank\"><img decoding=\"async\" src=\"http:\/\/www.fuldaer-nachrichten.de\/wp-content\/uploads\/2010\/08\/100816_MallorcaParty_127.thumbnail.jpg\" alt=\"100816_MallorcaParty_127.jpg\" width=\"265\" \/><\/a> <a title=\"Foto: Marzena Traber\" rel=\"lightbox[roadtrip]\" href=\"http:\/\/www.fuldaer-nachrichten.de\/wp-content\/uploads\/2010\/08\/100816_MallorcaParty_128.jpg\" target=\"_blank\"><img decoding=\"async\" src=\"http:\/\/www.fuldaer-nachrichten.de\/wp-content\/uploads\/2010\/08\/100816_MallorcaParty_128.thumbnail.jpg\" alt=\"100816_MallorcaParty_128.jpg\" width=\"265\" \/><\/a><\/p>\n<p><a title=\"Foto: Marzena Traber\" rel=\"lightbox[roadtrip]\" href=\"http:\/\/www.fuldaer-nachrichten.de\/wp-content\/uploads\/2010\/08\/100816_MallorcaParty_129.jpg\" target=\"_blank\"><img decoding=\"async\" src=\"http:\/\/www.fuldaer-nachrichten.de\/wp-content\/uploads\/2010\/08\/100816_MallorcaParty_129.thumbnail.jpg\" alt=\"100816_MallorcaParty_129.jpg\" width=\"265\" \/><\/a> <a title=\"Foto: Marzena Traber\" rel=\"lightbox[roadtrip]\" href=\"http:\/\/www.fuldaer-nachrichten.de\/wp-content\/uploads\/2010\/08\/100816_MallorcaParty_130.jpg\" target=\"_blank\"><img decoding=\"async\" src=\"http:\/\/www.fuldaer-nachrichten.de\/wp-content\/uploads\/2010\/08\/100816_MallorcaParty_130.thumbnail.jpg\" alt=\"100816_MallorcaParty_130.jpg\" width=\"265\" \/><\/a><\/p>\n<p><a title=\"Foto: Marzena Traber\" rel=\"lightbox[roadtrip]\" href=\"http:\/\/www.fuldaer-nachrichten.de\/wp-content\/uploads\/2010\/08\/100816_MallorcaParty_131.jpg\" target=\"_blank\"><img decoding=\"async\" src=\"http:\/\/www.fuldaer-nachrichten.de\/wp-content\/uploads\/2010\/08\/100816_MallorcaParty_131.thumbnail.jpg\" alt=\"100816_MallorcaParty_131.jpg\" width=\"265\" \/><\/a> <a title=\"Foto: Marzena Traber\" rel=\"lightbox[roadtrip]\" href=\"http:\/\/www.fuldaer-nachrichten.de\/wp-content\/uploads\/2010\/08\/100816_MallorcaParty_132.jpg\" target=\"_blank\"><img decoding=\"async\" src=\"http:\/\/www.fuldaer-nachrichten.de\/wp-content\/uploads\/2010\/08\/100816_MallorcaParty_132.thumbnail.jpg\" alt=\"100816_MallorcaParty_132.jpg\" width=\"265\" \/><\/a><\/p>\n<p><a title=\"Foto: Marzena Traber\" rel=\"lightbox[roadtrip]\" href=\"http:\/\/www.fuldaer-nachrichten.de\/wp-content\/uploads\/2010\/08\/100816_MallorcaParty_133.jpg\" target=\"_blank\"><img decoding=\"async\" src=\"http:\/\/www.fuldaer-nachrichten.de\/wp-content\/uploads\/2010\/08\/100816_MallorcaParty_133.thumbnail.jpg\" alt=\"100816_MallorcaParty_133.jpg\" width=\"265\" \/><\/a> <a title=\"Foto: Marzena Traber\" rel=\"lightbox[roadtrip]\" href=\"http:\/\/www.fuldaer-nachrichten.de\/wp-content\/uploads\/2010\/08\/100816_MallorcaParty_134.jpg\" target=\"_blank\"><img decoding=\"async\" src=\"http:\/\/www.fuldaer-nachrichten.de\/wp-content\/uploads\/2010\/08\/100816_MallorcaParty_134.thumbnail.jpg\" alt=\"100816_MallorcaParty_134.jpg\" width=\"265\" \/><\/a><\/p>\n<p><a title=\"Foto: Marzena Traber\" rel=\"lightbox[roadtrip]\" href=\"..\/wp-content\/uploads\/2010\/08\/100816_MallorcaParty_155.jpg\" target=\"_blank\"><img decoding=\"async\" src=\"http:\/\/www.fuldaer-nachrichten.de\/wp-content\/uploads\/2010\/08\/100816_MallorcaParty_155.thumbnail.jpg\" alt=\"100816_MallorcaParty_155.jpg\" width=\"265\" \/><\/a> <a title=\"Foto: Marzena Traber\" rel=\"lightbox[roadtrip]\" href=\"http:\/\/www.fuldaer-nachrichten.de\/wp-content\/uploads\/2010\/08\/100816_MallorcaParty_136.jpg\" target=\"_blank\"><img decoding=\"async\" src=\"http:\/\/www.fuldaer-nachrichten.de\/wp-content\/uploads\/2010\/08\/100816_MallorcaParty_136.thumbnail.jpg\" alt=\"100816_MallorcaParty_136.jpg\" width=\"265\" \/><\/a><\/p>\n<p><a title=\"Foto: Marzena Traber\" rel=\"lightbox[roadtrip]\" href=\"http:\/\/www.fuldaer-nachrichten.de\/wp-content\/uploads\/2010\/08\/100816_MallorcaParty_137.jpg\" target=\"_blank\"><img decoding=\"async\" src=\"http:\/\/www.fuldaer-nachrichten.de\/wp-content\/uploads\/2010\/08\/100816_MallorcaParty_137.thumbnail.jpg\" alt=\"100816_MallorcaParty_137.jpg\" width=\"265\" \/><\/a> <a title=\"Foto: Marzena Traber\" rel=\"lightbox[roadtrip]\" href=\"http:\/\/www.fuldaer-nachrichten.de\/wp-content\/uploads\/2010\/08\/100816_MallorcaParty_138.jpg\" target=\"_blank\"><img decoding=\"async\" src=\"http:\/\/www.fuldaer-nachrichten.de\/wp-content\/uploads\/2010\/08\/100816_MallorcaParty_138.thumbnail.jpg\" alt=\"100816_MallorcaParty_138.jpg\" width=\"265\" \/><\/a><\/p>\n<p><a title=\"Foto: Marzena Traber\" rel=\"lightbox[roadtrip]\" href=\"http:\/\/www.fuldaer-nachrichten.de\/wp-content\/uploads\/2010\/08\/100816_MallorcaParty_139.jpg\" target=\"_blank\"><img decoding=\"async\" src=\"http:\/\/www.fuldaer-nachrichten.de\/wp-content\/uploads\/2010\/08\/100816_MallorcaParty_139.thumbnail.jpg\" alt=\"100816_MallorcaParty_139.jpg\" width=\"265\" \/><\/a> <a title=\"Foto: Marzena Traber\" rel=\"lightbox[roadtrip]\" href=\"http:\/\/www.fuldaer-nachrichten.de\/wp-content\/uploads\/2010\/08\/100816_MallorcaParty_140.jpg\" target=\"_blank\"><img decoding=\"async\" src=\"http:\/\/www.fuldaer-nachrichten.de\/wp-content\/uploads\/2010\/08\/100816_MallorcaParty_140.thumbnail.jpg\" alt=\"100816_MallorcaParty_140.jpg\" width=\"265\" \/><\/a><\/p>\n<p><a title=\"Foto: Marzena Traber\" rel=\"lightbox[roadtrip]\" href=\"http:\/\/www.fuldaer-nachrichten.de\/wp-content\/uploads\/2010\/08\/100816_MallorcaParty_141.jpg\" target=\"_blank\"><img decoding=\"async\" src=\"http:\/\/www.fuldaer-nachrichten.de\/wp-content\/uploads\/2010\/08\/100816_MallorcaParty_141.thumbnail.jpg\" alt=\"100816_MallorcaParty_141.jpg\" width=\"265\" \/><\/a> <a title=\"Foto: Marzena Traber\" rel=\"lightbox[roadtrip]\" href=\"http:\/\/www.fuldaer-nachrichten.de\/wp-content\/uploads\/2010\/08\/100816_MallorcaParty_142.jpg\" target=\"_blank\"><img decoding=\"async\" src=\"http:\/\/www.fuldaer-nachrichten.de\/wp-content\/uploads\/2010\/08\/100816_MallorcaParty_142.thumbnail.jpg\" alt=\"100816_MallorcaParty_142.jpg\" width=\"265\" \/><\/a><\/p>\n<p><a title=\"Foto: Marzena Traber\" rel=\"lightbox[roadtrip]\" href=\"http:\/\/www.fuldaer-nachrichten.de\/wp-content\/uploads\/2010\/08\/100816_MallorcaParty_143.jpg\" target=\"_blank\"><img decoding=\"async\" src=\"http:\/\/www.fuldaer-nachrichten.de\/wp-content\/uploads\/2010\/08\/100816_MallorcaParty_143.thumbnail.jpg\" alt=\"100816_MallorcaParty_143.jpg\" width=\"265\" \/><\/a> <a title=\"Foto: Marzena Traber\" rel=\"lightbox[roadtrip]\" href=\"http:\/\/www.fuldaer-nachrichten.de\/wp-content\/uploads\/2010\/08\/100816_MallorcaParty_144.jpg\" target=\"_blank\"><img decoding=\"async\" src=\"http:\/\/www.fuldaer-nachrichten.de\/wp-content\/uploads\/2010\/08\/100816_MallorcaParty_144.thumbnail.jpg\" alt=\"100816_MallorcaParty_144.jpg\" width=\"265\" \/><\/a><\/p>\n<p><a title=\"Foto: Marzena Traber\" rel=\"lightbox[roadtrip]\" href=\"http:\/\/www.fuldaer-nachrichten.de\/wp-content\/uploads\/2010\/08\/100816_MallorcaParty_145.jpg\" target=\"_blank\"><img decoding=\"async\" src=\"http:\/\/www.fuldaer-nachrichten.de\/wp-content\/uploads\/2010\/08\/100816_MallorcaParty_145.thumbnail.jpg\" alt=\"100816_MallorcaParty_145.jpg\" width=\"265\" \/><\/a> <a title=\"Foto: Marzena Traber\" rel=\"lightbox[roadtrip]\" href=\"http:\/\/www.fuldaer-nachrichten.de\/wp-content\/uploads\/2010\/08\/100816_MallorcaParty_146.jpg\" target=\"_blank\"><img decoding=\"async\" src=\"http:\/\/www.fuldaer-nachrichten.de\/wp-content\/uploads\/2010\/08\/100816_MallorcaParty_146.thumbnail.jpg\" alt=\"100816_MallorcaParty_146.jpg\" width=\"265\" \/><\/a><\/p>\n<p><a title=\"Foto: Marzena Traber\" rel=\"lightbox[roadtrip]\" href=\"http:\/\/www.fuldaer-nachrichten.de\/wp-content\/uploads\/2010\/08\/100816_MallorcaParty_147.jpg\" target=\"_blank\"><img decoding=\"async\" src=\"http:\/\/www.fuldaer-nachrichten.de\/wp-content\/uploads\/2010\/08\/100816_MallorcaParty_147.thumbnail.jpg\" alt=\"100816_MallorcaParty_147.jpg\" width=\"265\" \/><\/a> <a title=\"Foto: Marzena Traber\" rel=\"lightbox[roadtrip]\" href=\"http:\/\/www.fuldaer-nachrichten.de\/wp-content\/uploads\/2010\/08\/100816_MallorcaParty_148.jpg\" target=\"_blank\"><img decoding=\"async\" src=\"http:\/\/www.fuldaer-nachrichten.de\/wp-content\/uploads\/2010\/08\/100816_MallorcaParty_148.thumbnail.jpg\" alt=\"100816_MallorcaParty_148.jpg\" width=\"265\" \/><\/a><\/p>\n<p><a title=\"Foto: Marzena Traber\" rel=\"lightbox[roadtrip]\" href=\"http:\/\/www.fuldaer-nachrichten.de\/wp-content\/uploads\/2010\/08\/100816_MallorcaParty_149.jpg\" target=\"_blank\"><img decoding=\"async\" src=\"http:\/\/www.fuldaer-nachrichten.de\/wp-content\/uploads\/2010\/08\/100816_MallorcaParty_149.thumbnail.jpg\" alt=\"100816_MallorcaParty_149.jpg\" width=\"265\" \/><\/a> <a title=\"Foto: Marzena Traber\" rel=\"lightbox[roadtrip]\" href=\"http:\/\/www.fuldaer-nachrichten.de\/wp-content\/uploads\/2010\/08\/100816_MallorcaParty_150.jpg\" target=\"_blank\"><img decoding=\"async\" src=\"http:\/\/www.fuldaer-nachrichten.de\/wp-content\/uploads\/2010\/08\/100816_MallorcaParty_150.thumbnail.jpg\" alt=\"100816_MallorcaParty_150.jpg\" width=\"265\" \/><\/a><\/p>\n<p><a title=\"Foto: Marzena Traber\" rel=\"lightbox[roadtrip]\" href=\"http:\/\/www.fuldaer-nachrichten.de\/wp-content\/uploads\/2010\/08\/100816_MallorcaParty_151.jpg\" target=\"_blank\"><img decoding=\"async\" src=\"http:\/\/www.fuldaer-nachrichten.de\/wp-content\/uploads\/2010\/08\/100816_MallorcaParty_151.thumbnail.jpg\" alt=\"100816_MallorcaParty_151.jpg\" width=\"265\" \/><\/a> <a title=\"Foto: Marzena Traber\" rel=\"lightbox[roadtrip]\" href=\"http:\/\/www.fuldaer-nachrichten.de\/wp-content\/uploads\/2010\/08\/100816_MallorcaParty_152.jpg\" target=\"_blank\"><img decoding=\"async\" src=\"http:\/\/www.fuldaer-nachrichten.de\/wp-content\/uploads\/2010\/08\/100816_MallorcaParty_152.thumbnail.jpg\" alt=\"100816_MallorcaParty_152.jpg\" width=\"265\" \/><\/a><\/p>\n<p><a title=\"Foto: Marzena Traber\" rel=\"lightbox[roadtrip]\" href=\"http:\/\/www.fuldaer-nachrichten.de\/wp-content\/uploads\/2010\/08\/100816_MallorcaParty_153.jpg\" target=\"_blank\"><img decoding=\"async\" src=\"http:\/\/www.fuldaer-nachrichten.de\/wp-content\/uploads\/2010\/08\/100816_MallorcaParty_153.thumbnail.jpg\" alt=\"100816_MallorcaParty_153.jpg\" width=\"265\" \/><\/a> <a title=\"Foto: Marzena Traber\" rel=\"lightbox[roadtrip]\" href=\"http:\/\/www.fuldaer-nachrichten.de\/wp-content\/uploads\/2010\/08\/100816_MallorcaParty_154.jpg\" target=\"_blank\"><img decoding=\"async\" src=\"http:\/\/www.fuldaer-nachrichten.de\/wp-content\/uploads\/2010\/08\/100816_MallorcaParty_154.thumbnail.jpg\" alt=\"100816_MallorcaParty_154.jpg\" width=\"265\" \/><\/a><\/p>\n<p><a title=\"Foto: Marzena Traber\" rel=\"lightbox[roadtrip]\" href=\"http:\/\/www.fuldaer-nachrichten.de\/wp-content\/uploads\/2010\/08\/100816_MallorcaParty_156.jpg\" target=\"_blank\"><img decoding=\"async\" src=\"http:\/\/www.fuldaer-nachrichten.de\/wp-content\/uploads\/2010\/08\/100816_MallorcaParty_156.thumbnail.jpg\" alt=\"100816_MallorcaParty_156.jpg\" width=\"265\" \/><\/a> <a title=\"Foto: Marzena Traber\" rel=\"lightbox[roadtrip]\" href=\"..\/wp-content\/uploads\/2010\/08\/100816_MallorcaParty_158.jpg\" target=\"_blank\"><img decoding=\"async\" src=\"http:\/\/www.fuldaer-nachrichten.de\/wp-content\/uploads\/2010\/08\/100816_MallorcaParty_158.thumbnail.jpg\" alt=\"100816_MallorcaParty_158.jpg\" width=\"265\" \/><\/a><\/p>\n<p><a title=\"Foto: Marzena Traber\" rel=\"lightbox[roadtrip]\" href=\"http:\/\/www.fuldaer-nachrichten.de\/wp-content\/uploads\/2010\/08\/100816_MallorcaParty_157.jpg\" target=\"_blank\"><img decoding=\"async\" src=\"http:\/\/www.fuldaer-nachrichten.de\/wp-content\/uploads\/2010\/08\/100816_MallorcaParty_157.thumbnail.jpg\" alt=\"100816_MallorcaParty_157.jpg\" width=\"265\" \/><\/a> <a title=\"Foto: Marzena Traber\" rel=\"lightbox[roadtrip]\" href=\"..\/wp-content\/uploads\/2010\/08\/100816_MallorcaParty_162.jpg\" target=\"_blank\"><img decoding=\"async\" src=\"http:\/\/www.fuldaer-nachrichten.de\/wp-content\/uploads\/2010\/08\/100816_MallorcaParty_162.thumbnail.jpg\" alt=\"100816_MallorcaParty_162.jpg\" width=\"265\" \/><\/a><\/p>\n<p><a title=\"Foto: Marzena Traber\" rel=\"lightbox[roadtrip]\" href=\"http:\/\/www.fuldaer-nachrichten.de\/wp-content\/uploads\/2010\/08\/100816_MallorcaParty_159.jpg\" target=\"_blank\"><img decoding=\"async\" src=\"http:\/\/www.fuldaer-nachrichten.de\/wp-content\/uploads\/2010\/08\/100816_MallorcaParty_159.thumbnail.jpg\" alt=\"100816_MallorcaParty_159.jpg\" width=\"265\" \/><\/a> <a title=\"Foto: Marzena Traber\" rel=\"lightbox[roadtrip]\" href=\"http:\/\/www.fuldaer-nachrichten.de\/wp-content\/uploads\/2010\/08\/100816_MallorcaParty_160.jpg\" target=\"_blank\"><img decoding=\"async\" src=\"http:\/\/www.fuldaer-nachrichten.de\/wp-content\/uploads\/2010\/08\/100816_MallorcaParty_160.thumbnail.jpg\" alt=\"100816_MallorcaParty_160.jpg\" width=\"265\" \/><\/a><\/p>\n<p><a title=\"Foto: Marzena Traber\" rel=\"lightbox[roadtrip]\" href=\"http:\/\/www.fuldaer-nachrichten.de\/wp-content\/uploads\/2010\/08\/100816_MallorcaParty_161.jpg\" target=\"_blank\"><img decoding=\"async\" src=\"http:\/\/www.fuldaer-nachrichten.de\/wp-content\/uploads\/2010\/08\/100816_MallorcaParty_161.thumbnail.jpg\" alt=\"100816_MallorcaParty_161.jpg\" width=\"265\" \/><\/a> <a title=\"Foto: Marzena Traber\" rel=\"lightbox[roadtrip]\" href=\"..\/wp-content\/uploads\/2010\/08\/100816_MallorcaParty_165.jpg\" target=\"_blank\"><img decoding=\"async\" src=\"http:\/\/www.fuldaer-nachrichten.de\/wp-content\/uploads\/2010\/08\/100816_MallorcaParty_165.thumbnail.jpg\" alt=\"100816_MallorcaParty_165.jpg\" width=\"265\" \/><\/a><\/p>\n<p><a title=\"Foto: Marzena Traber\" rel=\"lightbox[roadtrip]\" href=\"http:\/\/www.fuldaer-nachrichten.de\/wp-content\/uploads\/2010\/08\/100816_MallorcaParty_163.jpg\" target=\"_blank\"><img decoding=\"async\" src=\"http:\/\/www.fuldaer-nachrichten.de\/wp-content\/uploads\/2010\/08\/100816_MallorcaParty_163.thumbnail.jpg\" alt=\"100816_MallorcaParty_163.jpg\" width=\"265\" \/><\/a> <a title=\"Foto: Marzena Traber\" rel=\"lightbox[roadtrip]\" href=\"http:\/\/www.fuldaer-nachrichten.de\/wp-content\/uploads\/2010\/08\/100816_MallorcaParty_164.jpg\" target=\"_blank\"><img decoding=\"async\" src=\"http:\/\/www.fuldaer-nachrichten.de\/wp-content\/uploads\/2010\/08\/100816_MallorcaParty_164.thumbnail.jpg\" alt=\"100816_MallorcaParty_164.jpg\" width=\"265\" \/><\/a><\/p>\n<p><a title=\"Foto: Marzena Traber\" rel=\"lightbox[roadtrip]\" href=\"http:\/\/www.fuldaer-nachrichten.de\/wp-content\/uploads\/2010\/08\/100816_MallorcaParty_167.jpg\" target=\"_blank\"><img decoding=\"async\" src=\"http:\/\/www.fuldaer-nachrichten.de\/wp-content\/uploads\/2010\/08\/100816_MallorcaParty_167.thumbnail.jpg\" alt=\"100816_MallorcaParty_167.jpg\" width=\"265\" \/><\/a> <a title=\"Foto: Marzena Traber\" rel=\"lightbox[roadtrip]\" href=\"http:\/\/www.fuldaer-nachrichten.de\/wp-content\/uploads\/2010\/08\/100816_MallorcaParty_168.jpg\" target=\"_blank\"><img decoding=\"async\" src=\"http:\/\/www.fuldaer-nachrichten.de\/wp-content\/uploads\/2010\/08\/100816_MallorcaParty_168.thumbnail.jpg\" alt=\"100816_MallorcaParty_168.jpg\" width=\"265\" \/><\/a><\/p>\n<p><a title=\"Foto: Marzena Traber\" rel=\"lightbox[roadtrip]\" href=\"http:\/\/www.fuldaer-nachrichten.de\/wp-content\/uploads\/2010\/08\/100816_MallorcaParty_169.jpg\" target=\"_blank\"><img decoding=\"async\" src=\"http:\/\/www.fuldaer-nachrichten.de\/wp-content\/uploads\/2010\/08\/100816_MallorcaParty_169.thumbnail.jpg\" alt=\"100816_MallorcaParty_169.jpg\" width=\"265\" \/><\/a> <a title=\"Foto: Marzena Traber\" rel=\"lightbox[roadtrip]\" href=\"http:\/\/www.fuldaer-nachrichten.de\/wp-content\/uploads\/2010\/08\/100816_MallorcaParty_170.jpg\" target=\"_blank\"><img decoding=\"async\" src=\"http:\/\/www.fuldaer-nachrichten.de\/wp-content\/uploads\/2010\/08\/100816_MallorcaParty_170.thumbnail.jpg\" alt=\"100816_MallorcaParty_170.jpg\" width=\"265\" \/><\/a><\/p>\n<p><a title=\"Foto: Marzena Traber\" rel=\"lightbox[roadtrip]\" href=\"http:\/\/www.fuldaer-nachrichten.de\/wp-content\/uploads\/2010\/08\/100816_MallorcaParty_171.jpg\" target=\"_blank\"><img decoding=\"async\" src=\"http:\/\/www.fuldaer-nachrichten.de\/wp-content\/uploads\/2010\/08\/100816_MallorcaParty_171.thumbnail.jpg\" alt=\"100816_MallorcaParty_171.jpg\" width=\"265\" \/><\/a> <a title=\"Foto: Marzena Traber\" rel=\"lightbox[roadtrip]\" href=\"http:\/\/www.fuldaer-nachrichten.de\/wp-content\/uploads\/2010\/08\/100816_MallorcaParty_172.jpg\" target=\"_blank\"><img decoding=\"async\" src=\"http:\/\/www.fuldaer-nachrichten.de\/wp-content\/uploads\/2010\/08\/100816_MallorcaParty_172.thumbnail.jpg\" alt=\"100816_MallorcaParty_172.jpg\" width=\"265\" \/><\/a><\/p>\n<p><a title=\"Foto: Marzena Traber\" rel=\"lightbox[roadtrip]\" href=\"http:\/\/www.fuldaer-nachrichten.de\/wp-content\/uploads\/2010\/08\/100816_MallorcaParty_173.jpg\" target=\"_blank\"><img decoding=\"async\" src=\"http:\/\/www.fuldaer-nachrichten.de\/wp-content\/uploads\/2010\/08\/100816_MallorcaParty_173.thumbnail.jpg\" alt=\"100816_MallorcaParty_173.jpg\" width=\"265\" \/><\/a> <a title=\"Foto: Marzena Traber\" rel=\"lightbox[roadtrip]\" href=\"http:\/\/www.fuldaer-nachrichten.de\/wp-content\/uploads\/2010\/08\/100816_MallorcaParty_174.jpg\" target=\"_blank\"><img decoding=\"async\" src=\"http:\/\/www.fuldaer-nachrichten.de\/wp-content\/uploads\/2010\/08\/100816_MallorcaParty_174.thumbnail.jpg\" alt=\"100816_MallorcaParty_174.jpg\" width=\"265\" \/><\/a><\/p>\n<p><a title=\"Foto: Marzena Traber\" rel=\"lightbox[roadtrip]\" href=\"http:\/\/www.fuldaer-nachrichten.de\/wp-content\/uploads\/2010\/08\/100816_MallorcaParty_175.jpg\" target=\"_blank\"><img decoding=\"async\" src=\"http:\/\/www.fuldaer-nachrichten.de\/wp-content\/uploads\/2010\/08\/100816_MallorcaParty_175.thumbnail.jpg\" alt=\"100816_MallorcaParty_175.jpg\" width=\"265\" \/><\/a> <a title=\"Foto: Marzena Traber\" rel=\"lightbox[roadtrip]\" href=\"http:\/\/www.fuldaer-nachrichten.de\/wp-content\/uploads\/2010\/08\/100816_MallorcaParty_176.jpg\" target=\"_blank\"><img decoding=\"async\" src=\"http:\/\/www.fuldaer-nachrichten.de\/wp-content\/uploads\/2010\/08\/100816_MallorcaParty_176.thumbnail.jpg\" alt=\"100816_MallorcaParty_176.jpg\" width=\"265\" \/><\/a><\/p>\n<p><a title=\"Foto: Marzena Traber\" rel=\"lightbox[roadtrip]\" href=\"..\/wp-content\/uploads\/2010\/08\/100816_MallorcaParty_166.jpg\" target=\"_blank\"><img decoding=\"async\" src=\"http:\/\/www.fuldaer-nachrichten.de\/wp-content\/uploads\/2010\/08\/100816_MallorcaParty_166.thumbnail.jpg\" alt=\"100816_MallorcaParty_166.jpg\" width=\"265\" \/> <\/a><a title=\"Foto: Marzena Traber\" rel=\"lightbox[roadtrip]\" href=\"..\/wp-content\/uploads\/2010\/08\/100816_MallorcaParty_206.jpg\" target=\"_blank\"><img decoding=\"async\" src=\"http:\/\/www.fuldaer-nachrichten.de\/wp-content\/uploads\/2010\/08\/100816_MallorcaParty_206.thumbnail.jpg\" alt=\"100816_MallorcaParty_206.jpg\" width=\"265\" \/><\/a><\/p>\n<p><a title=\"Foto: Marzena Traber\" rel=\"lightbox[roadtrip]\" href=\"http:\/\/www.fuldaer-nachrichten.de\/wp-content\/uploads\/2010\/08\/100816_MallorcaParty_177.jpg\" target=\"_blank\"><img decoding=\"async\" src=\"http:\/\/www.fuldaer-nachrichten.de\/wp-content\/uploads\/2010\/08\/100816_MallorcaParty_177.thumbnail.jpg\" alt=\"100816_MallorcaParty_177.jpg\" width=\"265\" \/><\/a> <a title=\"Foto: Marzena Traber\" rel=\"lightbox[roadtrip]\" href=\"http:\/\/www.fuldaer-nachrichten.de\/wp-content\/uploads\/2010\/08\/100816_MallorcaParty_178.jpg\" target=\"_blank\"><img decoding=\"async\" src=\"http:\/\/www.fuldaer-nachrichten.de\/wp-content\/uploads\/2010\/08\/100816_MallorcaParty_178.thumbnail.jpg\" alt=\"100816_MallorcaParty_178.jpg\" width=\"265\" \/><\/a><\/p>\n<p><a title=\"Foto: Marzena Traber\" rel=\"lightbox[roadtrip]\" href=\"http:\/\/www.fuldaer-nachrichten.de\/wp-content\/uploads\/2010\/08\/100816_MallorcaParty_179.jpg\" target=\"_blank\"><img decoding=\"async\" src=\"http:\/\/www.fuldaer-nachrichten.de\/wp-content\/uploads\/2010\/08\/100816_MallorcaParty_179.thumbnail.jpg\" alt=\"100816_MallorcaParty_179.jpg\" width=\"265\" \/><\/a> <a title=\"Foto: Marzena Traber\" rel=\"lightbox[roadtrip]\" href=\"http:\/\/www.fuldaer-nachrichten.de\/wp-content\/uploads\/2010\/08\/100816_MallorcaParty_180.jpg\" target=\"_blank\"><img decoding=\"async\" src=\"http:\/\/www.fuldaer-nachrichten.de\/wp-content\/uploads\/2010\/08\/100816_MallorcaParty_180.thumbnail.jpg\" alt=\"100816_MallorcaParty_180.jpg\" width=\"265\" \/><\/a><\/p>\n<p><a title=\"Foto: Marzena Traber\" rel=\"lightbox[roadtrip]\" href=\"http:\/\/www.fuldaer-nachrichten.de\/wp-content\/uploads\/2010\/08\/100816_MallorcaParty_181.jpg\" target=\"_blank\"><img decoding=\"async\" src=\"http:\/\/www.fuldaer-nachrichten.de\/wp-content\/uploads\/2010\/08\/100816_MallorcaParty_181.thumbnail.jpg\" alt=\"100816_MallorcaParty_181.jpg\" width=\"265\" \/><\/a> <a title=\"Foto: Marzena Traber\" rel=\"lightbox[roadtrip]\" href=\"http:\/\/www.fuldaer-nachrichten.de\/wp-content\/uploads\/2010\/08\/100816_MallorcaParty_182.jpg\" target=\"_blank\"><img decoding=\"async\" src=\"http:\/\/www.fuldaer-nachrichten.de\/wp-content\/uploads\/2010\/08\/100816_MallorcaParty_182.thumbnail.jpg\" alt=\"100816_MallorcaParty_182.jpg\" width=\"265\" \/><\/a><\/p>\n<p><a title=\"Foto: Marzena Traber\" rel=\"lightbox[roadtrip]\" href=\"http:\/\/www.fuldaer-nachrichten.de\/wp-content\/uploads\/2010\/08\/100816_MallorcaParty_183.jpg\" target=\"_blank\"><img decoding=\"async\" src=\"http:\/\/www.fuldaer-nachrichten.de\/wp-content\/uploads\/2010\/08\/100816_MallorcaParty_183.thumbnail.jpg\" alt=\"100816_MallorcaParty_183.jpg\" width=\"265\" \/><\/a> <a title=\"Foto: Marzena Traber\" rel=\"lightbox[roadtrip]\" href=\"http:\/\/www.fuldaer-nachrichten.de\/wp-content\/uploads\/2010\/08\/100816_MallorcaParty_184.jpg\" target=\"_blank\"><img decoding=\"async\" src=\"http:\/\/www.fuldaer-nachrichten.de\/wp-content\/uploads\/2010\/08\/100816_MallorcaParty_184.thumbnail.jpg\" alt=\"100816_MallorcaParty_184.jpg\" width=\"265\" \/><\/a><\/p>\n<p><a title=\"Foto: Marzena Traber\" rel=\"lightbox[roadtrip]\" href=\"http:\/\/www.fuldaer-nachrichten.de\/wp-content\/uploads\/2010\/08\/100816_MallorcaParty_185.jpg\" target=\"_blank\"><img decoding=\"async\" src=\"http:\/\/www.fuldaer-nachrichten.de\/wp-content\/uploads\/2010\/08\/100816_MallorcaParty_185.thumbnail.jpg\" alt=\"100816_MallorcaParty_185.jpg\" width=\"265\" \/><\/a> <a title=\"Foto: Marzena Traber\" rel=\"lightbox[roadtrip]\" href=\"http:\/\/www.fuldaer-nachrichten.de\/wp-content\/uploads\/2010\/08\/100816_MallorcaParty_186.jpg\" target=\"_blank\"><img decoding=\"async\" src=\"http:\/\/www.fuldaer-nachrichten.de\/wp-content\/uploads\/2010\/08\/100816_MallorcaParty_186.thumbnail.jpg\" alt=\"100816_MallorcaParty_186.jpg\" width=\"265\" \/><\/a><\/p>\n<p><a title=\"Foto: Marzena Traber\" rel=\"lightbox[roadtrip]\" href=\"http:\/\/www.fuldaer-nachrichten.de\/wp-content\/uploads\/2010\/08\/100816_MallorcaParty_187.jpg\" target=\"_blank\"><img decoding=\"async\" src=\"http:\/\/www.fuldaer-nachrichten.de\/wp-content\/uploads\/2010\/08\/100816_MallorcaParty_187.thumbnail.jpg\" alt=\"100816_MallorcaParty_187.jpg\" width=\"265\" \/><\/a> <a title=\"Foto: Marzena Traber\" rel=\"lightbox[roadtrip]\" href=\"http:\/\/www.fuldaer-nachrichten.de\/wp-content\/uploads\/2010\/08\/100816_MallorcaParty_188.jpg\" target=\"_blank\"><img decoding=\"async\" src=\"http:\/\/www.fuldaer-nachrichten.de\/wp-content\/uploads\/2010\/08\/100816_MallorcaParty_188.thumbnail.jpg\" alt=\"100816_MallorcaParty_188.jpg\" width=\"265\" \/><\/a><\/p>\n<p><a title=\"Foto: Marzena Traber\" rel=\"lightbox[roadtrip]\" href=\"http:\/\/www.fuldaer-nachrichten.de\/wp-content\/uploads\/2010\/08\/100816_MallorcaParty_189.jpg\" target=\"_blank\"><img decoding=\"async\" src=\"http:\/\/www.fuldaer-nachrichten.de\/wp-content\/uploads\/2010\/08\/100816_MallorcaParty_189.thumbnail.jpg\" alt=\"100816_MallorcaParty_189.jpg\" width=\"265\" \/><\/a> <a title=\"Foto: Marzena Traber\" rel=\"lightbox[roadtrip]\" href=\"http:\/\/www.fuldaer-nachrichten.de\/wp-content\/uploads\/2010\/08\/100816_MallorcaParty_190.jpg\" target=\"_blank\"><img decoding=\"async\" src=\"http:\/\/www.fuldaer-nachrichten.de\/wp-content\/uploads\/2010\/08\/100816_MallorcaParty_190.thumbnail.jpg\" alt=\"100816_MallorcaParty_190.jpg\" width=\"265\" \/><\/a><\/p>\n<p><a title=\"Foto: Marzena Traber\" rel=\"lightbox[roadtrip]\" href=\"http:\/\/www.fuldaer-nachrichten.de\/wp-content\/uploads\/2010\/08\/100816_MallorcaParty_191.jpg\" target=\"_blank\"><img decoding=\"async\" src=\"http:\/\/www.fuldaer-nachrichten.de\/wp-content\/uploads\/2010\/08\/100816_MallorcaParty_191.thumbnail.jpg\" alt=\"100816_MallorcaParty_191.jpg\" width=\"265\" \/><\/a> <a title=\"Foto: Marzena Traber\" rel=\"lightbox[roadtrip]\" href=\"http:\/\/www.fuldaer-nachrichten.de\/wp-content\/uploads\/2010\/08\/100816_MallorcaParty_192.jpg\" target=\"_blank\"><img decoding=\"async\" src=\"http:\/\/www.fuldaer-nachrichten.de\/wp-content\/uploads\/2010\/08\/100816_MallorcaParty_192.thumbnail.jpg\" alt=\"100816_MallorcaParty_192.jpg\" width=\"265\" \/><\/a><\/p>\n<p><a title=\"Foto: Marzena Traber\" rel=\"lightbox[roadtrip]\" href=\"http:\/\/www.fuldaer-nachrichten.de\/wp-content\/uploads\/2010\/08\/100816_MallorcaParty_193.jpg\" target=\"_blank\"><img decoding=\"async\" src=\"http:\/\/www.fuldaer-nachrichten.de\/wp-content\/uploads\/2010\/08\/100816_MallorcaParty_193.thumbnail.jpg\" alt=\"100816_MallorcaParty_193.jpg\" width=\"265\" \/><\/a> <a title=\"Foto: Marzena Traber\" rel=\"lightbox[roadtrip]\" href=\"http:\/\/www.fuldaer-nachrichten.de\/wp-content\/uploads\/2010\/08\/100816_MallorcaParty_194.jpg\" target=\"_blank\"><img decoding=\"async\" src=\"http:\/\/www.fuldaer-nachrichten.de\/wp-content\/uploads\/2010\/08\/100816_MallorcaParty_194.thumbnail.jpg\" alt=\"100816_MallorcaParty_194.jpg\" width=\"265\" \/><\/a><\/p>\n<p><a title=\"Foto: Marzena Traber\" rel=\"lightbox[roadtrip]\" href=\"http:\/\/www.fuldaer-nachrichten.de\/wp-content\/uploads\/2010\/08\/100816_MallorcaParty_195.jpg\" target=\"_blank\"><img decoding=\"async\" src=\"http:\/\/www.fuldaer-nachrichten.de\/wp-content\/uploads\/2010\/08\/100816_MallorcaParty_195.thumbnail.jpg\" alt=\"100816_MallorcaParty_195.jpg\" width=\"265\" \/><\/a> <a title=\"Foto: Marzena Traber\" rel=\"lightbox[roadtrip]\" href=\"http:\/\/www.fuldaer-nachrichten.de\/wp-content\/uploads\/2010\/08\/100816_MallorcaParty_196.jpg\" target=\"_blank\"><img decoding=\"async\" src=\"http:\/\/www.fuldaer-nachrichten.de\/wp-content\/uploads\/2010\/08\/100816_MallorcaParty_196.thumbnail.jpg\" alt=\"100816_MallorcaParty_196.jpg\" width=\"265\" \/><\/a><\/p>\n<p><a title=\"Foto: Marzena Traber\" rel=\"lightbox[roadtrip]\" href=\"http:\/\/www.fuldaer-nachrichten.de\/wp-content\/uploads\/2010\/08\/100816_MallorcaParty_197.jpg\" target=\"_blank\"><img decoding=\"async\" src=\"http:\/\/www.fuldaer-nachrichten.de\/wp-content\/uploads\/2010\/08\/100816_MallorcaParty_197.thumbnail.jpg\" alt=\"100816_MallorcaParty_197.jpg\" width=\"265\" \/><\/a> <a title=\"Foto: Marzena Traber\" rel=\"lightbox[roadtrip]\" href=\"http:\/\/www.fuldaer-nachrichten.de\/wp-content\/uploads\/2010\/08\/100816_MallorcaParty_198.jpg\" target=\"_blank\"><img decoding=\"async\" src=\"http:\/\/www.fuldaer-nachrichten.de\/wp-content\/uploads\/2010\/08\/100816_MallorcaParty_198.thumbnail.jpg\" alt=\"100816_MallorcaParty_198.jpg\" width=\"265\" \/><\/a><\/p>\n<p><a title=\"Foto: Marzena Traber\" rel=\"lightbox[roadtrip]\" href=\"http:\/\/www.fuldaer-nachrichten.de\/wp-content\/uploads\/2010\/08\/100816_MallorcaParty_199.jpg\" target=\"_blank\"><img decoding=\"async\" src=\"http:\/\/www.fuldaer-nachrichten.de\/wp-content\/uploads\/2010\/08\/100816_MallorcaParty_199.thumbnail.jpg\" alt=\"100816_MallorcaParty_199.jpg\" width=\"265\" \/><\/a> <a title=\"Foto: Marzena Traber\" rel=\"lightbox[roadtrip]\" href=\"http:\/\/www.fuldaer-nachrichten.de\/wp-content\/uploads\/2010\/08\/100816_MallorcaParty_200.jpg\" target=\"_blank\"><img decoding=\"async\" src=\"http:\/\/www.fuldaer-nachrichten.de\/wp-content\/uploads\/2010\/08\/100816_MallorcaParty_200.thumbnail.jpg\" alt=\"100816_MallorcaParty_200.jpg\" width=\"265\" \/><\/a><\/p>\n<p><a title=\"Foto: Marzena Traber\" rel=\"lightbox[roadtrip]\" href=\"http:\/\/www.fuldaer-nachrichten.de\/wp-content\/uploads\/2010\/08\/100816_MallorcaParty_201.jpg\" target=\"_blank\"><img decoding=\"async\" src=\"http:\/\/www.fuldaer-nachrichten.de\/wp-content\/uploads\/2010\/08\/100816_MallorcaParty_201.thumbnail.jpg\" alt=\"100816_MallorcaParty_201.jpg\" width=\"265\" \/><\/a> <a title=\"Foto: Marzena Traber\" rel=\"lightbox[roadtrip]\" href=\"http:\/\/www.fuldaer-nachrichten.de\/wp-content\/uploads\/2010\/08\/100816_MallorcaParty_202.jpg\" target=\"_blank\"><img decoding=\"async\" src=\"http:\/\/www.fuldaer-nachrichten.de\/wp-content\/uploads\/2010\/08\/100816_MallorcaParty_202.thumbnail.jpg\" alt=\"100816_MallorcaParty_202.jpg\" width=\"265\" \/><\/a><\/p>\n<p><a title=\"Foto: Marzena Traber\" rel=\"lightbox[roadtrip]\" href=\"http:\/\/www.fuldaer-nachrichten.de\/wp-content\/uploads\/2010\/08\/100816_MallorcaParty_203.jpg\" target=\"_blank\"><img decoding=\"async\" src=\"http:\/\/www.fuldaer-nachrichten.de\/wp-content\/uploads\/2010\/08\/100816_MallorcaParty_203.thumbnail.jpg\" alt=\"100816_MallorcaParty_203.jpg\" width=\"265\" \/><\/a> <a title=\"Foto: Marzena Traber\" rel=\"lightbox[roadtrip]\" href=\"http:\/\/www.fuldaer-nachrichten.de\/wp-content\/uploads\/2010\/08\/100816_MallorcaParty_204.jpg\" target=\"_blank\"><img decoding=\"async\" src=\"http:\/\/www.fuldaer-nachrichten.de\/wp-content\/uploads\/2010\/08\/100816_MallorcaParty_204.thumbnail.jpg\" alt=\"100816_MallorcaParty_204.jpg\" width=\"265\" \/><\/a><\/p>\n<p><a title=\"Foto: Marzena Traber\" rel=\"lightbox[roadtrip]\" href=\"http:\/\/www.fuldaer-nachrichten.de\/wp-content\/uploads\/2010\/08\/100816_MallorcaParty_205.jpg\" target=\"_blank\"><img decoding=\"async\" src=\"http:\/\/www.fuldaer-nachrichten.de\/wp-content\/uploads\/2010\/08\/100816_MallorcaParty_205.thumbnail.jpg\" alt=\"100816_MallorcaParty_205.jpg\" width=\"265\" \/><\/a> <a title=\"Foto: Marzena Traber\" rel=\"lightbox[roadtrip]\" href=\"..\/wp-content\/uploads\/2010\/08\/100816_MallorcaParty_223.jpg\" target=\"_blank\"><img decoding=\"async\" src=\"http:\/\/www.fuldaer-nachrichten.de\/wp-content\/uploads\/2010\/08\/100816_MallorcaParty_223.thumbnail.jpg\" alt=\"100816_MallorcaParty_223.jpg\" width=\"265\" \/><\/a><\/p>\n<p><a title=\"Foto: Marzena Traber\" rel=\"lightbox[roadtrip]\" href=\"http:\/\/www.fuldaer-nachrichten.de\/wp-content\/uploads\/2010\/08\/100816_MallorcaParty_207.jpg\" target=\"_blank\"><img decoding=\"async\" src=\"http:\/\/www.fuldaer-nachrichten.de\/wp-content\/uploads\/2010\/08\/100816_MallorcaParty_207.thumbnail.jpg\" alt=\"100816_MallorcaParty_207.jpg\" width=\"265\" \/><\/a> <a title=\"Foto: Marzena Traber\" rel=\"lightbox[roadtrip]\" href=\"http:\/\/www.fuldaer-nachrichten.de\/wp-content\/uploads\/2010\/08\/100816_MallorcaParty_208.jpg\" target=\"_blank\"><img decoding=\"async\" src=\"http:\/\/www.fuldaer-nachrichten.de\/wp-content\/uploads\/2010\/08\/100816_MallorcaParty_208.thumbnail.jpg\" alt=\"100816_MallorcaParty_208.jpg\" width=\"265\" \/><\/a><\/p>\n<p><a title=\"Foto: Marzena Traber\" rel=\"lightbox[roadtrip]\" href=\"http:\/\/www.fuldaer-nachrichten.de\/wp-content\/uploads\/2010\/08\/100816_MallorcaParty_209.jpg\" target=\"_blank\"><img decoding=\"async\" src=\"http:\/\/www.fuldaer-nachrichten.de\/wp-content\/uploads\/2010\/08\/100816_MallorcaParty_209.thumbnail.jpg\" alt=\"100816_MallorcaParty_209.jpg\" width=\"265\" \/><\/a> <a title=\"Foto: Marzena Traber\" rel=\"lightbox[roadtrip]\" href=\"http:\/\/www.fuldaer-nachrichten.de\/wp-content\/uploads\/2010\/08\/100816_MallorcaParty_210.jpg\" target=\"_blank\"><img decoding=\"async\" src=\"http:\/\/www.fuldaer-nachrichten.de\/wp-content\/uploads\/2010\/08\/100816_MallorcaParty_210.thumbnail.jpg\" alt=\"100816_MallorcaParty_210.jpg\" width=\"265\" \/><\/a><\/p>\n<p><a title=\"Foto: Marzena Traber\" rel=\"lightbox[roadtrip]\" href=\"http:\/\/www.fuldaer-nachrichten.de\/wp-content\/uploads\/2010\/08\/100816_MallorcaParty_211.jpg\" target=\"_blank\"><img decoding=\"async\" src=\"http:\/\/www.fuldaer-nachrichten.de\/wp-content\/uploads\/2010\/08\/100816_MallorcaParty_211.thumbnail.jpg\" alt=\"100816_MallorcaParty_211.jpg\" width=\"265\" \/><\/a> <a title=\"Foto: Marzena Traber\" rel=\"lightbox[roadtrip]\" href=\"http:\/\/www.fuldaer-nachrichten.de\/wp-content\/uploads\/2010\/08\/100816_MallorcaParty_212.jpg\" target=\"_blank\"><img decoding=\"async\" src=\"http:\/\/www.fuldaer-nachrichten.de\/wp-content\/uploads\/2010\/08\/100816_MallorcaParty_212.thumbnail.jpg\" alt=\"100816_MallorcaParty_212.jpg\" width=\"265\" \/><\/a><\/p>\n<p><a title=\"Foto: Marzena Traber\" rel=\"lightbox[roadtrip]\" href=\"http:\/\/www.fuldaer-nachrichten.de\/wp-content\/uploads\/2010\/08\/100816_MallorcaParty_213.jpg\" target=\"_blank\"><img decoding=\"async\" src=\"http:\/\/www.fuldaer-nachrichten.de\/wp-content\/uploads\/2010\/08\/100816_MallorcaParty_213.thumbnail.jpg\" alt=\"100816_MallorcaParty_213.jpg\" width=\"265\" \/><\/a> <a title=\"Foto: Marzena Traber\" rel=\"lightbox[roadtrip]\" href=\"http:\/\/www.fuldaer-nachrichten.de\/wp-content\/uploads\/2010\/08\/100816_MallorcaParty_214.jpg\" target=\"_blank\"><img decoding=\"async\" src=\"http:\/\/www.fuldaer-nachrichten.de\/wp-content\/uploads\/2010\/08\/100816_MallorcaParty_214.thumbnail.jpg\" alt=\"100816_MallorcaParty_214.jpg\" width=\"265\" \/><\/a><\/p>\n<p><a title=\"Foto: Marzena Traber\" rel=\"lightbox[roadtrip]\" href=\"http:\/\/www.fuldaer-nachrichten.de\/wp-content\/uploads\/2010\/08\/100816_MallorcaParty_215.jpg\" target=\"_blank\"><img decoding=\"async\" src=\"http:\/\/www.fuldaer-nachrichten.de\/wp-content\/uploads\/2010\/08\/100816_MallorcaParty_215.thumbnail.jpg\" alt=\"100816_MallorcaParty_215.jpg\" width=\"265\" \/><\/a> <a title=\"Foto: Marzena Traber\" rel=\"lightbox[roadtrip]\" href=\"http:\/\/www.fuldaer-nachrichten.de\/wp-content\/uploads\/2010\/08\/100816_MallorcaParty_216.jpg\" target=\"_blank\"><img decoding=\"async\" src=\"http:\/\/www.fuldaer-nachrichten.de\/wp-content\/uploads\/2010\/08\/100816_MallorcaParty_216.thumbnail.jpg\" alt=\"100816_MallorcaParty_216.jpg\" width=\"265\" \/><\/a><\/p>\n<p><a title=\"Foto: Marzena Traber\" rel=\"lightbox[roadtrip]\" href=\"http:\/\/www.fuldaer-nachrichten.de\/wp-content\/uploads\/2010\/08\/100816_MallorcaParty_217.jpg\" target=\"_blank\"><img decoding=\"async\" src=\"http:\/\/www.fuldaer-nachrichten.de\/wp-content\/uploads\/2010\/08\/100816_MallorcaParty_217.thumbnail.jpg\" alt=\"100816_MallorcaParty_217.jpg\" width=\"265\" \/><\/a> <a title=\"Foto: Marzena Traber\" rel=\"lightbox[roadtrip]\" href=\"http:\/\/www.fuldaer-nachrichten.de\/wp-content\/uploads\/2010\/08\/100816_MallorcaParty_218.jpg\" target=\"_blank\"><img decoding=\"async\" src=\"http:\/\/www.fuldaer-nachrichten.de\/wp-content\/uploads\/2010\/08\/100816_MallorcaParty_218.thumbnail.jpg\" alt=\"100816_MallorcaParty_218.jpg\" width=\"265\" \/><\/a><\/p>\n<p><a title=\"Foto: Marzena Traber\" rel=\"lightbox[roadtrip]\" href=\"http:\/\/www.fuldaer-nachrichten.de\/wp-content\/uploads\/2010\/08\/100816_MallorcaParty_219.jpg\" target=\"_blank\"><img decoding=\"async\" src=\"http:\/\/www.fuldaer-nachrichten.de\/wp-content\/uploads\/2010\/08\/100816_MallorcaParty_219.thumbnail.jpg\" alt=\"100816_MallorcaParty_219.jpg\" width=\"265\" \/><\/a> <a title=\"Foto: Marzena Traber\" rel=\"lightbox[roadtrip]\" href=\"http:\/\/www.fuldaer-nachrichten.de\/wp-content\/uploads\/2010\/08\/100816_MallorcaParty_220.jpg\" target=\"_blank\"><img decoding=\"async\" src=\"http:\/\/www.fuldaer-nachrichten.de\/wp-content\/uploads\/2010\/08\/100816_MallorcaParty_220.thumbnail.jpg\" alt=\"100816_MallorcaParty_220.jpg\" width=\"265\" \/><\/a><\/p>\n<p><a title=\"Foto: Marzena Traber\" rel=\"lightbox[roadtrip]\" href=\"http:\/\/www.fuldaer-nachrichten.de\/wp-content\/uploads\/2010\/08\/100816_MallorcaParty_221.jpg\" target=\"_blank\"><img decoding=\"async\" src=\"http:\/\/www.fuldaer-nachrichten.de\/wp-content\/uploads\/2010\/08\/100816_MallorcaParty_221.thumbnail.jpg\" alt=\"100816_MallorcaParty_221.jpg\" width=\"265\" \/><\/a> <a title=\"Foto: Marzena Traber\" rel=\"lightbox[roadtrip]\" href=\"http:\/\/www.fuldaer-nachrichten.de\/wp-content\/uploads\/2010\/08\/100816_MallorcaParty_222.jpg\" target=\"_blank\"><img decoding=\"async\" src=\"http:\/\/www.fuldaer-nachrichten.de\/wp-content\/uploads\/2010\/08\/100816_MallorcaParty_222.thumbnail.jpg\" alt=\"100816_MallorcaParty_222.jpg\" width=\"265\" \/><\/a><\/p>\n<p><a title=\"Foto: Marzena Traber\" rel=\"lightbox[roadtrip]\" href=\"http:\/\/www.fuldaer-nachrichten.de\/wp-content\/uploads\/2010\/08\/100816_MallorcaParty_224.jpg\" target=\"_blank\"><img decoding=\"async\" src=\"http:\/\/www.fuldaer-nachrichten.de\/wp-content\/uploads\/2010\/08\/100816_MallorcaParty_224.thumbnail.jpg\" alt=\"100816_MallorcaParty_224.jpg\" width=\"265\" \/><\/a> <a title=\"Foto: Marzena Traber\" rel=\"lightbox[roadtrip]\" href=\"..\/wp-content\/uploads\/2010\/08\/100816_MallorcaParty_229.jpg\" target=\"_blank\"><img decoding=\"async\" src=\"http:\/\/www.fuldaer-nachrichten.de\/wp-content\/uploads\/2010\/08\/100816_MallorcaParty_229.thumbnail.jpg\" alt=\"100816_MallorcaParty_229.jpg\" width=\"265\" \/><\/a><\/p>\n<p><a title=\"Foto: Marzena Traber\" rel=\"lightbox[roadtrip]\" href=\"http:\/\/www.fuldaer-nachrichten.de\/wp-content\/uploads\/2010\/08\/100816_MallorcaParty_225.jpg\" target=\"_blank\"><img decoding=\"async\" src=\"http:\/\/www.fuldaer-nachrichten.de\/wp-content\/uploads\/2010\/08\/100816_MallorcaParty_225.thumbnail.jpg\" alt=\"100816_MallorcaParty_225.jpg\" width=\"265\" \/><\/a> <a title=\"Foto: Marzena Traber\" rel=\"lightbox[roadtrip]\" href=\"http:\/\/www.fuldaer-nachrichten.de\/wp-content\/uploads\/2010\/08\/100816_MallorcaParty_226.jpg\" target=\"_blank\"><img decoding=\"async\" src=\"http:\/\/www.fuldaer-nachrichten.de\/wp-content\/uploads\/2010\/08\/100816_MallorcaParty_226.thumbnail.jpg\" alt=\"100816_MallorcaParty_226.jpg\" width=\"265\" \/><\/a><\/p>\n<p><a title=\"Foto: Marzena Traber\" rel=\"lightbox[roadtrip]\" href=\"http:\/\/www.fuldaer-nachrichten.de\/wp-content\/uploads\/2010\/08\/100816_MallorcaParty_227.jpg\" target=\"_blank\"><img decoding=\"async\" src=\"http:\/\/www.fuldaer-nachrichten.de\/wp-content\/uploads\/2010\/08\/100816_MallorcaParty_227.thumbnail.jpg\" alt=\"100816_MallorcaParty_227.jpg\" width=\"265\" \/><\/a> <a title=\"Foto: Marzena Traber\" rel=\"lightbox[roadtrip]\" href=\"http:\/\/www.fuldaer-nachrichten.de\/wp-content\/uploads\/2010\/08\/100816_MallorcaParty_228.jpg\" target=\"_blank\"><img decoding=\"async\" src=\"http:\/\/www.fuldaer-nachrichten.de\/wp-content\/uploads\/2010\/08\/100816_MallorcaParty_228.thumbnail.jpg\" alt=\"100816_MallorcaParty_228.jpg\" width=\"265\" \/><\/a><\/p>\n<p><a title=\"Foto: Marzena Traber\" rel=\"lightbox[roadtrip]\" href=\"http:\/\/www.fuldaer-nachrichten.de\/wp-content\/uploads\/2010\/08\/100816_MallorcaParty_230.jpg\" target=\"_blank\"><img decoding=\"async\" src=\"http:\/\/www.fuldaer-nachrichten.de\/wp-content\/uploads\/2010\/08\/100816_MallorcaParty_230.thumbnail.jpg\" alt=\"100816_MallorcaParty_230.jpg\" width=\"265\" \/><\/a> <a title=\"Foto: Marzena Traber\" rel=\"lightbox[roadtrip]\" href=\"..\/wp-content\/uploads\/2010\/08\/100816_MallorcaParty_232.jpg\" target=\"_blank\"><img decoding=\"async\" src=\"http:\/\/www.fuldaer-nachrichten.de\/wp-content\/uploads\/2010\/08\/100816_MallorcaParty_232.thumbnail.jpg\" alt=\"100816_MallorcaParty_232.jpg\" width=\"265\" \/><\/a><\/p>\n<p><a title=\"Foto: Marzena Traber\" rel=\"lightbox[roadtrip]\" href=\"http:\/\/www.fuldaer-nachrichten.de\/wp-content\/uploads\/2010\/08\/100816_MallorcaParty_231.jpg\" target=\"_blank\"><img decoding=\"async\" src=\"http:\/\/www.fuldaer-nachrichten.de\/wp-content\/uploads\/2010\/08\/100816_MallorcaParty_231.thumbnail.jpg\" alt=\"100816_MallorcaParty_231.jpg\" width=\"265\" \/><\/a> <a title=\"Foto: Marzena Traber\" rel=\"lightbox[roadtrip]\" href=\"..\/wp-content\/uploads\/2010\/08\/100816_MallorcaParty_234.jpg\" target=\"_blank\"><img decoding=\"async\" src=\"http:\/\/www.fuldaer-nachrichten.de\/wp-content\/uploads\/2010\/08\/100816_MallorcaParty_234.thumbnail.jpg\" alt=\"100816_MallorcaParty_234.jpg\" width=\"265\" \/><\/a><\/p>\n<p><a title=\"Foto: Marzena Traber\" rel=\"lightbox[roadtrip]\" href=\"http:\/\/www.fuldaer-nachrichten.de\/wp-content\/uploads\/2010\/08\/100816_MallorcaParty_233.jpg\" target=\"_blank\"><img decoding=\"async\" src=\"http:\/\/www.fuldaer-nachrichten.de\/wp-content\/uploads\/2010\/08\/100816_MallorcaParty_233.thumbnail.jpg\" alt=\"100816_MallorcaParty_233.jpg\" width=\"265\" \/><\/a> <a title=\"Foto: Marzena Traber\" rel=\"lightbox[roadtrip]\" href=\"..\/wp-content\/uploads\/2010\/08\/100816_MallorcaParty_240.jpg\" target=\"_blank\"><img decoding=\"async\" src=\"http:\/\/www.fuldaer-nachrichten.de\/wp-content\/uploads\/2010\/08\/100816_MallorcaParty_240.thumbnail.jpg\" alt=\"100816_MallorcaParty_240.jpg\" width=\"265\" \/><\/a><\/p>\n<p><a title=\"Foto: Marzena Traber\" rel=\"lightbox[roadtrip]\" href=\"http:\/\/www.fuldaer-nachrichten.de\/wp-content\/uploads\/2010\/08\/100816_MallorcaParty_235.jpg\" target=\"_blank\"><img decoding=\"async\" src=\"http:\/\/www.fuldaer-nachrichten.de\/wp-content\/uploads\/2010\/08\/100816_MallorcaParty_235.thumbnail.jpg\" alt=\"100816_MallorcaParty_235.jpg\" width=\"265\" \/><\/a> <a title=\"Foto: Marzena Traber\" rel=\"lightbox[roadtrip]\" href=\"http:\/\/www.fuldaer-nachrichten.de\/wp-content\/uploads\/2010\/08\/100816_MallorcaParty_236.jpg\" target=\"_blank\"><img decoding=\"async\" src=\"http:\/\/www.fuldaer-nachrichten.de\/wp-content\/uploads\/2010\/08\/100816_MallorcaParty_236.thumbnail.jpg\" alt=\"100816_MallorcaParty_236.jpg\" width=\"265\" \/><\/a><\/p>\n<p><a title=\"Foto: Marzena Traber\" rel=\"lightbox[roadtrip]\" href=\"http:\/\/www.fuldaer-nachrichten.de\/wp-content\/uploads\/2010\/08\/100816_MallorcaParty_237.jpg\" target=\"_blank\"><img decoding=\"async\" src=\"http:\/\/www.fuldaer-nachrichten.de\/wp-content\/uploads\/2010\/08\/100816_MallorcaParty_237.thumbnail.jpg\" alt=\"100816_MallorcaParty_237.jpg\" width=\"265\" \/><\/a> <a title=\"Foto: Marzena Traber\" rel=\"lightbox[roadtrip]\" href=\"http:\/\/www.fuldaer-nachrichten.de\/wp-content\/uploads\/2010\/08\/100816_MallorcaParty_238.jpg\" target=\"_blank\"><img decoding=\"async\" src=\"http:\/\/www.fuldaer-nachrichten.de\/wp-content\/uploads\/2010\/08\/100816_MallorcaParty_238.thumbnail.jpg\" alt=\"100816_MallorcaParty_238.jpg\" width=\"265\" \/><\/a><\/p>\n<p><a title=\"Foto: Marzena Traber\" rel=\"lightbox[roadtrip]\" href=\"..\/wp-content\/uploads\/2010\/08\/100816_MallorcaParty_257.jpg\" target=\"_blank\"><img decoding=\"async\" src=\"http:\/\/www.fuldaer-nachrichten.de\/wp-content\/uploads\/2010\/08\/100816_MallorcaParty_257.thumbnail.jpg\" alt=\"100816_MallorcaParty_257.jpg\" width=\"265\" \/><\/a> <a title=\"Foto: Marzena Traber\" rel=\"lightbox[roadtrip]\" href=\"http:\/\/www.fuldaer-nachrichten.de\/wp-content\/uploads\/2010\/08\/100816_MallorcaParty_239.jpg\" target=\"_blank\"><img decoding=\"async\" src=\"http:\/\/www.fuldaer-nachrichten.de\/wp-content\/uploads\/2010\/08\/100816_MallorcaParty_239.thumbnail.jpg\" alt=\"100816_MallorcaParty_239.jpg\" width=\"265\" \/><\/a><\/p>\n<p><a title=\"Foto: Marzena Traber\" rel=\"lightbox[roadtrip]\" href=\"http:\/\/www.fuldaer-nachrichten.de\/wp-content\/uploads\/2010\/08\/100816_MallorcaParty_243.jpg\" target=\"_blank\"><img decoding=\"async\" src=\"http:\/\/www.fuldaer-nachrichten.de\/wp-content\/uploads\/2010\/08\/100816_MallorcaParty_243.thumbnail.jpg\" alt=\"100816_MallorcaParty_243.jpg\" width=\"265\" \/><\/a> <a title=\"Foto: Marzena Traber\" rel=\"lightbox[roadtrip]\" href=\"http:\/\/www.fuldaer-nachrichten.de\/wp-content\/uploads\/2010\/08\/100816_MallorcaParty_244.jpg\" target=\"_blank\"><img decoding=\"async\" src=\"http:\/\/www.fuldaer-nachrichten.de\/wp-content\/uploads\/2010\/08\/100816_MallorcaParty_244.thumbnail.jpg\" alt=\"100816_MallorcaParty_244.jpg\" width=\"265\" \/><\/a><\/p>\n<p><a title=\"Foto: Marzena Traber\" rel=\"lightbox[roadtrip]\" href=\"http:\/\/www.fuldaer-nachrichten.de\/wp-content\/uploads\/2010\/08\/100816_MallorcaParty_245.jpg\" target=\"_blank\"><img decoding=\"async\" src=\"http:\/\/www.fuldaer-nachrichten.de\/wp-content\/uploads\/2010\/08\/100816_MallorcaParty_245.thumbnail.jpg\" alt=\"100816_MallorcaParty_245.jpg\" width=\"265\" \/><\/a> <a title=\"Foto: Marzena Traber\" rel=\"lightbox[roadtrip]\" href=\"http:\/\/www.fuldaer-nachrichten.de\/wp-content\/uploads\/2010\/08\/100816_MallorcaParty_246.jpg\" target=\"_blank\"><img decoding=\"async\" src=\"http:\/\/www.fuldaer-nachrichten.de\/wp-content\/uploads\/2010\/08\/100816_MallorcaParty_246.thumbnail.jpg\" alt=\"100816_MallorcaParty_246.jpg\" width=\"265\" \/><\/a><\/p>\n<p><a title=\"Foto: Marzena Traber\" rel=\"lightbox[roadtrip]\" href=\"http:\/\/www.fuldaer-nachrichten.de\/wp-content\/uploads\/2010\/08\/100816_MallorcaParty_247.jpg\" target=\"_blank\"><img decoding=\"async\" src=\"http:\/\/www.fuldaer-nachrichten.de\/wp-content\/uploads\/2010\/08\/100816_MallorcaParty_247.thumbnail.jpg\" alt=\"100816_MallorcaParty_247.jpg\" width=\"265\" \/><\/a> <a title=\"Foto: Marzena Traber\" rel=\"lightbox[roadtrip]\" href=\"http:\/\/www.fuldaer-nachrichten.de\/wp-content\/uploads\/2010\/08\/100816_MallorcaParty_248.jpg\" target=\"_blank\"><img decoding=\"async\" src=\"http:\/\/www.fuldaer-nachrichten.de\/wp-content\/uploads\/2010\/08\/100816_MallorcaParty_248.thumbnail.jpg\" alt=\"100816_MallorcaParty_248.jpg\" width=\"265\" \/><\/a><\/p>\n<p><a title=\"Foto: Marzena Traber\" rel=\"lightbox[roadtrip]\" href=\"http:\/\/www.fuldaer-nachrichten.de\/wp-content\/uploads\/2010\/08\/100816_MallorcaParty_249.jpg\" target=\"_blank\"><img decoding=\"async\" src=\"http:\/\/www.fuldaer-nachrichten.de\/wp-content\/uploads\/2010\/08\/100816_MallorcaParty_249.thumbnail.jpg\" alt=\"100816_MallorcaParty_249.jpg\" width=\"265\" \/><\/a> <a title=\"Foto: Marzena Traber\" rel=\"lightbox[roadtrip]\" href=\"http:\/\/www.fuldaer-nachrichten.de\/wp-content\/uploads\/2010\/08\/100816_MallorcaParty_250.jpg\" target=\"_blank\"><img decoding=\"async\" src=\"http:\/\/www.fuldaer-nachrichten.de\/wp-content\/uploads\/2010\/08\/100816_MallorcaParty_250.thumbnail.jpg\" alt=\"100816_MallorcaParty_250.jpg\" width=\"265\" \/><\/a><\/p>\n<p><a title=\"Foto: Marzena Traber\" rel=\"lightbox[roadtrip]\" href=\"http:\/\/www.fuldaer-nachrichten.de\/wp-content\/uploads\/2010\/08\/100816_MallorcaParty_251.jpg\" target=\"_blank\"><img decoding=\"async\" src=\"http:\/\/www.fuldaer-nachrichten.de\/wp-content\/uploads\/2010\/08\/100816_MallorcaParty_251.thumbnail.jpg\" alt=\"100816_MallorcaParty_251.jpg\" width=\"265\" \/><\/a> <a title=\"Foto: Marzena Traber\" rel=\"lightbox[roadtrip]\" href=\"http:\/\/www.fuldaer-nachrichten.de\/wp-content\/uploads\/2010\/08\/100816_MallorcaParty_252.jpg\" target=\"_blank\"><img decoding=\"async\" src=\"http:\/\/www.fuldaer-nachrichten.de\/wp-content\/uploads\/2010\/08\/100816_MallorcaParty_252.thumbnail.jpg\" alt=\"100816_MallorcaParty_252.jpg\" width=\"265\" \/><\/a><\/p>\n<p><a title=\"Foto: Marzena Traber\" rel=\"lightbox[roadtrip]\" href=\"http:\/\/www.fuldaer-nachrichten.de\/wp-content\/uploads\/2010\/08\/100816_MallorcaParty_253.jpg\" target=\"_blank\"><img decoding=\"async\" src=\"http:\/\/www.fuldaer-nachrichten.de\/wp-content\/uploads\/2010\/08\/100816_MallorcaParty_253.thumbnail.jpg\" alt=\"100816_MallorcaParty_253.jpg\" width=\"265\" \/><\/a> <a title=\"Foto: Marzena Traber\" rel=\"lightbox[roadtrip]\" href=\"http:\/\/www.fuldaer-nachrichten.de\/wp-content\/uploads\/2010\/08\/100816_MallorcaParty_254.jpg\" target=\"_blank\"><img decoding=\"async\" src=\"http:\/\/www.fuldaer-nachrichten.de\/wp-content\/uploads\/2010\/08\/100816_MallorcaParty_254.thumbnail.jpg\" alt=\"100816_MallorcaParty_254.jpg\" width=\"265\" \/><\/a><\/p>\n<p><a title=\"Foto: Marzena Traber\" rel=\"lightbox[roadtrip]\" href=\"http:\/\/www.fuldaer-nachrichten.de\/wp-content\/uploads\/2010\/08\/100816_MallorcaParty_255.jpg\" target=\"_blank\"><img decoding=\"async\" src=\"http:\/\/www.fuldaer-nachrichten.de\/wp-content\/uploads\/2010\/08\/100816_MallorcaParty_255.thumbnail.jpg\" alt=\"100816_MallorcaParty_255.jpg\" width=\"265\" \/><\/a> <a title=\"Foto: Marzena Traber\" rel=\"lightbox[roadtrip]\" href=\"http:\/\/www.fuldaer-nachrichten.de\/wp-content\/uploads\/2010\/08\/100816_MallorcaParty_256.jpg\" target=\"_blank\"><img decoding=\"async\" src=\"http:\/\/www.fuldaer-nachrichten.de\/wp-content\/uploads\/2010\/08\/100816_MallorcaParty_256.thumbnail.jpg\" alt=\"100816_MallorcaParty_256.jpg\" width=\"265\" \/><\/a><\/p>\n<p><a title=\"Foto: Marzena Traber\" rel=\"lightbox[roadtrip]\" href=\"..\/wp-content\/uploads\/2010\/08\/100816_MallorcaParty_261.jpg\" target=\"_blank\"><img decoding=\"async\" src=\"http:\/\/www.fuldaer-nachrichten.de\/wp-content\/uploads\/2010\/08\/100816_MallorcaParty_261.thumbnail.jpg\" alt=\"100816_MallorcaParty_261.jpg\" width=\"265\" \/> <\/a><a title=\"Foto: Marzena Traber\" rel=\"lightbox[roadtrip]\" href=\"..\/wp-content\/uploads\/2010\/08\/100816_MallorcaParty_258.jpg\" target=\"_blank\"><img decoding=\"async\" src=\"http:\/\/www.fuldaer-nachrichten.de\/wp-content\/uploads\/2010\/08\/100816_MallorcaParty_258.thumbnail.jpg\" alt=\"100816_MallorcaParty_258.jpg\" width=\"265\" \/><\/a><\/p>\n<p><a title=\"Foto: Marzena Traber\" rel=\"lightbox[roadtrip]\" href=\"http:\/\/www.fuldaer-nachrichten.de\/wp-content\/uploads\/2010\/08\/100816_MallorcaParty_259.jpg\" target=\"_blank\"><img decoding=\"async\" src=\"http:\/\/www.fuldaer-nachrichten.de\/wp-content\/uploads\/2010\/08\/100816_MallorcaParty_259.thumbnail.jpg\" alt=\"100816_MallorcaParty_259.jpg\" width=\"265\" \/><\/a> <a title=\"Foto: Marzena Traber\" rel=\"lightbox[roadtrip]\" href=\"http:\/\/www.fuldaer-nachrichten.de\/wp-content\/uploads\/2010\/08\/100816_MallorcaParty_260.jpg\" target=\"_blank\"><img decoding=\"async\" src=\"http:\/\/www.fuldaer-nachrichten.de\/wp-content\/uploads\/2010\/08\/100816_MallorcaParty_260.thumbnail.jpg\" alt=\"100816_MallorcaParty_260.jpg\" width=\"265\" \/><\/a><\/p>\n<p><a title=\"Foto: Marzena Traber\" rel=\"lightbox[roadtrip]\" href=\"http:\/\/www.fuldaer-nachrichten.de\/wp-content\/uploads\/2010\/08\/100816_MallorcaParty_262.jpg\" target=\"_blank\"><img decoding=\"async\" src=\"http:\/\/www.fuldaer-nachrichten.de\/wp-content\/uploads\/2010\/08\/100816_MallorcaParty_262.thumbnail.jpg\" alt=\"100816_MallorcaParty_262.jpg\" width=\"265\" \/><\/a> <a title=\"Foto: Marzena Traber\" rel=\"lightbox[roadtrip]\" href=\"..\/wp-content\/uploads\/2010\/08\/100816_MallorcaParty_242.jpg\" target=\"_blank\"><img decoding=\"async\" src=\"http:\/\/www.fuldaer-nachrichten.de\/wp-content\/uploads\/2010\/08\/100816_MallorcaParty_242.thumbnail.jpg\" alt=\"100816_MallorcaParty_242.jpg\" width=\"265\" \/><\/a><\/p>\n<p><a title=\"Foto: Marzena Traber\" rel=\"lightbox[roadtrip]\" href=\"http:\/\/www.fuldaer-nachrichten.de\/wp-content\/uploads\/2010\/08\/100816_MallorcaParty_263.jpg\" target=\"_blank\"><img decoding=\"async\" src=\"http:\/\/www.fuldaer-nachrichten.de\/wp-content\/uploads\/2010\/08\/100816_MallorcaParty_263.thumbnail.jpg\" alt=\"100816_MallorcaParty_263.jpg\" width=\"265\" \/><\/a> <a title=\"Foto: Marzena Traber\" rel=\"lightbox[roadtrip]\" href=\"http:\/\/www.fuldaer-nachrichten.de\/wp-content\/uploads\/2010\/08\/100816_MallorcaParty_264.jpg\" target=\"_blank\"><img decoding=\"async\" src=\"http:\/\/www.fuldaer-nachrichten.de\/wp-content\/uploads\/2010\/08\/100816_MallorcaParty_264.thumbnail.jpg\" alt=\"100816_MallorcaParty_264.jpg\" width=\"265\" \/><\/a><\/p>\n<p><a title=\"Foto: Marzena Traber\" rel=\"lightbox[roadtrip]\" href=\"http:\/\/www.fuldaer-nachrichten.de\/wp-content\/uploads\/2010\/08\/100816_MallorcaParty_265.jpg\" target=\"_blank\"><img decoding=\"async\" src=\"http:\/\/www.fuldaer-nachrichten.de\/wp-content\/uploads\/2010\/08\/100816_MallorcaParty_265.thumbnail.jpg\" alt=\"100816_MallorcaParty_265.jpg\" width=\"265\" \/><\/a> <a title=\"Foto: Marzena Traber\" rel=\"lightbox[roadtrip]\" href=\"http:\/\/www.fuldaer-nachrichten.de\/wp-content\/uploads\/2010\/08\/100816_MallorcaParty_266.jpg\" target=\"_blank\"><img decoding=\"async\" src=\"http:\/\/www.fuldaer-nachrichten.de\/wp-content\/uploads\/2010\/08\/100816_MallorcaParty_266.thumbnail.jpg\" alt=\"100816_MallorcaParty_266.jpg\" width=\"265\" \/><\/a><\/p>\n<p><a title=\"Foto: Marzena Traber\" rel=\"lightbox[roadtrip]\" href=\"http:\/\/www.fuldaer-nachrichten.de\/wp-content\/uploads\/2010\/08\/100816_MallorcaParty_268.jpg\" target=\"_blank\"><img decoding=\"async\" src=\"http:\/\/www.fuldaer-nachrichten.de\/wp-content\/uploads\/2010\/08\/100816_MallorcaParty_268.thumbnail.jpg\" alt=\"100816_MallorcaParty_268.jpg\" width=\"265\" \/><\/a> <a title=\"Foto: Marzena Traber\" rel=\"lightbox[roadtrip]\" href=\"..\/wp-content\/uploads\/2010\/08\/100816_MallorcaParty_276.jpg\" target=\"_blank\"><img decoding=\"async\" src=\"http:\/\/www.fuldaer-nachrichten.de\/wp-content\/uploads\/2010\/08\/100816_MallorcaParty_276.thumbnail.jpg\" alt=\"100816_MallorcaParty_276.jpg\" width=\"265\" \/><\/a><\/p>\n<p><a title=\"Foto: Marzena Traber\" rel=\"lightbox[roadtrip]\" href=\"http:\/\/www.fuldaer-nachrichten.de\/wp-content\/uploads\/2010\/08\/100816_MallorcaParty_269.jpg\" target=\"_blank\"><img decoding=\"async\" src=\"http:\/\/www.fuldaer-nachrichten.de\/wp-content\/uploads\/2010\/08\/100816_MallorcaParty_269.thumbnail.jpg\" alt=\"100816_MallorcaParty_269.jpg\" width=\"265\" \/><\/a> <a title=\"Foto: Marzena Traber\" rel=\"lightbox[roadtrip]\" href=\"http:\/\/www.fuldaer-nachrichten.de\/wp-content\/uploads\/2010\/08\/100816_MallorcaParty_270.jpg\" target=\"_blank\"><img decoding=\"async\" src=\"http:\/\/www.fuldaer-nachrichten.de\/wp-content\/uploads\/2010\/08\/100816_MallorcaParty_270.thumbnail.jpg\" alt=\"100816_MallorcaParty_270.jpg\" width=\"265\" \/><\/a><\/p>\n<p><a title=\"Foto: Marzena Traber\" rel=\"lightbox[roadtrip]\" href=\"http:\/\/www.fuldaer-nachrichten.de\/wp-content\/uploads\/2010\/08\/100816_MallorcaParty_271.jpg\" target=\"_blank\"><img decoding=\"async\" src=\"http:\/\/www.fuldaer-nachrichten.de\/wp-content\/uploads\/2010\/08\/100816_MallorcaParty_271.thumbnail.jpg\" alt=\"100816_MallorcaParty_271.jpg\" width=\"265\" \/><\/a> <a title=\"Foto: Marzena Traber\" rel=\"lightbox[roadtrip]\" href=\"http:\/\/www.fuldaer-nachrichten.de\/wp-content\/uploads\/2010\/08\/100816_MallorcaParty_272.jpg\" target=\"_blank\"><img decoding=\"async\" src=\"http:\/\/www.fuldaer-nachrichten.de\/wp-content\/uploads\/2010\/08\/100816_MallorcaParty_272.thumbnail.jpg\" alt=\"100816_MallorcaParty_272.jpg\" width=\"265\" \/><\/a><\/p>\n<p><a title=\"Foto: Marzena Traber\" rel=\"lightbox[roadtrip]\" href=\"http:\/\/www.fuldaer-nachrichten.de\/wp-content\/uploads\/2010\/08\/100816_MallorcaParty_273.jpg\" target=\"_blank\"><img decoding=\"async\" src=\"http:\/\/www.fuldaer-nachrichten.de\/wp-content\/uploads\/2010\/08\/100816_MallorcaParty_273.thumbnail.jpg\" alt=\"100816_MallorcaParty_273.jpg\" width=\"265\" \/><\/a> <a title=\"Foto: Marzena Traber\" rel=\"lightbox[roadtrip]\" href=\"http:\/\/www.fuldaer-nachrichten.de\/wp-content\/uploads\/2010\/08\/100816_MallorcaParty_274.jpg\" target=\"_blank\"><img decoding=\"async\" src=\"http:\/\/www.fuldaer-nachrichten.de\/wp-content\/uploads\/2010\/08\/100816_MallorcaParty_274.thumbnail.jpg\" alt=\"100816_MallorcaParty_274.jpg\" width=\"265\" \/><\/a><\/p>\n<p><a title=\"Foto: Marzena Traber\" rel=\"lightbox[roadtrip]\" href=\"..\/wp-content\/uploads\/2010\/08\/100816_MallorcaParty_267.jpg\" target=\"_blank\"><img decoding=\"async\" src=\"http:\/\/www.fuldaer-nachrichten.de\/wp-content\/uploads\/2010\/08\/100816_MallorcaParty_267.thumbnail.jpg\" alt=\"100816_MallorcaParty_267.jpg\" width=\"265\" \/><\/a> <a title=\"Foto: Marzena Traber\" rel=\"lightbox[roadtrip]\" href=\"http:\/\/www.fuldaer-nachrichten.de\/wp-content\/uploads\/2010\/08\/100816_MallorcaParty_275.jpg\" target=\"_blank\"><img decoding=\"async\" src=\"http:\/\/www.fuldaer-nachrichten.de\/wp-content\/uploads\/2010\/08\/100816_MallorcaParty_275.thumbnail.jpg\" alt=\"100816_MallorcaParty_275.jpg\" width=\"265\" \/><\/a><\/p>\n<p><a title=\"Foto: Marzena Traber\" rel=\"lightbox[roadtrip]\" href=\"http:\/\/www.fuldaer-nachrichten.de\/wp-content\/uploads\/2010\/08\/100816_MallorcaParty_277.jpg\" target=\"_blank\"><img decoding=\"async\" src=\"http:\/\/www.fuldaer-nachrichten.de\/wp-content\/uploads\/2010\/08\/100816_MallorcaParty_277.thumbnail.jpg\" alt=\"100816_MallorcaParty_277.jpg\" width=\"265\" \/><\/a> <a title=\"Foto: Marzena Traber\" rel=\"lightbox[roadtrip]\" href=\"..\/wp-content\/uploads\/2010\/08\/100816_MallorcaParty_279.jpg\" target=\"_blank\"><img decoding=\"async\" src=\"http:\/\/www.fuldaer-nachrichten.de\/wp-content\/uploads\/2010\/08\/100816_MallorcaParty_279.thumbnail.jpg\" alt=\"100816_MallorcaParty_279.jpg\" width=\"265\" \/><\/a><a title=\"Foto: Marzena Traber\" rel=\"lightbox[roadtrip]\" href=\"http:\/\/www.fuldaer-nachrichten.de\/wp-content\/uploads\/2010\/08\/100816_MallorcaParty_278.jpg\" target=\"_blank\"><\/a><\/p>\n<p><a title=\"Foto: Marzena Traber\" rel=\"lightbox[roadtrip]\" href=\"http:\/\/www.fuldaer-nachrichten.de\/wp-content\/uploads\/2010\/08\/100816_MallorcaParty_278.jpg\" target=\"_blank\"><img decoding=\"async\" src=\"http:\/\/www.fuldaer-nachrichten.de\/wp-content\/uploads\/2010\/08\/100816_MallorcaParty_278.thumbnail.jpg\" alt=\"100816_MallorcaParty_278.jpg\" width=\"265\" \/><\/a> <a title=\"Foto: Marzena Traber\" rel=\"lightbox[roadtrip]\" href=\"..\/wp-content\/uploads\/2010\/08\/100816_MallorcaParty_280.jpg\" target=\"_blank\"><img decoding=\"async\" src=\"http:\/\/www.fuldaer-nachrichten.de\/wp-content\/uploads\/2010\/08\/100816_MallorcaParty_280.thumbnail.jpg\" alt=\"100816_MallorcaParty_280.jpg\" width=\"265\" \/><\/a><\/p>\n<p><a title=\"Foto: Marzena Traber\" rel=\"lightbox[roadtrip]\" href=\"http:\/\/www.fuldaer-nachrichten.de\/wp-content\/uploads\/2010\/08\/100816_MallorcaParty_282.jpg\" target=\"_blank\"><img decoding=\"async\" src=\"http:\/\/www.fuldaer-nachrichten.de\/wp-content\/uploads\/2010\/08\/100816_MallorcaParty_282.thumbnail.jpg\" alt=\"100816_MallorcaParty_282.jpg\" width=\"265\" \/><\/a> <a title=\"Foto: Marzena Traber\" rel=\"lightbox[roadtrip]\" href=\"..\/wp-content\/uploads\/2010\/08\/100816_MallorcaParty_283.jpg\" target=\"_blank\"><img decoding=\"async\" src=\"http:\/\/www.fuldaer-nachrichten.de\/wp-content\/uploads\/2010\/08\/100816_MallorcaParty_283.thumbnail.jpg\" alt=\"100816_MallorcaParty_283.jpg\" width=\"265\" \/><\/a><a title=\"Foto: Marzena Traber\" rel=\"lightbox[roadtrip]\" href=\"..\/wp-content\/uploads\/2010\/08\/100816_MallorcaParty_283.jpg\" target=\"_blank\"> <\/a><\/p>\n<p><a title=\"Foto: Marzena Traber\" rel=\"lightbox[roadtrip]\" href=\"http:\/\/www.fuldaer-nachrichten.de\/wp-content\/uploads\/2010\/08\/100816_MallorcaParty_283.jpg\" target=\"_blank\"><\/a><a title=\"Foto: Marzena Traber\" rel=\"lightbox[roadtrip]\" href=\"..\/wp-content\/uploads\/2010\/08\/100816_MallorcaParty_281.jpg\" target=\"_blank\"><img decoding=\"async\" src=\"http:\/\/www.fuldaer-nachrichten.de\/wp-content\/uploads\/2010\/08\/100816_MallorcaParty_281.thumbnail.jpg\" alt=\"100816_MallorcaParty_281.jpg\" width=\"265\" \/> <\/a><a title=\"Foto: Marzena Traber\" rel=\"lightbox[roadtrip]\" href=\"..\/wp-content\/uploads\/2010\/08\/100816_MallorcaParty_241.jpg\" target=\"_blank\"><img decoding=\"async\" src=\"http:\/\/www.fuldaer-nachrichten.de\/wp-content\/uploads\/2010\/08\/100816_MallorcaParty_241.thumbnail.jpg\" alt=\"100816_MallorcaParty_241.jpg\" width=\"265\" \/><\/a><\/p>\n","protected":false},"excerpt":{"rendered":"<div class=\"tmnf_excerpt\"><p>Fulda. Viel zu laut, schlecht organisiert, niveaulos, C-Promi-Riege \u2013 Jede Menge kritische Kommentare waren im Nachgang zur Mallorca-Party, die am vergangenen Samstag auf dem Gel\u00e4nde der M\u00fcnsterfeldhalle stattfand, zu h\u00f6ren und zu lesen. Berechtigte Kritik? Sicher, es war laut und es gab Fehleinsch\u00e4tzungen von Seiten der Organisatoren. So wurde beispielsweise die Trinkfreude der Partybesucher ebenso &hellip;<\/p>\n<\/div>","protected":false},"author":1,"featured_media":0,"comment_status":"closed","ping_status":"closed","sticky":false,"template":"","format":"standard","meta":{"footnotes":""},"categories":[1,54,37,79,44,78],"tags":[],"class_list":["post-66992","post","type-post","status-publish","format-standard","hentry","category-startseite","category-bildergalerien","category-essen-und-trinken","category-kino","category-kultur","category-topthema"],"_links":{"self":[{"href":"https:\/\/www.fuldaernachrichten.de\/index.php?rest_route=\/wp\/v2\/posts\/66992","targetHints":{"allow":["GET"]}}],"collection":[{"href":"https:\/\/www.fuldaernachrichten.de\/index.php?rest_route=\/wp\/v2\/posts"}],"about":[{"href":"https:\/\/www.fuldaernachrichten.de\/index.php?rest_route=\/wp\/v2\/types\/post"}],"author":[{"embeddable":true,"href":"https:\/\/www.fuldaernachrichten.de\/index.php?rest_route=\/wp\/v2\/users\/1"}],"replies":[{"embeddable":true,"href":"https:\/\/www.fuldaernachrichten.de\/index.php?rest_route=%2Fwp%2Fv2%2Fcomments&post=66992"}],"version-history":[{"count":15,"href":"https:\/\/www.fuldaernachrichten.de\/index.php?rest_route=\/wp\/v2\/posts\/66992\/revisions"}],"predecessor-version":[{"id":67316,"href":"https:\/\/www.fuldaernachrichten.de\/index.php?rest_route=\/wp\/v2\/posts\/66992\/revisions\/67316"}],"wp:attachment":[{"href":"https:\/\/www.fuldaernachrichten.de\/index.php?rest_route=%2Fwp%2Fv2%2Fmedia&parent=66992"}],"wp:term":[{"taxonomy":"category","embeddable":true,"href":"https:\/\/www.fuldaernachrichten.de\/index.php?rest_route=%2Fwp%2Fv2%2Fcategories&post=66992"},{"taxonomy":"post_tag","embeddable":true,"href":"https:\/\/www.fuldaernachrichten.de\/index.php?rest_route=%2Fwp%2Fv2%2Ftags&post=66992"}],"curies":[{"name":"wp","href":"https:\/\/api.w.org\/{rel}","templated":true}]}}