{"id":66984,"date":"2010-08-18T02:46:58","date_gmt":"2010-08-18T00:46:58","guid":{"rendered":"http:\/\/www.fuldaer-nachrichten.de\/?p=66984"},"modified":"2010-08-18T08:47:09","modified_gmt":"2010-08-18T06:47:09","slug":"sommerfest-der-kindertagespflege-am-weiher-in-burghaun","status":"publish","type":"post","link":"https:\/\/www.fuldaernachrichten.de\/?p=66984","title":{"rendered":"Sommerfest der Kindertagespflege am Weiher in Burghaun"},"content":{"rendered":"<p><strong>Burghaun.<\/strong> Am Sonntag, 22. August, findet ab 14.00 Uhr in der Naherholungsanlage am Weiher in Burghaun ein Sommerfest statt, zu dem die Fachstelle Kindertagespflege des Landkreises Fulda und die Kindertagespflegepersonen aus der Region einladen. Bei Kaffee und Kuchen besteht die M\u00f6glichkeit, sich \u00fcber das Angebot der Kindertagespflege zu informieren. Gerne stehen die Mitarbeiterinnen der Fachstelle sowie erfahrene Tagesm\u00fctter und Tagesv\u00e4ter zur Beantwortung von Fragen bereit. F\u00fcr die Kinder bietet die Spielwiese e. V. ein interessantes Programm an.<\/p>\n","protected":false},"excerpt":{"rendered":"<div class=\"tmnf_excerpt\"><p>Burghaun. Am Sonntag, 22. August, findet ab 14.00 Uhr in der Naherholungsanlage am Weiher in Burghaun ein Sommerfest statt, zu dem die Fachstelle Kindertagespflege des Landkreises Fulda und die Kindertagespflegepersonen aus der Region einladen. Bei Kaffee und Kuchen besteht die M\u00f6glichkeit, sich \u00fcber das Angebot der Kindertagespflege zu informieren. Gerne stehen die Mitarbeiterinnen der Fachstelle &hellip;<\/p>\n<\/div>","protected":false},"author":1,"featured_media":0,"comment_status":"closed","ping_status":"closed","sticky":false,"template":"","format":"standard","meta":{"footnotes":""},"categories":[1,72],"tags":[],"class_list":["post-66984","post","type-post","status-publish","format-standard","hentry","category-startseite","category-jugend"],"_links":{"self":[{"href":"https:\/\/www.fuldaernachrichten.de\/index.php?rest_route=\/wp\/v2\/posts\/66984","targetHints":{"allow":["GET"]}}],"collection":[{"href":"https:\/\/www.fuldaernachrichten.de\/index.php?rest_route=\/wp\/v2\/posts"}],"about":[{"href":"https:\/\/www.fuldaernachrichten.de\/index.php?rest_route=\/wp\/v2\/types\/post"}],"author":[{"embeddable":true,"href":"https:\/\/www.fuldaernachrichten.de\/index.php?rest_route=\/wp\/v2\/users\/1"}],"replies":[{"embeddable":true,"href":"https:\/\/www.fuldaernachrichten.de\/index.php?rest_route=%2Fwp%2Fv2%2Fcomments&post=66984"}],"version-history":[{"count":2,"href":"https:\/\/www.fuldaernachrichten.de\/index.php?rest_route=\/wp\/v2\/posts\/66984\/revisions"}],"predecessor-version":[{"id":67220,"href":"https:\/\/www.fuldaernachrichten.de\/index.php?rest_route=\/wp\/v2\/posts\/66984\/revisions\/67220"}],"wp:attachment":[{"href":"https:\/\/www.fuldaernachrichten.de\/index.php?rest_route=%2Fwp%2Fv2%2Fmedia&parent=66984"}],"wp:term":[{"taxonomy":"category","embeddable":true,"href":"https:\/\/www.fuldaernachrichten.de\/index.php?rest_route=%2Fwp%2Fv2%2Fcategories&post=66984"},{"taxonomy":"post_tag","embeddable":true,"href":"https:\/\/www.fuldaernachrichten.de\/index.php?rest_route=%2Fwp%2Fv2%2Ftags&post=66984"}],"curies":[{"name":"wp","href":"https:\/\/api.w.org\/{rel}","templated":true}]}}