{"id":66980,"date":"2010-08-18T01:46:31","date_gmt":"2010-08-17T23:46:31","guid":{"rendered":"http:\/\/www.fuldaer-nachrichten.de\/?p=66980"},"modified":"2010-08-18T08:46:44","modified_gmt":"2010-08-18T06:46:44","slug":"klettererlebnis-der-besonderen-art-jugendkulturfabrik-veranstaltet-nightclimb","status":"publish","type":"post","link":"https:\/\/www.fuldaernachrichten.de\/?p=66980","title":{"rendered":"Klettererlebnis der besonderen Art &#8211; Jugendkulturfabrik veranstaltet \u201eNightclimb\u201c"},"content":{"rendered":"<p><strong>Fulda.<\/strong> Klettern bei Schwarzlicht und fetten Beats\u00c2\u00a0kann man\u00c2\u00a0wieder am 20. August 2010 in der Jugendkulturfabrik Fulda. Unterst\u00fctzt von den Outdoorspezialisten von Auf und Davon und dem Deutschen Alpenverein findet schon zum dritten Mal der &#8220;Nightclimb&#8221; statt. Ab 20.00 Uhr sind alle Kletterer und Kletterneugierige eingeladen in der gr\u00f6\u00dften und sch\u00f6nsten Kletterhalle Fuldas ihr K\u00f6nnen zu testen. Die Jugendkulturfabrik ist in der Weimarer Stra\u00dfe 20, 36037 Fulda zu finden. Weitere Infos unter <a href=\"http:\/\/www.jugendkulturfabrik.de.\/\">www.jugendkulturfabrik.de.<\/a><\/p>\n","protected":false},"excerpt":{"rendered":"<div class=\"tmnf_excerpt\"><p>Fulda. Klettern bei Schwarzlicht und fetten Beats\u00c2\u00a0kann man\u00c2\u00a0wieder am 20. August 2010 in der Jugendkulturfabrik Fulda. Unterst\u00fctzt von den Outdoorspezialisten von Auf und Davon und dem Deutschen Alpenverein findet schon zum dritten Mal der &#8220;Nightclimb&#8221; statt. Ab 20.00 Uhr sind alle Kletterer und Kletterneugierige eingeladen in der gr\u00f6\u00dften und sch\u00f6nsten Kletterhalle Fuldas ihr K\u00f6nnen zu &hellip;<\/p>\n<\/div>","protected":false},"author":1,"featured_media":0,"comment_status":"closed","ping_status":"closed","sticky":false,"template":"","format":"standard","meta":{"footnotes":""},"categories":[1],"tags":[],"class_list":["post-66980","post","type-post","status-publish","format-standard","hentry","category-startseite"],"_links":{"self":[{"href":"https:\/\/www.fuldaernachrichten.de\/index.php?rest_route=\/wp\/v2\/posts\/66980","targetHints":{"allow":["GET"]}}],"collection":[{"href":"https:\/\/www.fuldaernachrichten.de\/index.php?rest_route=\/wp\/v2\/posts"}],"about":[{"href":"https:\/\/www.fuldaernachrichten.de\/index.php?rest_route=\/wp\/v2\/types\/post"}],"author":[{"embeddable":true,"href":"https:\/\/www.fuldaernachrichten.de\/index.php?rest_route=\/wp\/v2\/users\/1"}],"replies":[{"embeddable":true,"href":"https:\/\/www.fuldaernachrichten.de\/index.php?rest_route=%2Fwp%2Fv2%2Fcomments&post=66980"}],"version-history":[{"count":2,"href":"https:\/\/www.fuldaernachrichten.de\/index.php?rest_route=\/wp\/v2\/posts\/66980\/revisions"}],"predecessor-version":[{"id":67219,"href":"https:\/\/www.fuldaernachrichten.de\/index.php?rest_route=\/wp\/v2\/posts\/66980\/revisions\/67219"}],"wp:attachment":[{"href":"https:\/\/www.fuldaernachrichten.de\/index.php?rest_route=%2Fwp%2Fv2%2Fmedia&parent=66980"}],"wp:term":[{"taxonomy":"category","embeddable":true,"href":"https:\/\/www.fuldaernachrichten.de\/index.php?rest_route=%2Fwp%2Fv2%2Fcategories&post=66980"},{"taxonomy":"post_tag","embeddable":true,"href":"https:\/\/www.fuldaernachrichten.de\/index.php?rest_route=%2Fwp%2Fv2%2Ftags&post=66980"}],"curies":[{"name":"wp","href":"https:\/\/api.w.org\/{rel}","templated":true}]}}