{"id":66968,"date":"2010-08-18T01:47:28","date_gmt":"2010-08-17T23:47:28","guid":{"rendered":"http:\/\/www.fuldaer-nachrichten.de\/?p=66968"},"modified":"2010-08-18T08:47:43","modified_gmt":"2010-08-18T06:47:43","slug":"pfarrerin-petra-hegmann-nach-fast-15-jahren-als-pfarrerin-der-versoehnungskirche-in-fulda-verabschiedet","status":"publish","type":"post","link":"https:\/\/www.fuldaernachrichten.de\/?p=66968","title":{"rendered":"Pfarrerin Petra Hegmann nach fast 15 Jahren als Pfarrerin der Vers\u00f6hnungskirche in Fulda verabschiedet"},"content":{"rendered":"<p><strong><a href=\"http:\/\/www.fuldaer-nachrichten.de\/wp-content\/uploads\/2010\/08\/100816_Verabschiedung.jpg\"><img decoding=\"async\" class=\"alignleft size-thumbnail wp-image-66969\" title=\"100816_Verabschiedung\" src=\"http:\/\/www.fuldaer-nachrichten.de\/wp-content\/uploads\/2010\/08\/100816_Verabschiedung-265x173.jpg\" alt=\"\" width=\"265\" height=\"173\" srcset=\"https:\/\/www.fuldaernachrichten.de\/wp-content\/uploads\/2010\/08\/100816_Verabschiedung-265x173.jpg 265w, https:\/\/www.fuldaernachrichten.de\/wp-content\/uploads\/2010\/08\/100816_Verabschiedung.jpg 592w\" sizes=\"(max-width: 265px) 100vw, 265px\" \/><\/a>Fulda. <\/strong>Lachende und weinende Augen gab es hier und dort bei der Verabschiedung von Pfarrerin Petra Hegmann in der Vers\u00f6hnungskirche im Fuldaer Stadtteil Aschenberg. 15 Jahre hatte Hegmann Dienst als Gemeindepfarrerin, etliche Jahre als Vorsitzende der Evangelischen Gesamtgemeinde Fulda und zuletzt als stellvertretende Dekanin des Kirchenkreises Fulda getan. Im Gottesdienst konnte die Amtskollegin am Aschenberg, Pfarrerin Heike Dietrich, neben Oberb\u00fcrgermeister Gerhard M\u00f6ller und Dekan Bengt Seeberg auch katholische und evangelische Kolleginnen von Hegmann begr\u00fc\u00dfen. In ihrer Predigt stellte Hegmann im Anschluss an das Gleichnis Jesu vom den ungleichen S\u00f6hnen heraus, wie wichtig es sei, dass Reden und Handeln im christlichen Leben \u00fcbereinstimmten. Kirchengemeinden seien Orte, um dies einzu\u00fcben. Auch wenn das einem jedem von uns nicht immer gelinge, gestand sie selbstkritisch ein, gebe es doch immer die M\u00f6glichkeit der Umkehr und Vers\u00f6hnung.<!--more--><\/p>\n<p>Reveupassierend habe sie in der Zeit als Pfarrerin in Fulda sehr vieles als Geschenk und Gnade erlebt und bedankte sich bei den Mitarbeitenden und Gemeindegliedern der Kirchengemeinde, sowie bei Kolleginnen und Kollegen. Nat\u00fcrlich gebe es deshalb ein weinendes Auge bei ihr, sie freue sich aber auch auf die bevorstehende neue Aufgabe als Dekanin in Frankenberg. Hier wird sie ihr Amt zum 1. September antreten. Trotz des Abstands sei sie gewiss, dass \u201edie Liebe Gottes und die un\u00fcberbietbare Botschaft seiner Gnade, die noch mehr Menschen erreichen m\u00f6ge, uns alle weiterhin verbinde\u201c, sagte die Pfarrerin. Laut Auskunft des Kirchenkreises sei die Pfarrstelle zuletzt im Amtsblatt ausgeschrieben und man hoffe, die Vakanzzeit kurz halten zu k\u00f6nnen. Zwischenzeitlich \u00fcbernimmt Pfarrerin Dietrich mit Unterst\u00fctzung der evangelischen Nachbarkollegen die Vertretung.<\/p>\n<p><a href=\"http:\/\/www.fuldaer-nachrichten.de\/wp-content\/uploads\/2010\/08\/100816_Verabschiedung2.jpg\"><img fetchpriority=\"high\" decoding=\"async\" class=\"alignnone size-thumbnail wp-image-66970\" title=\"100816_Verabschiedung2\" src=\"http:\/\/www.fuldaer-nachrichten.de\/wp-content\/uploads\/2010\/08\/100816_Verabschiedung2-265x220.jpg\" alt=\"\" width=\"265\" height=\"207\" \/><\/a> <a href=\"http:\/\/www.fuldaer-nachrichten.de\/wp-content\/uploads\/2010\/08\/100816_Verabschiedung3.jpg\"><img decoding=\"async\" class=\"alignnone size-thumbnail wp-image-66971\" title=\"100816_Verabschiedung3\" src=\"http:\/\/www.fuldaer-nachrichten.de\/wp-content\/uploads\/2010\/08\/100816_Verabschiedung3-265x198.jpg\" alt=\"\" width=\"265\" height=\"207\" \/><\/a><\/p>\n<p>Dekan Bengt Seeberg w\u00fcrdigte in seinen Verabschiedungsworten im voll besetzen Gotteshaus am Aschenberg Hegmanns Arbeit. Insbesondere habe er ihre Bescheidenheit in der Begegnung und im Auftreten sch\u00e4tzen gelernt. In einer Zeit, in der es landl\u00e4ufig viel Selbstinszenierung gebe, sei sie darin allen ein Vorbild und zutiefst glaubw\u00fcrdig. Zwar verliere er im Kirchenkreis eine sehr engagierte Pfarrerin, aber er sehe auch lachenden Auges der bevorstehenden Zusammenarbeit mit Hegmann als Dekanskollegin entgegen.<\/p>\n<p><a href=\"http:\/\/www.fuldaer-nachrichten.de\/wp-content\/uploads\/2010\/08\/100816_Fulda.jpg\"><img loading=\"lazy\" decoding=\"async\" class=\"alignnone size-thumbnail wp-image-66972\" title=\"100816_Fulda\" src=\"http:\/\/www.fuldaer-nachrichten.de\/wp-content\/uploads\/2010\/08\/100816_Fulda-265x248.jpg\" alt=\"\" width=\"265\" height=\"245\" \/><\/a> <a href=\"http:\/\/www.fuldaer-nachrichten.de\/wp-content\/uploads\/2010\/08\/100816_Fulda2.jpg\"><img loading=\"lazy\" decoding=\"async\" class=\"alignnone size-thumbnail wp-image-66973\" title=\"100816_Fulda2\" src=\"http:\/\/www.fuldaer-nachrichten.de\/wp-content\/uploads\/2010\/08\/100816_Fulda2-265x242.jpg\" alt=\"\" width=\"265\" height=\"245\" \/><\/a><\/p>\n<p>Der Gottesdienst wurde an der Orgel von Bezirkskantor Christian Mellin begleitet. In \u00f6kumenischer Verbundenheit sang zudem der Sakropopchor der katholischen Nachbargemeinde St. Lukas. Im anschlie\u00dfenden Empfang w\u00fcrdigten und verabschiedeten sich von der Geistlichen in Dankesworten der Kirchenvorstand, Oberb\u00fcrgermeister Gerhard M\u00f6ller und katholische Nachbarkollegen. Mit frohem Herzen g\u00f6nne man ihr den beruflichen Aufstieg, wenn man sie auch und hier g\u00e4be es wieder das weinende Auge, nicht gerne ziehen lasse.<\/p>\n","protected":false},"excerpt":{"rendered":"<div class=\"tmnf_excerpt\"><p>Fulda. Lachende und weinende Augen gab es hier und dort bei der Verabschiedung von Pfarrerin Petra Hegmann in der Vers\u00f6hnungskirche im Fuldaer Stadtteil Aschenberg. 15 Jahre hatte Hegmann Dienst als Gemeindepfarrerin, etliche Jahre als Vorsitzende der Evangelischen Gesamtgemeinde Fulda und zuletzt als stellvertretende Dekanin des Kirchenkreises Fulda getan. Im Gottesdienst konnte die Amtskollegin am Aschenberg, &hellip;<\/p>\n<\/div>","protected":false},"author":1,"featured_media":0,"comment_status":"closed","ping_status":"closed","sticky":false,"template":"","format":"standard","meta":{"footnotes":""},"categories":[1],"tags":[],"class_list":["post-66968","post","type-post","status-publish","format-standard","hentry","category-startseite"],"_links":{"self":[{"href":"https:\/\/www.fuldaernachrichten.de\/index.php?rest_route=\/wp\/v2\/posts\/66968","targetHints":{"allow":["GET"]}}],"collection":[{"href":"https:\/\/www.fuldaernachrichten.de\/index.php?rest_route=\/wp\/v2\/posts"}],"about":[{"href":"https:\/\/www.fuldaernachrichten.de\/index.php?rest_route=\/wp\/v2\/types\/post"}],"author":[{"embeddable":true,"href":"https:\/\/www.fuldaernachrichten.de\/index.php?rest_route=\/wp\/v2\/users\/1"}],"replies":[{"embeddable":true,"href":"https:\/\/www.fuldaernachrichten.de\/index.php?rest_route=%2Fwp%2Fv2%2Fcomments&post=66968"}],"version-history":[{"count":2,"href":"https:\/\/www.fuldaernachrichten.de\/index.php?rest_route=\/wp\/v2\/posts\/66968\/revisions"}],"predecessor-version":[{"id":67221,"href":"https:\/\/www.fuldaernachrichten.de\/index.php?rest_route=\/wp\/v2\/posts\/66968\/revisions\/67221"}],"wp:attachment":[{"href":"https:\/\/www.fuldaernachrichten.de\/index.php?rest_route=%2Fwp%2Fv2%2Fmedia&parent=66968"}],"wp:term":[{"taxonomy":"category","embeddable":true,"href":"https:\/\/www.fuldaernachrichten.de\/index.php?rest_route=%2Fwp%2Fv2%2Fcategories&post=66968"},{"taxonomy":"post_tag","embeddable":true,"href":"https:\/\/www.fuldaernachrichten.de\/index.php?rest_route=%2Fwp%2Fv2%2Ftags&post=66968"}],"curies":[{"name":"wp","href":"https:\/\/api.w.org\/{rel}","templated":true}]}}