{"id":66923,"date":"2010-08-18T01:51:33","date_gmt":"2010-08-17T23:51:33","guid":{"rendered":"http:\/\/www.fuldaer-nachrichten.de\/?p=66923"},"modified":"2010-08-18T08:51:42","modified_gmt":"2010-08-18T06:51:42","slug":"dickes-lob-fuer-die-bau-teams-an-der-richard-mueller-schule-sowie-der-astrid-lindgren-schule","status":"publish","type":"post","link":"https:\/\/www.fuldaernachrichten.de\/?p=66923","title":{"rendered":"Dickes Lob f\u00fcr die Bau-Teams an der Richard-M\u00fcller-Schule sowie der Astrid-Lindgren-Schule"},"content":{"rendered":"<p><strong><a href=\"http:\/\/www.fuldaer-nachrichten.de\/wp-content\/uploads\/2010\/08\/100816_Baustelle.jpg\"><img decoding=\"async\" class=\"alignleft size-thumbnail wp-image-66926\" title=\"100816_Baustelle\" src=\"http:\/\/www.fuldaer-nachrichten.de\/wp-content\/uploads\/2010\/08\/100816_Baustelle-265x175.jpg\" alt=\"\" width=\"265\" height=\"175\" srcset=\"https:\/\/www.fuldaernachrichten.de\/wp-content\/uploads\/2010\/08\/100816_Baustelle-265x175.jpg 265w, https:\/\/www.fuldaernachrichten.de\/wp-content\/uploads\/2010\/08\/100816_Baustelle.jpg 592w\" sizes=\"(max-width: 265px) 100vw, 265px\" \/><\/a>Fulda.<\/strong><strong> <\/strong>Passend zum blauen Himmel war auch die Laune von Fuldas OB Gerhard M\u00f6ller bestens und ungetr\u00fcbt von \u201egrauen Wolken\u201c. Denn zwei der wesentlichsten Projekte des aktuellen Konjunkturprogramms, der Ausbau der Richard-M\u00fcller-Schule sowie der Astrid-Lindgren-Schule, kommen gut voran. Zwar gibt es beim gr\u00f6\u00dften Einzelvorhaben mit einem Gesamtvolumen von rund 6,15 Millionen Euro \u00c2\u00a0\u201ezurzeit einen kleinen Verzug\u201c, wie Frank Volmer, Leiter des Geb\u00e4udemanagements,\u00c2\u00a0 einr\u00e4umte. Dennoch wollen Bauherr und Schule schon in f\u00fcnf bis sechs Wochen Richtfest feiern. In gut einem Jahr k\u00f6nnen sich angehende Einzelhandels-, Bank- und B\u00fcrokaufleute sowie die \u00fcbrige rund 3.000 K\u00f6pfe z\u00e4hlende Schulgemeinde \u00fcber ein \u201ewirklich sch\u00f6nes Schulgeb\u00e4ude\u201c freuen.<!--more--><\/p>\n<p><strong>Schrauben gleichzeitig gedreht<\/strong><\/p>\n<p>So verwundert es kaum, dass Schulleiterin Clauda H\u00fcmmler-Hille von einem \u201ebeeindruckenden Werk\u201c spricht. An mehreren Stellen gleichzeitig w\u00fcrden die Schrauben \u00c2\u00a0gedreht. Mit Erfolg, denn der Rohbau f\u00fcr den Anbau steht. Auch die Aufstockung ist im Rohbau bereits fertig ebenso wie der Bereich der neuen Aufzugsanlagen und des Treppenhauses. Grund genug f\u00fcr \u00c2\u00a0Schulleiterin H\u00fcmmler-Hille, OB M\u00f6ller, der Stadt generell wie auch allen Beteiligten f\u00fcr ihr gro\u00dfes Engagement zugunsten der Richard-M\u00fcller Schule zu danken. Ein \u201edickes Lob\u201c sprach auch Gabrielis Steinberger-Rippert, die die Astrid-Lindgren-Schule im Stadtquartier \u201eFulda Galerie\u201c leitet, dem Bau-Team aus. \u201eAlles ist prima gelaufen.\u201c Vom L\u00e4rm h\u00e4tten Sch\u00fcler und Lehrer \u201eganz, ganz wenig gemerkt.\u201c<\/p>\n<p><strong>Prima gelaufen<\/strong><\/p>\n<p>Dank des Konjunkturprogramms erh\u00e4lt die Richard-M\u00fcller Schule zw\u00f6lf neue Klassenr\u00e4ume, eine Cafetria, eine eigene Mediothek sowie mehr Raum f\u00fcr die Verwaltung. Zus\u00e4tzlich entstehen zwei neue Aufz\u00fcge. Au\u00dferdem saniert die Stadt zum Abschluss des Gesamtprojekts \u00c2\u00a0den Verwaltungstrakt. \u201eWir nehmen viel Geld in die Hand\u201c betonte M\u00f6ller bei einem gemeinsamen Rundgang mit der Schulleitung. Nunmehr materialisiere sich der Status der gr\u00f6\u00dften st\u00e4dtischen Schulbauma\u00dfnahme.<\/p>\n<p><a href=\"http:\/\/www.fuldaer-nachrichten.de\/wp-content\/uploads\/2010\/08\/100816_Baustelle_002.jpg\"><img decoding=\"async\" class=\"alignnone size-thumbnail wp-image-66927\" title=\"100816_Baustelle_002\" src=\"http:\/\/www.fuldaer-nachrichten.de\/wp-content\/uploads\/2010\/08\/100816_Baustelle_002-265x175.jpg\" alt=\"\" width=\"265\" height=\"175\" srcset=\"https:\/\/www.fuldaernachrichten.de\/wp-content\/uploads\/2010\/08\/100816_Baustelle_002-265x175.jpg 265w, https:\/\/www.fuldaernachrichten.de\/wp-content\/uploads\/2010\/08\/100816_Baustelle_002.jpg 592w\" sizes=\"(max-width: 265px) 100vw, 265px\" \/><\/a> <a href=\"http:\/\/www.fuldaer-nachrichten.de\/wp-content\/uploads\/2010\/08\/100816_Baustelle_001.jpg\"><img decoding=\"async\" class=\"alignnone size-thumbnail wp-image-66928\" title=\"100816_Baustelle_001\" src=\"http:\/\/www.fuldaer-nachrichten.de\/wp-content\/uploads\/2010\/08\/100816_Baustelle_001-265x175.jpg\" alt=\"\" width=\"265\" height=\"175\" srcset=\"https:\/\/www.fuldaernachrichten.de\/wp-content\/uploads\/2010\/08\/100816_Baustelle_001-265x175.jpg 265w, https:\/\/www.fuldaernachrichten.de\/wp-content\/uploads\/2010\/08\/100816_Baustelle_001.jpg 592w\" sizes=\"(max-width: 265px) 100vw, 265px\" \/><\/a><\/p>\n<p>Mit der Erweiterung um zw\u00f6lf Klassenr\u00e4ume werde endlich die Au\u00dfenstelle der Schule in der ehemaligen Athanasius-Kircher-Schule \u00fcberfl\u00fcssig. Laut M\u00f6ller bel\u00e4uft sich der hinzugewonnene Raum auf rund 1.740 Quadratmeter. 5,4 Millionen Euro der Gesamtkosten bestreitet die Stadt aus Mitteln des Konjunkturprogramms. Rund 750.000 Euro stammen aus eigenen Haushaltsmitteln.\u00c2\u00a0 \u201eSo wie an der Richard-M\u00fcller Schule investieren wir auch an der Astrid-Lindgren Schule in die Zukunft der nachfolgenden Generationen. Das muss uns einfach etwas wert sein\u201c, unterstrich M\u00f6ller bei einem Rundgang durch das Schulgeb\u00e4ude auf der Fulda-Galerie.<\/p>\n<p>Vier neue Klassenr\u00e4ume sind dort hinzugekommen. Und das, obwohl die Astrid-Lindgren-Schule noch neu und erst 2006 eingeweiht worden ist. Wie viele Sch\u00fcler die Schule tats\u00e4chlich besuchen werden, sei schwer vorher zu sagen. Von Jahr zu Jahr seien deshalb die Zahlen beobachtet worden. Irgendwann sei klar gewesen, dass \u201evier neue Klassen angeh\u00e4ngt werden m\u00fcssen.\u201c Auch der benachbarte Kindergarten erh\u00e4lt aufgrund der gro\u00dfen Nachfrage einen zus\u00e4tzlichen Gruppenraum. Rund 800.000 Euro sind f\u00fcr die Erweiterung veranschlagt. \u201eWir sind kostenm\u00e4\u00dfig im Rahmen und bleiben weit unter dem vorgesehenen Ansatz\u201c, berichtete Architekt Stefan Wehner OB M\u00f6ller, der die Botschaft mit einem frohen L\u00e4cheln kommentierte.<\/p>\n<p>F\u00fcr Fuldas Verwaltungschef ist die Astrid-Lindgren-Schule zugleich ein \u201eParadebeispiel\u201c f\u00fcr die Zielvorgabe des Konjunkturprogramms. Geradezu \u201eidealtypisch\u201c \u00c2\u00a0seien fast nur regionale Firmen mit Arbeiten beauftragt. Durch das Konjunkturprogramm werde die heimische Wirtschaft sp\u00fcrbar gest\u00e4rkt. Derzeit besuchen rund 205 Sch\u00fclerinnen und Sch\u00fcler in zehn Klassen die Astrid-Lindgren-Schule. Die ersten und dritten Klassen der starken Jahrg\u00e4nge sind jeweils dreiz\u00fcgig. All das spricht aus M\u00f6llers Sicht letztlich auch f\u00fcr die \u201egute und kontinuierliche Entwicklung des j\u00fcngsten Stadtquartiers, der Fulda Galerie.\u201c (mb)<\/p>\n","protected":false},"excerpt":{"rendered":"<div class=\"tmnf_excerpt\"><p>Fulda. Passend zum blauen Himmel war auch die Laune von Fuldas OB Gerhard M\u00f6ller bestens und ungetr\u00fcbt von \u201egrauen Wolken\u201c. Denn zwei der wesentlichsten Projekte des aktuellen Konjunkturprogramms, der Ausbau der Richard-M\u00fcller-Schule sowie der Astrid-Lindgren-Schule, kommen gut voran. Zwar gibt es beim gr\u00f6\u00dften Einzelvorhaben mit einem Gesamtvolumen von rund 6,15 Millionen Euro \u00c2\u00a0\u201ezurzeit einen kleinen &hellip;<\/p>\n<\/div>","protected":false},"author":1,"featured_media":0,"comment_status":"closed","ping_status":"closed","sticky":false,"template":"","format":"standard","meta":{"footnotes":""},"categories":[1],"tags":[],"class_list":["post-66923","post","type-post","status-publish","format-standard","hentry","category-startseite"],"_links":{"self":[{"href":"https:\/\/www.fuldaernachrichten.de\/index.php?rest_route=\/wp\/v2\/posts\/66923","targetHints":{"allow":["GET"]}}],"collection":[{"href":"https:\/\/www.fuldaernachrichten.de\/index.php?rest_route=\/wp\/v2\/posts"}],"about":[{"href":"https:\/\/www.fuldaernachrichten.de\/index.php?rest_route=\/wp\/v2\/types\/post"}],"author":[{"embeddable":true,"href":"https:\/\/www.fuldaernachrichten.de\/index.php?rest_route=\/wp\/v2\/users\/1"}],"replies":[{"embeddable":true,"href":"https:\/\/www.fuldaernachrichten.de\/index.php?rest_route=%2Fwp%2Fv2%2Fcomments&post=66923"}],"version-history":[{"count":3,"href":"https:\/\/www.fuldaernachrichten.de\/index.php?rest_route=\/wp\/v2\/posts\/66923\/revisions"}],"predecessor-version":[{"id":67225,"href":"https:\/\/www.fuldaernachrichten.de\/index.php?rest_route=\/wp\/v2\/posts\/66923\/revisions\/67225"}],"wp:attachment":[{"href":"https:\/\/www.fuldaernachrichten.de\/index.php?rest_route=%2Fwp%2Fv2%2Fmedia&parent=66923"}],"wp:term":[{"taxonomy":"category","embeddable":true,"href":"https:\/\/www.fuldaernachrichten.de\/index.php?rest_route=%2Fwp%2Fv2%2Fcategories&post=66923"},{"taxonomy":"post_tag","embeddable":true,"href":"https:\/\/www.fuldaernachrichten.de\/index.php?rest_route=%2Fwp%2Fv2%2Ftags&post=66923"}],"curies":[{"name":"wp","href":"https:\/\/api.w.org\/{rel}","templated":true}]}}