{"id":66911,"date":"2010-08-18T02:53:16","date_gmt":"2010-08-18T00:53:16","guid":{"rendered":"http:\/\/www.fuldaer-nachrichten.de\/?p=66911"},"modified":"2010-08-18T08:53:36","modified_gmt":"2010-08-18T06:53:36","slug":"neue-grossflaechenplakatwand-der-feuerwehr-flieden-freiwillig-stark-und-fair-feuerwehr","status":"publish","type":"post","link":"https:\/\/www.fuldaernachrichten.de\/?p=66911","title":{"rendered":"\u201eNeue\u201c Gro\u00dffl\u00e4chenplakatwand der Feuerwehr Flieden &#8211; \u201eFreiwillig, stark und fair &#8211; Feuerwehr\u201c"},"content":{"rendered":"<p><strong><a href=\"http:\/\/www.fuldaer-nachrichten.de\/wp-content\/uploads\/2010\/08\/100816_Plakat.jpg\"><img decoding=\"async\" class=\"alignleft size-thumbnail wp-image-66919\" title=\"100816_Plakat\" src=\"http:\/\/www.fuldaer-nachrichten.de\/wp-content\/uploads\/2010\/08\/100816_Plakat-265x149.jpg\" alt=\"\" width=\"265\" height=\"149\" srcset=\"https:\/\/www.fuldaernachrichten.de\/wp-content\/uploads\/2010\/08\/100816_Plakat-265x149.jpg 265w, https:\/\/www.fuldaernachrichten.de\/wp-content\/uploads\/2010\/08\/100816_Plakat.jpg 592w\" sizes=\"(max-width: 265px) 100vw, 265px\" \/><\/a>Flieden. <\/strong>\u201eFreiwillig, stark und fair &#8211; Feuerwehr\u201c &#8211; So lautet der Slogan der gemeinsamen Imagekampagne des Hessischen Ministeriums des Inneren und des Landesfeuerwehrverbandes Hessen, an der sich auch die Feuerwehr Flieden seit vielen Jahren beteiligt. Die Imagekampagne leistet einen wichtigen Beitrag zur St\u00e4rkung und F\u00f6rderung des Ehrenamtes und m\u00f6chte die Aufgaben der Freiwilligen Feuerwehr st\u00e4rker in den Blickpunkt der \u00d6ffentlichkeit r\u00fccken. Mit Hilfe von Gro\u00dffl\u00e4chenplakate, die gezielt unterschiedliche Bev\u00f6lkerungsgruppen ansprechen m\u00f6chte auch die Feuerwehr Flieden den wachsenden Mitgliederschwund in den Einsatzabteilungen entgegenwirken. Die F\u00f6rderung des Nachwuchses ist ein weiterer wichtiger Aspekt, denn die Freiwillige Feuerwehr, muss auch stets um Nachwuchs bem\u00fcht sein, damit immer gen\u00fcgend Freiwillige f\u00fcr den &#8220;Dienst am N\u00e4chsten&#8221; bereit sind.<!--more--><\/p>\n<p>Die Gro\u00dffl\u00e4chenplakatwand, die seit mehr als 5 Jahren unmittelbar vor dem Feuerwehrhaus in Flieden steht und in die Jahre gekommen war, wurde in den letzten Wochen mit finanzieller Unterst\u00fctzung des Feuerwehrvereins komplett erneuert. Zwei bis drei mal im Jahr sollen neue Plakat-Motive die \u00d6ffentlichkeit auf die unterschiedlichen Aufgaben \u201eIhrer Freiwilligen Feuerwehr\u201c hinweisen. Au\u00dferdem sollen Mitb\u00fcrgerinnen und Mitb\u00fcrger motiviert werden, selber bei der Freiwilligen Feuerwehr mitzumachen.<\/p>\n<p>Das aktuelle Plakat soll besonders Frauen und M\u00e4dchen ansprechen bei der Freiwilligen Feuerwehr einzusteigen. Schon lange sind Frauen in der Feuerwehr keine Seltenheit mehr und bilden eine tragende St\u00fctze in vielen Einsatzabteilungen. (<a href=\"http:\/\/www.feuerwehr-flieden.de\" target=\"_blank\">www.feuerwehr-flieden.de<\/a>)<\/p>\n","protected":false},"excerpt":{"rendered":"<div class=\"tmnf_excerpt\"><p>Flieden. \u201eFreiwillig, stark und fair &#8211; Feuerwehr\u201c &#8211; So lautet der Slogan der gemeinsamen Imagekampagne des Hessischen Ministeriums des Inneren und des Landesfeuerwehrverbandes Hessen, an der sich auch die Feuerwehr Flieden seit vielen Jahren beteiligt. Die Imagekampagne leistet einen wichtigen Beitrag zur St\u00e4rkung und F\u00f6rderung des Ehrenamtes und m\u00f6chte die Aufgaben der Freiwilligen Feuerwehr st\u00e4rker &hellip;<\/p>\n<\/div>","protected":false},"author":1,"featured_media":0,"comment_status":"closed","ping_status":"closed","sticky":false,"template":"","format":"standard","meta":{"footnotes":""},"categories":[1,71],"tags":[],"class_list":["post-66911","post","type-post","status-publish","format-standard","hentry","category-startseite","category-feuerwehr"],"_links":{"self":[{"href":"https:\/\/www.fuldaernachrichten.de\/index.php?rest_route=\/wp\/v2\/posts\/66911","targetHints":{"allow":["GET"]}}],"collection":[{"href":"https:\/\/www.fuldaernachrichten.de\/index.php?rest_route=\/wp\/v2\/posts"}],"about":[{"href":"https:\/\/www.fuldaernachrichten.de\/index.php?rest_route=\/wp\/v2\/types\/post"}],"author":[{"embeddable":true,"href":"https:\/\/www.fuldaernachrichten.de\/index.php?rest_route=\/wp\/v2\/users\/1"}],"replies":[{"embeddable":true,"href":"https:\/\/www.fuldaernachrichten.de\/index.php?rest_route=%2Fwp%2Fv2%2Fcomments&post=66911"}],"version-history":[{"count":3,"href":"https:\/\/www.fuldaernachrichten.de\/index.php?rest_route=\/wp\/v2\/posts\/66911\/revisions"}],"predecessor-version":[{"id":67228,"href":"https:\/\/www.fuldaernachrichten.de\/index.php?rest_route=\/wp\/v2\/posts\/66911\/revisions\/67228"}],"wp:attachment":[{"href":"https:\/\/www.fuldaernachrichten.de\/index.php?rest_route=%2Fwp%2Fv2%2Fmedia&parent=66911"}],"wp:term":[{"taxonomy":"category","embeddable":true,"href":"https:\/\/www.fuldaernachrichten.de\/index.php?rest_route=%2Fwp%2Fv2%2Fcategories&post=66911"},{"taxonomy":"post_tag","embeddable":true,"href":"https:\/\/www.fuldaernachrichten.de\/index.php?rest_route=%2Fwp%2Fv2%2Ftags&post=66911"}],"curies":[{"name":"wp","href":"https:\/\/api.w.org\/{rel}","templated":true}]}}