{"id":66905,"date":"2010-08-18T01:52:53","date_gmt":"2010-08-17T23:52:53","guid":{"rendered":"http:\/\/www.fuldaer-nachrichten.de\/?p=66905"},"modified":"2010-08-18T08:53:00","modified_gmt":"2010-08-18T06:53:00","slug":"altstadt-schelle-buedingen-magazin-fuer-die-historische-stadt-erschienen","status":"publish","type":"post","link":"https:\/\/www.fuldaernachrichten.de\/?p=66905","title":{"rendered":"Altstadt-Schelle B\u00fcdingen: Magazin f\u00fcr die historische Stadt erschienen"},"content":{"rendered":"<p><strong><a href=\"http:\/\/www.fuldaer-nachrichten.de\/wp-content\/uploads\/2010\/08\/100816_Logo.jpg\"><img decoding=\"async\" class=\"alignleft size-thumbnail wp-image-66906\" title=\"100816_Logo\" src=\"http:\/\/www.fuldaer-nachrichten.de\/wp-content\/uploads\/2010\/08\/100816_Logo-265x163.jpg\" alt=\"\" width=\"265\" height=\"163\" srcset=\"https:\/\/www.fuldaernachrichten.de\/wp-content\/uploads\/2010\/08\/100816_Logo-265x163.jpg 265w, https:\/\/www.fuldaernachrichten.de\/wp-content\/uploads\/2010\/08\/100816_Logo.jpg 592w\" sizes=\"(max-width: 265px) 100vw, 265px\" \/><\/a>B\u00fcdingen. <\/strong>Das erste Magazin f\u00fcr die B\u00fcdinger Altstadt ist nun auf dem Markt. Herausgegeben von der Geschichtswerkstatt B\u00fcdingen bringt die \u201eAltstadt-Schelle\u201c Interessantes und Neues aus kulturellen und historischen Bereichen der Stadt. Sie wendet sich nicht nur an B\u00fcdinger Leser, sondern zugleich an Besucher, die auf einen Blick Informationen zum Kulturleben B\u00fcdingens bekommen wollen. Die Erstausgabe kann ab sofort in den B\u00fcdinger Buchhandlungen, bei der Tourist- Information, in vielen Gesch\u00e4ften der Alt- und Neustadt \u2013 und nat\u00fcrlich bei der Geschichtswerkstatt &#8211; erworben werden.<!--more--><\/p>\n<p>Die Titelgeschichte widmet sich stets einem aktuellen Thema, diesmal der Erweiterung des 50er-Jahre-Museums, dessen wesentliche neue Elemente vorgestellt werden. Schon vor der Er\u00f6ffnung am 11. September erh\u00e4lt man einen ersten Eindruck davon, was in den zus\u00e4tzlichen\u00c2\u00a0 R\u00e4umen geboten wird. In den folgenden Ausgaben der Altstadt-Schelle werden auf einer Doppelseite jeweils ein B\u00fcdinger Museum und ein Verein ausf\u00fchrlich vorgestellt. Diesmal wird das Heuson-Museum zusammen mit dem B\u00fcdinger Geschichtsverein pr\u00e4sentiert.<\/p>\n<p>Die Rubrik \u201e\u00dcber die Stadtmauer geschaut\u201c greift ein Thema jenseits des historischen Kerns auf. Hier werden sp\u00e4ter auch die B\u00fcdinger Stadtteile zu Wort kommen. Aus Anlass ihres 100j\u00e4hrigen Bestehens erscheint ein Artikel zum Bau der Stadtschule aus dem Jahr 1912. Historischer Lesestoff ganz anderer Art sind die zahlreichen B\u00fcdinger Sagen, die ebenfalls einen festen Platz haben. Den Anfang macht \u201eVom Erdenm\u00e4nnchen im B\u00fcdinger Schloss\u201c.<\/p>\n<p>Gesch\u00e4fte, Museen, Caf\u00e9s und Restaurants (und was man sonst so alles brauchen kann) sind in zwei Stadtpl\u00e4nen \u00fcbersichtlich angeordnet. Viele Anlaufpunkte stellen sich mit ihrer \u201eVisitenkarte\u201c vor, auf\u00c2\u00a0 der auch \u00d6ffnungszeiten vermerkt sind. Jede Ausgabe der Altstadt-Schelle bietet zwei Gesch\u00e4ften die M\u00f6glichkeit, ihr Angebot in Text und Bild vorzustellen.\u00c2\u00a0 Den Auftakt bilden das \u201eCamelot\u201c und das \u201eB\u00fcdinger Puppenhaus\u201c in der Stra\u00dfe Altstadt.<\/p>\n<p>Der f\u00fcnfseitige Veranstaltungskalender zeigt an, was in den n\u00e4chsten drei Monaten in B\u00fcdingen so alles in kultureller Hinsicht passiert. Damit hat Mensch einen pr\u00e4zisen \u00dcberblick und kann in Ruhe langfristig planen. Mit der Altstadt-Schelle steht nun f\u00fcr Bewohner und Besucher der historischen Stadt ein farbiges Magazin zur Verf\u00fcgung, das viertelj\u00e4hrlich Informationen aus Kultur und Geschichte, Unterhaltung und Kulinarischem b\u00fcndelt. Und das zum kleinen Preis von 1,00 \u00e2\u201a\u00ac.<\/p>\n<p>Die 2. Ausgabe erscheint am 1. Dezember 2010 mit der ausf\u00fchrlichen Vorstellung des 50er-Jahre-Museums und seines F\u00f6rdervereins. Weitere Themen sind der Weihnachtsmarkt und die Herrgottskapelle in der Bahnhofstra\u00dfe.<\/p>\n<p>Altstadt-Schelle<br \/>\n20 Farbseiten DIN A4, geheftet, 1,00 \u00e2\u201a\u00ac zuz. 1,00 Versand<\/p>\n","protected":false},"excerpt":{"rendered":"<div class=\"tmnf_excerpt\"><p>B\u00fcdingen. Das erste Magazin f\u00fcr die B\u00fcdinger Altstadt ist nun auf dem Markt. Herausgegeben von der Geschichtswerkstatt B\u00fcdingen bringt die \u201eAltstadt-Schelle\u201c Interessantes und Neues aus kulturellen und historischen Bereichen der Stadt. Sie wendet sich nicht nur an B\u00fcdinger Leser, sondern zugleich an Besucher, die auf einen Blick Informationen zum Kulturleben B\u00fcdingens bekommen wollen. Die Erstausgabe &hellip;<\/p>\n<\/div>","protected":false},"author":1,"featured_media":0,"comment_status":"closed","ping_status":"closed","sticky":false,"template":"","format":"standard","meta":{"footnotes":""},"categories":[1],"tags":[],"class_list":["post-66905","post","type-post","status-publish","format-standard","hentry","category-startseite"],"_links":{"self":[{"href":"https:\/\/www.fuldaernachrichten.de\/index.php?rest_route=\/wp\/v2\/posts\/66905","targetHints":{"allow":["GET"]}}],"collection":[{"href":"https:\/\/www.fuldaernachrichten.de\/index.php?rest_route=\/wp\/v2\/posts"}],"about":[{"href":"https:\/\/www.fuldaernachrichten.de\/index.php?rest_route=\/wp\/v2\/types\/post"}],"author":[{"embeddable":true,"href":"https:\/\/www.fuldaernachrichten.de\/index.php?rest_route=\/wp\/v2\/users\/1"}],"replies":[{"embeddable":true,"href":"https:\/\/www.fuldaernachrichten.de\/index.php?rest_route=%2Fwp%2Fv2%2Fcomments&post=66905"}],"version-history":[{"count":2,"href":"https:\/\/www.fuldaernachrichten.de\/index.php?rest_route=\/wp\/v2\/posts\/66905\/revisions"}],"predecessor-version":[{"id":67227,"href":"https:\/\/www.fuldaernachrichten.de\/index.php?rest_route=\/wp\/v2\/posts\/66905\/revisions\/67227"}],"wp:attachment":[{"href":"https:\/\/www.fuldaernachrichten.de\/index.php?rest_route=%2Fwp%2Fv2%2Fmedia&parent=66905"}],"wp:term":[{"taxonomy":"category","embeddable":true,"href":"https:\/\/www.fuldaernachrichten.de\/index.php?rest_route=%2Fwp%2Fv2%2Fcategories&post=66905"},{"taxonomy":"post_tag","embeddable":true,"href":"https:\/\/www.fuldaernachrichten.de\/index.php?rest_route=%2Fwp%2Fv2%2Ftags&post=66905"}],"curies":[{"name":"wp","href":"https:\/\/api.w.org\/{rel}","templated":true}]}}