{"id":66898,"date":"2010-08-18T01:54:14","date_gmt":"2010-08-17T23:54:14","guid":{"rendered":"http:\/\/www.fuldaer-nachrichten.de\/?p=66898"},"modified":"2010-08-18T08:54:38","modified_gmt":"2010-08-18T06:54:38","slug":"altbuecherbasar-am-21-august-in-kuenzell","status":"publish","type":"post","link":"https:\/\/www.fuldaernachrichten.de\/?p=66898","title":{"rendered":"Altb\u00fccherbasar am 21. August in K\u00fcnzell"},"content":{"rendered":"<p><strong>Fulda. <\/strong>Literatur zum Thema Kochen und Backen bietet der Altb\u00fccherbasar in K\u00fcnzell am Samstag, den 21. August auf einem Sondertisch. Darunter sind auch zahlreiche sch\u00f6ne Bildb\u00e4nde. Der Basar f\u00fcr die Kinderhilfe Indien l\u00e4dt zum Anlesen in die Schm\u00f6kerecke bei Kaffee und Kuchen. Der Basar im Thomas Morus Haus neben der Kirche in der Keuloser Stra\u00dfe ist ge\u00f6ffnet von 14 bis 16 Uhr. Fragen beantwortet Marlene Diel unter Telefon 0661 \u2013 35191. Der Erl\u00f6s ist f\u00fcr die Kinderhilfe Indien der Jesuiten-Mission bestimmt.<\/p>\n","protected":false},"excerpt":{"rendered":"<div class=\"tmnf_excerpt\"><p>Fulda. Literatur zum Thema Kochen und Backen bietet der Altb\u00fccherbasar in K\u00fcnzell am Samstag, den 21. August auf einem Sondertisch. Darunter sind auch zahlreiche sch\u00f6ne Bildb\u00e4nde. Der Basar f\u00fcr die Kinderhilfe Indien l\u00e4dt zum Anlesen in die Schm\u00f6kerecke bei Kaffee und Kuchen. Der Basar im Thomas Morus Haus neben der Kirche in der Keuloser Stra\u00dfe &hellip;<\/p>\n<\/div>","protected":false},"author":1,"featured_media":0,"comment_status":"closed","ping_status":"closed","sticky":false,"template":"","format":"standard","meta":{"footnotes":""},"categories":[1],"tags":[],"class_list":["post-66898","post","type-post","status-publish","format-standard","hentry","category-startseite"],"_links":{"self":[{"href":"https:\/\/www.fuldaernachrichten.de\/index.php?rest_route=\/wp\/v2\/posts\/66898","targetHints":{"allow":["GET"]}}],"collection":[{"href":"https:\/\/www.fuldaernachrichten.de\/index.php?rest_route=\/wp\/v2\/posts"}],"about":[{"href":"https:\/\/www.fuldaernachrichten.de\/index.php?rest_route=\/wp\/v2\/types\/post"}],"author":[{"embeddable":true,"href":"https:\/\/www.fuldaernachrichten.de\/index.php?rest_route=\/wp\/v2\/users\/1"}],"replies":[{"embeddable":true,"href":"https:\/\/www.fuldaernachrichten.de\/index.php?rest_route=%2Fwp%2Fv2%2Fcomments&post=66898"}],"version-history":[{"count":3,"href":"https:\/\/www.fuldaernachrichten.de\/index.php?rest_route=\/wp\/v2\/posts\/66898\/revisions"}],"predecessor-version":[{"id":67230,"href":"https:\/\/www.fuldaernachrichten.de\/index.php?rest_route=\/wp\/v2\/posts\/66898\/revisions\/67230"}],"wp:attachment":[{"href":"https:\/\/www.fuldaernachrichten.de\/index.php?rest_route=%2Fwp%2Fv2%2Fmedia&parent=66898"}],"wp:term":[{"taxonomy":"category","embeddable":true,"href":"https:\/\/www.fuldaernachrichten.de\/index.php?rest_route=%2Fwp%2Fv2%2Fcategories&post=66898"},{"taxonomy":"post_tag","embeddable":true,"href":"https:\/\/www.fuldaernachrichten.de\/index.php?rest_route=%2Fwp%2Fv2%2Ftags&post=66898"}],"curies":[{"name":"wp","href":"https:\/\/api.w.org\/{rel}","templated":true}]}}