{"id":66892,"date":"2010-08-16T08:48:41","date_gmt":"2010-08-16T06:48:41","guid":{"rendered":"http:\/\/www.fuldaer-nachrichten.de\/?p=66892"},"modified":"2010-08-16T08:48:41","modified_gmt":"2010-08-16T06:48:41","slug":"medea-sechs-benefizveranstaltungen-im-schlosstheater-fulda","status":"publish","type":"post","link":"https:\/\/www.fuldaernachrichten.de\/?p=66892","title":{"rendered":"\u201eMedea\u201c \u2013 sechs Benefizveranstaltungen im Schlosstheater Fulda"},"content":{"rendered":"<p><a href=\"http:\/\/www.fuldaer-nachrichten.de\/wp-content\/uploads\/2010\/08\/Szenenbild-Medea.jpg\"><img fetchpriority=\"high\" decoding=\"async\" class=\"alignleft size-thumbnail wp-image-66893\" title=\"Szenenbild-Medea\" src=\"http:\/\/www.fuldaer-nachrichten.de\/wp-content\/uploads\/2010\/08\/Szenenbild-Medea-265x211.jpg\" alt=\"\" width=\"265\" height=\"211\" srcset=\"https:\/\/www.fuldaernachrichten.de\/wp-content\/uploads\/2010\/08\/Szenenbild-Medea-265x211.jpg 265w, https:\/\/www.fuldaernachrichten.de\/wp-content\/uploads\/2010\/08\/Szenenbild-Medea.jpg 592w\" sizes=\"(max-width: 265px) 100vw, 265px\" \/><\/a>Fulda. Vom 27. \u2013 29. September 2010 veranstaltet die Stadt Fulda gemeinsam mit der\u00c2\u00a0 Richard-M\u00fcller-Schule mehrere Benefizveranstaltungen zugunsten des Vereins SMOG e.V. &#8211; Schule machen ohne Gewalt. Im Rahmen der geplanten sechs Veranstaltungen wird die Theaterwerkstatt der Richard-M\u00fcller-Schule ihre diesj\u00e4hrige sehr erfolgreiche Produktion \u201eMedea\u201c einem gr\u00f6\u00dferen Publikum pr\u00e4sentieren. Die Veranstaltungsreihe steht unter der Schirmherrschaft des Fuldaer Oberb\u00fcrgermeisters Gerhard M\u00f6ller. Der Erl\u00f6s dieser Benefizveranstaltungen soll dem Verein SMOG e. V. f\u00fcr Sucht- und Gewaltpr\u00e4vention zugute kommen. <!--more-->Das Theaterst\u00fcck \u201eMedea\u201c besch\u00e4ftigt sich intensiv mit der Problematik von Vorurteilen, Fremdenfeindlichkeit und Gewalt in unserer Gesellschaft. Im Zentrum des St\u00fccks sollen das Verh\u00e4ltnis von Macht und Mythos und die Frage nach der historischen \u201eWahrheit\u201c stehen. Anhand der parallelen, vergleichenden Darstellung zweier unterschiedlicher Bearbeitungen des Medea-Mythos \u2013 zum einen der Trag\u00f6die \u201eMedea\u201c des antiken griechischen Dichters Euripides,\u00c2\u00a0 und zum anderen des Romans \u201eMedea.Stimmen\u201c von Christa Wolf \u2013 soll der Zuschauer selbst herausfinden, was die \u201eWahrheit\u201c \u00fcber Medea ist.<\/p>\n<p>Pr\u00e4gende Elemente der Inszenierung sind selbst geschriebene Raps und Songs, Bewegungsimprovisationen und Choreografien zu Musik sowie der Einsatz von Multimedia-Installationen. Die Theaterproduktion \u201eMedea\u201c geh\u00f6rte zu den diesj\u00e4hrigen Preistr\u00e4gern des 27. Hessischen Schultheatertreffens 2010 in Frankfurt\/Main und wurde mit dem F\u00f6rderpreis des Landes Hessen ausgezeichnet.<\/p>\n<p><strong>Auff\u00fchrungen: <\/strong>27., 28. und 29. September 2010, 12.00 und 19.00 Uhr<br \/>\n<strong>Ort: <\/strong>Schlosstheater Fulda<strong>Eintritt:<\/strong> 6 Euro erm\u00e4\u00dfigt \/ 9 Euro normal<br \/>\n<strong>Kartenvorverkauf:<\/strong> B\u00fcrgerb\u00fcro der Stadt Fulda (Tel. 0661 \/ 102-1111), Theaterkasse des Schlosstheaters (0661 \u2013 1021483) und Gesch\u00e4ftsstelle der Fuldaer Zeitung (0661 \/ 280646)<\/p>\n","protected":false},"excerpt":{"rendered":"<div class=\"tmnf_excerpt\"><p>Fulda. Vom 27. \u2013 29. September 2010 veranstaltet die Stadt Fulda gemeinsam mit der\u00c2\u00a0 Richard-M\u00fcller-Schule mehrere Benefizveranstaltungen zugunsten des Vereins SMOG e.V. &#8211; Schule machen ohne Gewalt. Im Rahmen der geplanten sechs Veranstaltungen wird die Theaterwerkstatt der Richard-M\u00fcller-Schule ihre diesj\u00e4hrige sehr erfolgreiche Produktion \u201eMedea\u201c einem gr\u00f6\u00dferen Publikum pr\u00e4sentieren. Die Veranstaltungsreihe steht unter der Schirmherrschaft des &hellip;<\/p>\n<\/div>","protected":false},"author":1,"featured_media":0,"comment_status":"closed","ping_status":"closed","sticky":false,"template":"","format":"standard","meta":{"footnotes":""},"categories":[1,44],"tags":[],"class_list":["post-66892","post","type-post","status-publish","format-standard","hentry","category-startseite","category-kultur"],"_links":{"self":[{"href":"https:\/\/www.fuldaernachrichten.de\/index.php?rest_route=\/wp\/v2\/posts\/66892","targetHints":{"allow":["GET"]}}],"collection":[{"href":"https:\/\/www.fuldaernachrichten.de\/index.php?rest_route=\/wp\/v2\/posts"}],"about":[{"href":"https:\/\/www.fuldaernachrichten.de\/index.php?rest_route=\/wp\/v2\/types\/post"}],"author":[{"embeddable":true,"href":"https:\/\/www.fuldaernachrichten.de\/index.php?rest_route=\/wp\/v2\/users\/1"}],"replies":[{"embeddable":true,"href":"https:\/\/www.fuldaernachrichten.de\/index.php?rest_route=%2Fwp%2Fv2%2Fcomments&post=66892"}],"version-history":[{"count":1,"href":"https:\/\/www.fuldaernachrichten.de\/index.php?rest_route=\/wp\/v2\/posts\/66892\/revisions"}],"predecessor-version":[{"id":66894,"href":"https:\/\/www.fuldaernachrichten.de\/index.php?rest_route=\/wp\/v2\/posts\/66892\/revisions\/66894"}],"wp:attachment":[{"href":"https:\/\/www.fuldaernachrichten.de\/index.php?rest_route=%2Fwp%2Fv2%2Fmedia&parent=66892"}],"wp:term":[{"taxonomy":"category","embeddable":true,"href":"https:\/\/www.fuldaernachrichten.de\/index.php?rest_route=%2Fwp%2Fv2%2Fcategories&post=66892"},{"taxonomy":"post_tag","embeddable":true,"href":"https:\/\/www.fuldaernachrichten.de\/index.php?rest_route=%2Fwp%2Fv2%2Ftags&post=66892"}],"curies":[{"name":"wp","href":"https:\/\/api.w.org\/{rel}","templated":true}]}}