{"id":66859,"date":"2010-08-14T03:57:10","date_gmt":"2010-08-14T01:57:10","guid":{"rendered":"http:\/\/www.fuldaer-nachrichten.de\/?p=66859"},"modified":"2010-08-14T08:57:16","modified_gmt":"2010-08-14T06:57:16","slug":"neue-verkaufs-und-marketingleiterin-im-rhoen-park-hotel","status":"publish","type":"post","link":"https:\/\/www.fuldaernachrichten.de\/?p=66859","title":{"rendered":"Neue Verkaufs- und Marketingleiterin im Rh\u00f6n Park Hotel"},"content":{"rendered":"<p><strong><a href=\"http:\/\/www.fuldaer-nachrichten.de\/wp-content\/uploads\/2010\/08\/100813_KatjaVerhoeven.jpg\"><img decoding=\"async\" class=\"alignleft size-thumbnail wp-image-66860\" title=\"100813_KatjaVerhoeven\" src=\"http:\/\/www.fuldaer-nachrichten.de\/wp-content\/uploads\/2010\/08\/100813_KatjaVerhoeven-265x176.jpg\" alt=\"\" width=\"265\" height=\"176\" srcset=\"https:\/\/www.fuldaernachrichten.de\/wp-content\/uploads\/2010\/08\/100813_KatjaVerhoeven-265x176.jpg 265w, https:\/\/www.fuldaernachrichten.de\/wp-content\/uploads\/2010\/08\/100813_KatjaVerhoeven.jpg 592w\" sizes=\"(max-width: 265px) 100vw, 265px\" \/><\/a>Fulda. <\/strong>Katja S. Verhoevenwurde neue Verkaufs- und Marketingleiterin im Rh\u00f6n Park Hotel \u2013 Aktiv Resort im fr\u00e4nkischen Hausen-Roth. Die 35j\u00e4hrige Hotelexpertin kommt aus der Vier- und F\u00fcnf-Sterne-Hotellerie, wo sie u.a. f\u00fcr Interconti, Kempinski und Relais &amp; Chateaux in F\u00fchrungspositionen gearbeitet hat. In den letzten Jahren hat sie sich auf den Hotelvermarktung im Internet spezialisiert und hier insbesondere auf die neuen Social Networks wie Facebook oder Twitter. Katja Verhoeven unterst\u00fctzt k\u00fcnftig Direktor G\u00fcnter von Kniese, der sich nun verst\u00e4rkt auf das operative Gesch\u00e4ft des Vier-Sterne-Aktiv-Resorts im Naturpark und Biosph\u00e4renreservat Rh\u00f6n konzentrieren kann. Das seit \u00fcber 30 Jahren bestehende Rh\u00f6n Park Hotel \u2013 Aktiv Resort z\u00e4hlt mit 315 Studios und Apartments zu den gr\u00f6\u00dften Ferienanlagen Deutschlands. Aufgrund der einzigartigen Lage auf 780 H\u00f6henmetern mitten im Naturpark wird die neue Verkaufschefin intensiv die Zielgruppen Familien mit Kindern, Wanderer, Wellness- und Aktivurlauber ansprechen. Weiterhin wird sie den Tagungs- und Incentive-Bereich ausbauen. Weitere Informationen im Internet unter <a href=\"http:\/\/www.rhoen-park-hotel.de\/\">www.rhoen-park-hotel.de<\/a> oder Tel. 09779\/91 0.<\/p>\n","protected":false},"excerpt":{"rendered":"<div class=\"tmnf_excerpt\"><p>Fulda. Katja S. Verhoevenwurde neue Verkaufs- und Marketingleiterin im Rh\u00f6n Park Hotel \u2013 Aktiv Resort im fr\u00e4nkischen Hausen-Roth. Die 35j\u00e4hrige Hotelexpertin kommt aus der Vier- und F\u00fcnf-Sterne-Hotellerie, wo sie u.a. f\u00fcr Interconti, Kempinski und Relais &amp; Chateaux in F\u00fchrungspositionen gearbeitet hat. In den letzten Jahren hat sie sich auf den Hotelvermarktung im Internet spezialisiert und &hellip;<\/p>\n<\/div>","protected":false},"author":1,"featured_media":0,"comment_status":"closed","ping_status":"closed","sticky":false,"template":"","format":"standard","meta":{"footnotes":""},"categories":[1],"tags":[],"class_list":["post-66859","post","type-post","status-publish","format-standard","hentry","category-startseite"],"_links":{"self":[{"href":"https:\/\/www.fuldaernachrichten.de\/index.php?rest_route=\/wp\/v2\/posts\/66859","targetHints":{"allow":["GET"]}}],"collection":[{"href":"https:\/\/www.fuldaernachrichten.de\/index.php?rest_route=\/wp\/v2\/posts"}],"about":[{"href":"https:\/\/www.fuldaernachrichten.de\/index.php?rest_route=\/wp\/v2\/types\/post"}],"author":[{"embeddable":true,"href":"https:\/\/www.fuldaernachrichten.de\/index.php?rest_route=\/wp\/v2\/users\/1"}],"replies":[{"embeddable":true,"href":"https:\/\/www.fuldaernachrichten.de\/index.php?rest_route=%2Fwp%2Fv2%2Fcomments&post=66859"}],"version-history":[{"count":3,"href":"https:\/\/www.fuldaernachrichten.de\/index.php?rest_route=\/wp\/v2\/posts\/66859\/revisions"}],"predecessor-version":[{"id":66863,"href":"https:\/\/www.fuldaernachrichten.de\/index.php?rest_route=\/wp\/v2\/posts\/66859\/revisions\/66863"}],"wp:attachment":[{"href":"https:\/\/www.fuldaernachrichten.de\/index.php?rest_route=%2Fwp%2Fv2%2Fmedia&parent=66859"}],"wp:term":[{"taxonomy":"category","embeddable":true,"href":"https:\/\/www.fuldaernachrichten.de\/index.php?rest_route=%2Fwp%2Fv2%2Fcategories&post=66859"},{"taxonomy":"post_tag","embeddable":true,"href":"https:\/\/www.fuldaernachrichten.de\/index.php?rest_route=%2Fwp%2Fv2%2Ftags&post=66859"}],"curies":[{"name":"wp","href":"https:\/\/api.w.org\/{rel}","templated":true}]}}