{"id":66854,"date":"2010-08-14T04:01:18","date_gmt":"2010-08-14T02:01:18","guid":{"rendered":"http:\/\/www.fuldaer-nachrichten.de\/?p=66854"},"modified":"2010-08-14T09:01:32","modified_gmt":"2010-08-14T07:01:32","slug":"isu-studierende-besichtigen-ausgezeichnetes-maschinenbauunternehmen","status":"publish","type":"post","link":"https:\/\/www.fuldaernachrichten.de\/?p=66854","title":{"rendered":"ISU-Studierende besichtigen ausgezeichnetes Maschinenbauunternehmen"},"content":{"rendered":"<p><strong><a href=\"http:\/\/www.fuldaer-nachrichten.de\/wp-content\/uploads\/2010\/08\/100813_Maschinenbauunternehmen.jpg\"><img fetchpriority=\"high\" decoding=\"async\" class=\"alignleft size-thumbnail wp-image-66855\" title=\"100813_Maschinenbauunternehmen\" src=\"http:\/\/www.fuldaer-nachrichten.de\/wp-content\/uploads\/2010\/08\/100813_Maschinenbauunternehmen-265x198.jpg\" alt=\"\" width=\"265\" height=\"198\" srcset=\"https:\/\/www.fuldaernachrichten.de\/wp-content\/uploads\/2010\/08\/100813_Maschinenbauunternehmen-265x198.jpg 265w, https:\/\/www.fuldaernachrichten.de\/wp-content\/uploads\/2010\/08\/100813_Maschinenbauunternehmen.jpg 592w\" sizes=\"(max-width: 265px) 100vw, 265px\" \/><\/a>Fulda. <\/strong>\u201eDie Internationalisierung ist eine strategische Zukunftsaufgabe f\u00fcr die Werner Schmid GmbH\u201c sagte der kaufm\u00e4nnische Gesch\u00e4ftsf\u00fchrer G\u00fcnter Schlitzer am Ende einer Betriebsbesichtigung zu den Studierenden der Hessischen Internationalen Sommeruniversit\u00e4t Fulda (ISU). Diplom-Ingenieur J\u00f6rg Degelmann erl\u00e4uterte im Rahmen der Betriebsf\u00fchrung die erforderliche hohe Qualit\u00e4t der Produktion. Verdeutlicht wurde dies an der Herstellung von Kupplungselementen und Auto-Cockpits. \u201eDie Abnehmer fordern heute h\u00f6chste Pr\u00e4zision\u201c, betonte Degelmann. Dies sei nur mit einer sorgf\u00e4ltig ausgebildeten Belegschaft zu garantieren. Das deutsche System der beruflichen Ausbildung habe sich dabei sehr gut bew\u00e4hrt. \u201eDeutschland ist ber\u00fchmt f\u00fcr seinen Maschinenbau\u201c, sagte die ISU-Studentin Thi Mai Yen, die aus Vietnam nach Fulda gekommen ist. Die Produktion einmal aus der N\u00e4he zu erleben, sei f\u00fcr sie sehr interessant. Die Studierenden dankten Degelmann mit nachhaltigem Applaus.<!--more--><\/p>\n<p>Die Werner Schmid GmbH wurde im Juli 2010 durch das Land Hessen als \u201eUnternehmen des Monats\u201c\u00c2\u00a0 ausgezeichnet. \u201eDie Chance zu einer Besichtigung wollten sich unsere internationalen Studenten nat\u00fcrlich nicht entgehen lassen\u201c, berichtete der wissenschaftliche Leiter der ISU, Prof. Dr. Peter Haller.<\/p>\n<p>Haller bedankte sich bei der Werner Schmid GmbH f\u00fcr die Unterst\u00fctzung der ISU. Die Hochschule Fulda sei an einer engen Zusammenarbeit mit den Unternehmen der Region sehr interessiert. \u201eImmer mehr unserer Studierenden haben auch Auslandsqualifikationen erworben und k\u00f6nnen dadurch neue Gesch\u00e4ftsfelder f\u00fcr mittelst\u00e4ndische Unternehmen erschlie\u00dfen\u201c, betonte er. N\u00e4chstes Jahr werde sich die Werner GmbH voraussichtlich auch an dem Programm \u201eWork and study\u201c beteiligen, sagte Schlitzer. Work and Study ist ein neues Projekt der Hochschule Fulda. Internationale Studierende kommen daf\u00fcr in die Region, arbeiten vier Wochen bei einem hiesigen Arbeitgeber und besuchen anschlie\u00dfend die Hessische Internationale Sommeruniversit\u00e4t Fulda.<\/p>\n<p>Unternehmen, die sich f\u00fcr Work and Study interessieren, k\u00f6nnen sich direkt an das B\u00fcro der ISU (<a href=\"mailto:isu@hs-fulda.de\">isu@hs-fulda.de<\/a>) oder an Prof. Dr. Peter Haller wenden (Tel. 0661 \/ 9640-291). Die ISU ist ein vierw\u00f6chiges Studienprogramm an der Hochschule Fulda (www.isu-fulda.de). 73 Teilnehmerinnen und Teilnehmer aus 18 L\u00e4ndern besuchen vom 17. Juli bis 14.August 2010 gemeinsam Seminare, Deutschkurse und Workshops. An den Wochenenden finden Studienfahrten nach Berlin, Heidelberg und M\u00fcnchen statt.<\/p>\n<p>Foto: J\u00f6rg Degelmann<\/p>\n","protected":false},"excerpt":{"rendered":"<div class=\"tmnf_excerpt\"><p>Fulda. \u201eDie Internationalisierung ist eine strategische Zukunftsaufgabe f\u00fcr die Werner Schmid GmbH\u201c sagte der kaufm\u00e4nnische Gesch\u00e4ftsf\u00fchrer G\u00fcnter Schlitzer am Ende einer Betriebsbesichtigung zu den Studierenden der Hessischen Internationalen Sommeruniversit\u00e4t Fulda (ISU). Diplom-Ingenieur J\u00f6rg Degelmann erl\u00e4uterte im Rahmen der Betriebsf\u00fchrung die erforderliche hohe Qualit\u00e4t der Produktion. Verdeutlicht wurde dies an der Herstellung von Kupplungselementen und Auto-Cockpits. &hellip;<\/p>\n<\/div>","protected":false},"author":1,"featured_media":0,"comment_status":"closed","ping_status":"closed","sticky":false,"template":"","format":"standard","meta":{"footnotes":""},"categories":[1],"tags":[],"class_list":["post-66854","post","type-post","status-publish","format-standard","hentry","category-startseite"],"_links":{"self":[{"href":"https:\/\/www.fuldaernachrichten.de\/index.php?rest_route=\/wp\/v2\/posts\/66854","targetHints":{"allow":["GET"]}}],"collection":[{"href":"https:\/\/www.fuldaernachrichten.de\/index.php?rest_route=\/wp\/v2\/posts"}],"about":[{"href":"https:\/\/www.fuldaernachrichten.de\/index.php?rest_route=\/wp\/v2\/types\/post"}],"author":[{"embeddable":true,"href":"https:\/\/www.fuldaernachrichten.de\/index.php?rest_route=\/wp\/v2\/users\/1"}],"replies":[{"embeddable":true,"href":"https:\/\/www.fuldaernachrichten.de\/index.php?rest_route=%2Fwp%2Fv2%2Fcomments&post=66854"}],"version-history":[{"count":2,"href":"https:\/\/www.fuldaernachrichten.de\/index.php?rest_route=\/wp\/v2\/posts\/66854\/revisions"}],"predecessor-version":[{"id":66872,"href":"https:\/\/www.fuldaernachrichten.de\/index.php?rest_route=\/wp\/v2\/posts\/66854\/revisions\/66872"}],"wp:attachment":[{"href":"https:\/\/www.fuldaernachrichten.de\/index.php?rest_route=%2Fwp%2Fv2%2Fmedia&parent=66854"}],"wp:term":[{"taxonomy":"category","embeddable":true,"href":"https:\/\/www.fuldaernachrichten.de\/index.php?rest_route=%2Fwp%2Fv2%2Fcategories&post=66854"},{"taxonomy":"post_tag","embeddable":true,"href":"https:\/\/www.fuldaernachrichten.de\/index.php?rest_route=%2Fwp%2Fv2%2Ftags&post=66854"}],"curies":[{"name":"wp","href":"https:\/\/api.w.org\/{rel}","templated":true}]}}