{"id":66851,"date":"2010-08-14T08:00:40","date_gmt":"2010-08-14T06:00:40","guid":{"rendered":"http:\/\/www.fuldaer-nachrichten.de\/?p=66851"},"modified":"2010-08-14T09:01:10","modified_gmt":"2010-08-14T07:01:10","slug":"alleinerziehende-von-der-gesellschaft-im-stich-gelassen-diskussionsrunde-am-30-september-im-business-club","status":"publish","type":"post","link":"https:\/\/www.fuldaernachrichten.de\/?p=66851","title":{"rendered":"\u201eAlleinerziehende \u2013 von der Gesellschaft im Stich gelassen\u201c \u2013 Diskussionsrunde am 30. September im Business Club"},"content":{"rendered":"<p><strong><a href=\"http:\/\/www.fuldaer-nachrichten.de\/wp-content\/uploads\/2010\/08\/100813_Alleinerziehend.jpg\"><img decoding=\"async\" class=\"alignleft size-thumbnail wp-image-66852\" title=\"100813_Alleinerziehend\" src=\"http:\/\/www.fuldaer-nachrichten.de\/wp-content\/uploads\/2010\/08\/100813_Alleinerziehend-265x176.jpg\" alt=\"\" width=\"265\" height=\"176\" srcset=\"https:\/\/www.fuldaernachrichten.de\/wp-content\/uploads\/2010\/08\/100813_Alleinerziehend-265x176.jpg 265w, https:\/\/www.fuldaernachrichten.de\/wp-content\/uploads\/2010\/08\/100813_Alleinerziehend.jpg 592w\" sizes=\"(max-width: 265px) 100vw, 265px\" \/><\/a>Fulda. <\/strong>Zu einer Diskussionsrunde zum Thema \u201eAlleinerziehende \u2013 von der Gesellschaft im Stich gelassen\u201c l\u00e4dt Dr. Samir Al-Hami am Donnerstag, dem 30. September 2010, alleinerziehende M\u00fctter und V\u00e4ter aus Stadt und Landkreis Fulda in den Fulda Business Club ein. Im Rahmen der Veranstaltung sollen insbesondere die Probleme angesprochen werden, denen alleinerziehende M\u00fctter und V\u00e4ter h\u00e4ufig gegen\u00fcberstehen. Ziel der Veranstaltung ist es, herauszufinden was Alleinerziehende heute in unterschiedlichen Lebenssituationen bewegt und welche speziellen Hilfsangebote in unserer Region notwendig sind, um die individuellen Belastungen f\u00fcr Alleinerziehende zu reduzieren bzw. die t\u00e4glichen Herausforderungen besser bew\u00e4ltigen zu k\u00f6nnen.<!--more--><\/p>\n<p>Die Veranstaltung, bei der auch eine Kinderbetreuung angeboten wird, beginnt um 17.00 Uhr. Im Anschluss l\u00e4dt Dr. Al-Hami zu einem Imbiss am Buffett ein. Da die Teilnehmerzahl auf 100 Personen begrenzt ist, wird um Anmeldung unter 0661\/5801300 gebeten.<\/p>\n","protected":false},"excerpt":{"rendered":"<div class=\"tmnf_excerpt\"><p>Fulda. Zu einer Diskussionsrunde zum Thema \u201eAlleinerziehende \u2013 von der Gesellschaft im Stich gelassen\u201c l\u00e4dt Dr. Samir Al-Hami am Donnerstag, dem 30. September 2010, alleinerziehende M\u00fctter und V\u00e4ter aus Stadt und Landkreis Fulda in den Fulda Business Club ein. Im Rahmen der Veranstaltung sollen insbesondere die Probleme angesprochen werden, denen alleinerziehende M\u00fctter und V\u00e4ter h\u00e4ufig &hellip;<\/p>\n<\/div>","protected":false},"author":1,"featured_media":0,"comment_status":"closed","ping_status":"closed","sticky":false,"template":"","format":"standard","meta":{"footnotes":""},"categories":[1],"tags":[],"class_list":["post-66851","post","type-post","status-publish","format-standard","hentry","category-startseite"],"_links":{"self":[{"href":"https:\/\/www.fuldaernachrichten.de\/index.php?rest_route=\/wp\/v2\/posts\/66851","targetHints":{"allow":["GET"]}}],"collection":[{"href":"https:\/\/www.fuldaernachrichten.de\/index.php?rest_route=\/wp\/v2\/posts"}],"about":[{"href":"https:\/\/www.fuldaernachrichten.de\/index.php?rest_route=\/wp\/v2\/types\/post"}],"author":[{"embeddable":true,"href":"https:\/\/www.fuldaernachrichten.de\/index.php?rest_route=\/wp\/v2\/users\/1"}],"replies":[{"embeddable":true,"href":"https:\/\/www.fuldaernachrichten.de\/index.php?rest_route=%2Fwp%2Fv2%2Fcomments&post=66851"}],"version-history":[{"count":2,"href":"https:\/\/www.fuldaernachrichten.de\/index.php?rest_route=\/wp\/v2\/posts\/66851\/revisions"}],"predecessor-version":[{"id":66871,"href":"https:\/\/www.fuldaernachrichten.de\/index.php?rest_route=\/wp\/v2\/posts\/66851\/revisions\/66871"}],"wp:attachment":[{"href":"https:\/\/www.fuldaernachrichten.de\/index.php?rest_route=%2Fwp%2Fv2%2Fmedia&parent=66851"}],"wp:term":[{"taxonomy":"category","embeddable":true,"href":"https:\/\/www.fuldaernachrichten.de\/index.php?rest_route=%2Fwp%2Fv2%2Fcategories&post=66851"},{"taxonomy":"post_tag","embeddable":true,"href":"https:\/\/www.fuldaernachrichten.de\/index.php?rest_route=%2Fwp%2Fv2%2Ftags&post=66851"}],"curies":[{"name":"wp","href":"https:\/\/api.w.org\/{rel}","templated":true}]}}