{"id":66845,"date":"2010-08-14T01:58:39","date_gmt":"2010-08-13T23:58:39","guid":{"rendered":"http:\/\/www.fuldaer-nachrichten.de\/?p=66845"},"modified":"2010-08-14T08:58:50","modified_gmt":"2010-08-14T06:58:50","slug":"neuer-luftreinhalteplan-fuer-fulda-macht-vorgaben-fuer-die-schadstoffminderung","status":"publish","type":"post","link":"https:\/\/www.fuldaernachrichten.de\/?p=66845","title":{"rendered":"Neuer Luftreinhalteplan f\u00fcr Fulda macht Vorgaben f\u00fcr die Schadstoffminderung"},"content":{"rendered":"<p><strong>Fulda. <\/strong>Im Kampf gegen die Luftverschmutzung in Fulda will Hessens Umweltministerin Silke Lautenschl\u00e4ger im \u00d6ffentlichen Personennahverkehr vermehrt umweltfreundlichere Fahrzeuge auf die Stra\u00dfe bringen. \u201eDer Einsatz von emissions\u00e4rmeren Fahrzeugen im \u00d6ffentlichen Personennahverkehr ist ein wichtiger Schritt auf dem Weg zu einer besseren Luftqualit\u00e4t\u201c, erkl\u00e4rte die Ministerin. Hintergrund ist der nun in Kraft getretene Luftreinhalteplan f\u00fcr die Barockstadt Fulda.<!--more--><\/p>\n<p>Der vom Umwelt- und Verkehrsministerium und dem Landesamt f\u00fcr Umwelt und Geologie sowie der Stadt Fulda ausgearbeitete Plan enth\u00e4lt Ma\u00dfnahmen zur Luftverbesserung. Er war notwendig geworden, nachdem der Jahresmittelwert f\u00fcr gesundheitssch\u00e4dliches Stickstoffdioxid im Jahr 2007 an der Messstation Fulda-Petersbergerstra\u00dfe \u00fcberschritten wurde. Stickstoffdioxid (NO2) entsteht bei der Verbrennung fossiler Brenn- und Treibstoffe. Es kann zur Reizung und Sch\u00e4digung der Atmungsorgane und insbesondere bei Kindern und Jugendlichen zu einer Verschlechterung der Lungenfunktion f\u00fchren.<\/p>\n<p>\u201eHauptgrund f\u00fcr die Stickstoffdioxidbelastung in Fulda ist der Verkehr, der rund 50 Prozent der innerst\u00e4dtischen Luftschadstoffbelastung verursacht. Hier muss was passieren\u201c, erkl\u00e4rte Lautenschl\u00e4ger. Sie erhofft sich vor allem durch den Einsatz von Fahrzeugen mit dem neuen Abgasstandard \u201eEuro 5\u201c und \u201eEuro 6\u201c eine deutliche Entlastung. Nach Berechnungen von Experten k\u00f6nnten Lautenschl\u00e4ger zufolge bis zum Jahr 2015 damit 10 bis 15 Prozent der innerst\u00e4dtischen Stickstoffdioxid-Belastung gemindert werden.<\/p>\n<p>Weitere im Luftreinhalteplan formulierte Ziele sind: Verbesserung des Verkehrsflusses, Neubau von Umfahrungsm\u00f6glichkeiten (Ost- und Westring), Ausbau des Radwegenetzes sowie der Einbau von stickoxidreduzierendem Pflaster in der Petersberger Stra\u00dfe. Feinstaub (PM10) spielt in der Diskussion um die Luftqualit\u00e4t in Fulda \u00fcbrigens aktuell keine Rolle. Hier wurden die Immissionsgrenzwerte bisher immer eingehalten. Der Luftreinhalteplan Fulda kann eingesehen werden unter <a href=\"http:\/\/www.hmuelv.hessen.de\" target=\"_blank\">www.hmuelv.hessen.de<\/a> und <a href=\"http:\/\/www.hlug.de\" target=\"_blank\">www.hlug.de<\/a> oder bis zum 23. August bei der Stadt Fulda, Stadtschloss, Schlossstra\u00dfe 1, B\u00fcrgerb\u00fcro.<\/p>\n","protected":false},"excerpt":{"rendered":"<div class=\"tmnf_excerpt\"><p>Fulda. Im Kampf gegen die Luftverschmutzung in Fulda will Hessens Umweltministerin Silke Lautenschl\u00e4ger im \u00d6ffentlichen Personennahverkehr vermehrt umweltfreundlichere Fahrzeuge auf die Stra\u00dfe bringen. \u201eDer Einsatz von emissions\u00e4rmeren Fahrzeugen im \u00d6ffentlichen Personennahverkehr ist ein wichtiger Schritt auf dem Weg zu einer besseren Luftqualit\u00e4t\u201c, erkl\u00e4rte die Ministerin. Hintergrund ist der nun in Kraft getretene Luftreinhalteplan f\u00fcr die &hellip;<\/p>\n<\/div>","protected":false},"author":1,"featured_media":0,"comment_status":"closed","ping_status":"closed","sticky":false,"template":"","format":"standard","meta":{"footnotes":""},"categories":[1],"tags":[],"class_list":["post-66845","post","type-post","status-publish","format-standard","hentry","category-startseite"],"_links":{"self":[{"href":"https:\/\/www.fuldaernachrichten.de\/index.php?rest_route=\/wp\/v2\/posts\/66845","targetHints":{"allow":["GET"]}}],"collection":[{"href":"https:\/\/www.fuldaernachrichten.de\/index.php?rest_route=\/wp\/v2\/posts"}],"about":[{"href":"https:\/\/www.fuldaernachrichten.de\/index.php?rest_route=\/wp\/v2\/types\/post"}],"author":[{"embeddable":true,"href":"https:\/\/www.fuldaernachrichten.de\/index.php?rest_route=\/wp\/v2\/users\/1"}],"replies":[{"embeddable":true,"href":"https:\/\/www.fuldaernachrichten.de\/index.php?rest_route=%2Fwp%2Fv2%2Fcomments&post=66845"}],"version-history":[{"count":2,"href":"https:\/\/www.fuldaernachrichten.de\/index.php?rest_route=\/wp\/v2\/posts\/66845\/revisions"}],"predecessor-version":[{"id":66867,"href":"https:\/\/www.fuldaernachrichten.de\/index.php?rest_route=\/wp\/v2\/posts\/66845\/revisions\/66867"}],"wp:attachment":[{"href":"https:\/\/www.fuldaernachrichten.de\/index.php?rest_route=%2Fwp%2Fv2%2Fmedia&parent=66845"}],"wp:term":[{"taxonomy":"category","embeddable":true,"href":"https:\/\/www.fuldaernachrichten.de\/index.php?rest_route=%2Fwp%2Fv2%2Fcategories&post=66845"},{"taxonomy":"post_tag","embeddable":true,"href":"https:\/\/www.fuldaernachrichten.de\/index.php?rest_route=%2Fwp%2Fv2%2Ftags&post=66845"}],"curies":[{"name":"wp","href":"https:\/\/api.w.org\/{rel}","templated":true}]}}