{"id":66843,"date":"2010-08-14T01:59:02","date_gmt":"2010-08-13T23:59:02","guid":{"rendered":"http:\/\/www.fuldaer-nachrichten.de\/?p=66843"},"modified":"2010-08-14T08:59:09","modified_gmt":"2010-08-14T06:59:09","slug":"ansprechbar-die-fdp-bundestagsfraktion-wieder-auf-deutschlandtour","status":"publish","type":"post","link":"https:\/\/www.fuldaernachrichten.de\/?p=66843","title":{"rendered":"AnsprechBar: Die FDP-Bundestagsfraktion wieder auf Deutschlandtour"},"content":{"rendered":"<p><strong>Deutschland. <\/strong>\u201eAnsprechBar\u201c \u2013 unter diesem Motto steht die diesj\u00e4hrige Deutschlandtour der FDPBundestagsfraktion, die auch in Waldeck-Frankenberg Halt machen wird. Die FDP im Deutschen Bundestag stellt sich den Fragen der Bu\u00cc\u02c6rgerinnen und Bu\u00cc\u02c6rger, informiert u\u00cc\u02c6ber ihre Arbeit im Parlament und nimmt Konstruktives und Kritik mit nach Berlin. Am Mittwoch, den 18.08.2010 erwartet die AnsprechBar ihre Besucher in Waldeck. Von 16:30 Uhr bis 19:30 Uhr steht der Infobus der FDP-Bundestagsfraktion mit der mobilen Bar vor dem Strandbad Waldeck (Ederseerandstrasse, 34513 Waldeck).<!--more--><\/p>\n<p>Vor Ort informiert der FDP-Bundestagsabgeordnete Bj\u00f6rn S\u00e4nger u\u00cc\u02c6ber die Arbeit der FDPBundestagsfraktion in der christlich-liberalen Koalition und u\u00cc\u02c6ber die Vorhaben in der 17. Legislaturperiode. \u201ePolitik muss erkl\u00e4rt werden. Gerade in Regierungsverantwortung. Deshalb ist es uns wichtig, mit den Menschen vor Ort ins Gespr\u00e4ch zu kommen und politische Inhalte und Abl\u00e4ufe zu erl\u00e4utern\u201c, sagt Bj\u00f6rn S\u00e4nger, der in Berlin den Wahlkreis 168 (Waldeck) vertritt.<\/p>\n<p>Zwei Teams besuchen im Rahmen der diesj\u00e4hrigen Deutschlandtour zwischen dem 3. und dem 30. August insgesamt 33 Stationen in ganz Deutschland. Es ist bereits die vierte Deutschlandtour, die die FDP-Bundestagsfraktion organisiert. Seit 2007 kommt die Fraktion immer in der Parlamentarischen Sommerpause in die Wahlkreise der Abgeordneten und steht fu\u00cc\u02c6r den Dialog zur Verfu\u00cc\u02c6gung.<\/p>\n<p>Alle Termine und weitere Informationen unter <a href=\"http:\/\/www.deutschlandtour-2010.de\" target=\"_blank\">www.deutschlandtour-2010.de<\/a>.\u00c2\u00a0 Aktuelle Tourbilder und Fotos der Infobusse finden Sie unter http:\/\/www.flickr.com\/photos\/deutschlandtour<\/p>\n","protected":false},"excerpt":{"rendered":"<div class=\"tmnf_excerpt\"><p>Deutschland. \u201eAnsprechBar\u201c \u2013 unter diesem Motto steht die diesj\u00e4hrige Deutschlandtour der FDPBundestagsfraktion, die auch in Waldeck-Frankenberg Halt machen wird. Die FDP im Deutschen Bundestag stellt sich den Fragen der Bu\u00cc\u02c6rgerinnen und Bu\u00cc\u02c6rger, informiert u\u00cc\u02c6ber ihre Arbeit im Parlament und nimmt Konstruktives und Kritik mit nach Berlin. Am Mittwoch, den 18.08.2010 erwartet die AnsprechBar ihre Besucher &hellip;<\/p>\n<\/div>","protected":false},"author":1,"featured_media":0,"comment_status":"closed","ping_status":"closed","sticky":false,"template":"","format":"standard","meta":{"footnotes":""},"categories":[1],"tags":[],"class_list":["post-66843","post","type-post","status-publish","format-standard","hentry","category-startseite"],"_links":{"self":[{"href":"https:\/\/www.fuldaernachrichten.de\/index.php?rest_route=\/wp\/v2\/posts\/66843","targetHints":{"allow":["GET"]}}],"collection":[{"href":"https:\/\/www.fuldaernachrichten.de\/index.php?rest_route=\/wp\/v2\/posts"}],"about":[{"href":"https:\/\/www.fuldaernachrichten.de\/index.php?rest_route=\/wp\/v2\/types\/post"}],"author":[{"embeddable":true,"href":"https:\/\/www.fuldaernachrichten.de\/index.php?rest_route=\/wp\/v2\/users\/1"}],"replies":[{"embeddable":true,"href":"https:\/\/www.fuldaernachrichten.de\/index.php?rest_route=%2Fwp%2Fv2%2Fcomments&post=66843"}],"version-history":[{"count":2,"href":"https:\/\/www.fuldaernachrichten.de\/index.php?rest_route=\/wp\/v2\/posts\/66843\/revisions"}],"predecessor-version":[{"id":66868,"href":"https:\/\/www.fuldaernachrichten.de\/index.php?rest_route=\/wp\/v2\/posts\/66843\/revisions\/66868"}],"wp:attachment":[{"href":"https:\/\/www.fuldaernachrichten.de\/index.php?rest_route=%2Fwp%2Fv2%2Fmedia&parent=66843"}],"wp:term":[{"taxonomy":"category","embeddable":true,"href":"https:\/\/www.fuldaernachrichten.de\/index.php?rest_route=%2Fwp%2Fv2%2Fcategories&post=66843"},{"taxonomy":"post_tag","embeddable":true,"href":"https:\/\/www.fuldaernachrichten.de\/index.php?rest_route=%2Fwp%2Fv2%2Ftags&post=66843"}],"curies":[{"name":"wp","href":"https:\/\/api.w.org\/{rel}","templated":true}]}}