{"id":66821,"date":"2010-08-14T03:01:44","date_gmt":"2010-08-14T01:01:44","guid":{"rendered":"http:\/\/www.fuldaer-nachrichten.de\/?p=66821"},"modified":"2010-08-14T09:02:13","modified_gmt":"2010-08-14T07:02:13","slug":"ehrenamtsmesse-am-21-august-rund-um-die-stadtpfarrkirche-in-fulda","status":"publish","type":"post","link":"https:\/\/www.fuldaernachrichten.de\/?p=66821","title":{"rendered":"Ehrenamtsmesse am 21. August rund um die Stadtpfarrkirche in Fulda"},"content":{"rendered":"<p><strong><a href=\"http:\/\/www.fuldaer-nachrichten.de\/wp-content\/uploads\/2010\/08\/100813_Standplan.jpg\"><img decoding=\"async\" class=\"alignleft size-thumbnail wp-image-66822\" title=\"100813_Standplan\" src=\"http:\/\/www.fuldaer-nachrichten.de\/wp-content\/uploads\/2010\/08\/100813_Standplan-265x186.jpg\" alt=\"\" width=\"265\" height=\"186\" srcset=\"https:\/\/www.fuldaernachrichten.de\/wp-content\/uploads\/2010\/08\/100813_Standplan-265x186.jpg 265w, https:\/\/www.fuldaernachrichten.de\/wp-content\/uploads\/2010\/08\/100813_Standplan.jpg 592w\" sizes=\"(max-width: 265px) 100vw, 265px\" \/><\/a>Fulda. <\/strong>Dass ohne das Engagement vieler B\u00fcrgerinnen und B\u00fcrger, jung und alt in unserer Gesellschaft vieles nicht mehr geht, das haben inzwischen viele eingesehen. Freiwilligendienste entstehen neu, Initiativen finden sich zusammen, Verb\u00e4nde und Vereine\u00c2\u00a0 stellen sich neuen Herausforderungen \/ Gegebenheiten. Aus einer Ehrenamtsinitiative erw\u00e4chst nun in Fulda die erste \u201eEhrenamtsmesse\u201c bei der sich 24 Vereine, Gruppen und\u00c2\u00a0 Initiativen pr\u00e4sentieren, die engagiert sozial sind in Stadt und Landkreis Fulda. Im M\u00e4rz 2008 haben Mitglieder des Rotary-Clubs Rh\u00f6n erstmals zu einem \u201eNetzwerk f\u00fcr Kinder und Jugendliche in Stadt und Landkreis Fulda \u201c eingeladen und schnell etliche Menschen zusammengef\u00fchrt, die schon vielf\u00e4ltige Ideen verwirklicht haben: Kochkurse f\u00fcr Kinder, Fr\u00fchst\u00fccksverpflegung, Patenschaftsinitiativen, Kinder malen f\u00fcr Kinder,\u00e2\u20ac\u00a6 Aber gerade die Vielzahl der Ideen und die begrenzte Zahl der Mitarbeiterinnen und Mitarbeiter f\u00fchrten zur Idee, die vielen M\u00f6glichkeiten der Mitwirkung in einer eigenen \u00f6ffentlichen Veranstaltung zu pr\u00e4sentieren und so zu informieren und zu werben. Dies nun geschieht rechtzeitig zum Beginn\u00c2\u00a0 des Europ\u00e4ischen Jahres des Ehrenamtes 2011. Die Organisation dieser Messe wird tatkr\u00e4ftig von Stadt- und Landkreis Fulda,\u00c2\u00a0 dem Bistum Fulda sowie\u00c2\u00a0 dem Sozialdienst Katholischer Frauen\u00c2\u00a0 mitgetragen.<!--more--><\/p>\n<p><a href=\"http:\/\/www.fuldaer-nachrichten.de\/wp-content\/uploads\/2010\/08\/100813_Handzettel.jpg\"><img fetchpriority=\"high\" decoding=\"async\" class=\"alignnone size-thumbnail wp-image-66823\" title=\"100813_Handzettel\" src=\"http:\/\/www.fuldaer-nachrichten.de\/wp-content\/uploads\/2010\/08\/100813_Handzettel-265x375.jpg\" alt=\"\" width=\"265\" height=\"371\" \/><\/a> <a href=\"http:\/\/www.fuldaer-nachrichten.de\/wp-content\/uploads\/2010\/08\/100813_Verein.jpg\"><img decoding=\"async\" class=\"alignnone size-thumbnail wp-image-66824\" title=\"100813_Verein\" src=\"http:\/\/www.fuldaer-nachrichten.de\/wp-content\/uploads\/2010\/08\/100813_Verein-265x364.jpg\" alt=\"\" width=\"265\" height=\"371\" \/><\/a><\/p>\n<p>Von 11:00 \u2013 15:00 Uhr pr\u00e4sentieren sich an 24 St\u00e4nden die Tr\u00e4ger der Initiativen. Neben Infos und Gespr\u00e4chen gibt es Musik und Theater (Rapp und Beatbox, Improvisationstheater, Cheerleader, Russische Folklore). Ehrenamt f\u00fchrt auch zum Mitmachen und Anfassen: Ein Feuerwehrauto wird ebenso da sein, wie das Spielmobil der KJG, Bastelaktionen, Schminkaktionen und Quizspiele finden statt. S\u00e4fte, Kaffee, und Kuchen, italienische Probierh\u00e4ppchen und Gutes vom Hamburgermobil sind zu kosten.<\/p>\n<p>Gegen 11:30 Uhr werden die Initiatoren mit Prof. Richard Hartmann, Oberb\u00fcrgermeister Gerhard M\u00f6ller, Erstem Kreisbeigeordnetem Dr. Heiko Wingenfeld, Frau Christel Hillenbrand, Pr\u00e4sidentin des Rotary Clubs Rh\u00f6n, Frau Gisela Buhl vom SKF und Herrn Seelsorgeamtsleiter Domkapitular Rudolf Hofmann kurze Gru\u00dfworte sprechen.<\/p>\n","protected":false},"excerpt":{"rendered":"<div class=\"tmnf_excerpt\"><p>Fulda. Dass ohne das Engagement vieler B\u00fcrgerinnen und B\u00fcrger, jung und alt in unserer Gesellschaft vieles nicht mehr geht, das haben inzwischen viele eingesehen. Freiwilligendienste entstehen neu, Initiativen finden sich zusammen, Verb\u00e4nde und Vereine\u00c2\u00a0 stellen sich neuen Herausforderungen \/ Gegebenheiten. Aus einer Ehrenamtsinitiative erw\u00e4chst nun in Fulda die erste \u201eEhrenamtsmesse\u201c bei der sich 24 Vereine, &hellip;<\/p>\n<\/div>","protected":false},"author":1,"featured_media":0,"comment_status":"closed","ping_status":"closed","sticky":false,"template":"","format":"standard","meta":{"footnotes":""},"categories":[1],"tags":[],"class_list":["post-66821","post","type-post","status-publish","format-standard","hentry","category-startseite"],"_links":{"self":[{"href":"https:\/\/www.fuldaernachrichten.de\/index.php?rest_route=\/wp\/v2\/posts\/66821","targetHints":{"allow":["GET"]}}],"collection":[{"href":"https:\/\/www.fuldaernachrichten.de\/index.php?rest_route=\/wp\/v2\/posts"}],"about":[{"href":"https:\/\/www.fuldaernachrichten.de\/index.php?rest_route=\/wp\/v2\/types\/post"}],"author":[{"embeddable":true,"href":"https:\/\/www.fuldaernachrichten.de\/index.php?rest_route=\/wp\/v2\/users\/1"}],"replies":[{"embeddable":true,"href":"https:\/\/www.fuldaernachrichten.de\/index.php?rest_route=%2Fwp%2Fv2%2Fcomments&post=66821"}],"version-history":[{"count":2,"href":"https:\/\/www.fuldaernachrichten.de\/index.php?rest_route=\/wp\/v2\/posts\/66821\/revisions"}],"predecessor-version":[{"id":66873,"href":"https:\/\/www.fuldaernachrichten.de\/index.php?rest_route=\/wp\/v2\/posts\/66821\/revisions\/66873"}],"wp:attachment":[{"href":"https:\/\/www.fuldaernachrichten.de\/index.php?rest_route=%2Fwp%2Fv2%2Fmedia&parent=66821"}],"wp:term":[{"taxonomy":"category","embeddable":true,"href":"https:\/\/www.fuldaernachrichten.de\/index.php?rest_route=%2Fwp%2Fv2%2Fcategories&post=66821"},{"taxonomy":"post_tag","embeddable":true,"href":"https:\/\/www.fuldaernachrichten.de\/index.php?rest_route=%2Fwp%2Fv2%2Ftags&post=66821"}],"curies":[{"name":"wp","href":"https:\/\/api.w.org\/{rel}","templated":true}]}}