{"id":66814,"date":"2010-08-14T03:58:07","date_gmt":"2010-08-14T01:58:07","guid":{"rendered":"http:\/\/www.fuldaer-nachrichten.de\/?p=66814"},"modified":"2010-08-14T08:58:19","modified_gmt":"2010-08-14T06:58:19","slug":"abenteuer-pur-zwischen-saale-und-schwarzen-bergen-rhoensprudel-biosphaerencamp-2010-in-bad-brueckenau","status":"publish","type":"post","link":"https:\/\/www.fuldaernachrichten.de\/?p=66814","title":{"rendered":"Abenteuer pur zwischen Saale und Schwarzen Bergen &#8211; Rh\u00f6nSprudel-Biosph\u00e4rencamp 2010 in Bad Br\u00fcckenau"},"content":{"rendered":"<p><strong><a href=\"http:\/\/www.fuldaer-nachrichten.de\/wp-content\/uploads\/2010\/08\/100813_Ankunft.jpg\"><img decoding=\"async\" class=\"alignleft size-thumbnail wp-image-66815\" title=\"100813_Ankunft\" src=\"http:\/\/www.fuldaer-nachrichten.de\/wp-content\/uploads\/2010\/08\/100813_Ankunft-265x130.jpg\" alt=\"\" width=\"265\" height=\"130\" srcset=\"https:\/\/www.fuldaernachrichten.de\/wp-content\/uploads\/2010\/08\/100813_Ankunft-265x130.jpg 265w, https:\/\/www.fuldaernachrichten.de\/wp-content\/uploads\/2010\/08\/100813_Ankunft.jpg 592w\" sizes=\"(max-width: 265px) 100vw, 265px\" \/><\/a>Bad Br\u00fcckenau<\/strong><strong>.<\/strong> Paddeln, Klettern, Wandern und die hautnahe Begegnung mit Rh\u00f6ner Wildtieren \u2013 all das erwartet die 36 M\u00e4dchen und Jungen im Rh\u00f6nSprudel-Biosph\u00e4rencamp 2010, das noch bis Samstag in der Jugendbildungsst\u00e4tte Volkersberg nahe Bad Br\u00fcckenau stattfindet. \u201eZwischen\u00c2\u00a0 Saale und Schwarzen Bergen gibt es allerhand Abenteuer f\u00fcr die jungen Camper\u201c, meint etwa Claus Schenk, Fachbetreuer beim Verein Naturpark &amp; Biosph\u00e4renreservat Bayerische Rh\u00f6n e.V., der gemeinsam mit der Jugendbildungsst\u00e4tte Volkersberg das Rahmenprogramm erarbeitet hat. <!--more--><\/p>\n<p>Das Biosph\u00e4rencamp in Bad Br\u00fcckenau ist bereits die zweite Freizeit in diesem Jahr, zu dem der Mineralbrunnen Rh\u00f6nSprudel einl\u00e4dt. Erst im Juli hatte ein solches Camp im hessischen Poppenhausen-Rodholz stattgefunden. F\u00fcr beide Freizeiten hatten sich 600 Kinder beworben, so dass in Bad Br\u00fcckenau genau wie in Poppenhausen das Los \u00fcber die Teilnahme entscheiden musste. F\u00fcr das Biosph\u00e4rencamp wurde im Rundfunk geworben; ebenso war auf Flyern und auf Flaschenhalsanh\u00e4ngern an den Sprudelflaschen\u00c2\u00a0 darauf aufmerksam gemacht worden.<\/p>\n<p>\u201eWir wollen in den Klettergarten gehen und Kanu fahren. Das macht bestimmt Spa\u00df\u201c, meint der 11-j\u00e4hrige Alexander Brehl aus Sche\u00dflitz bei Bamberg. Aber er wei\u00df auch, dass die jungen Teilnehmer etwas \u00fcber Natur und Naturschutz lernen werden. Was ein Biosph\u00e4renreservat ist, darunter kann\u00c2\u00a0 er sich jetzt noch nicht genau etwas vorstellen. \u201eVielleicht wei\u00df ich\u00e2\u20ac\u2122s am Samstag\u201c, sagt er.<\/p>\n<p><a href=\"http:\/\/www.fuldaer-nachrichten.de\/wp-content\/uploads\/2010\/08\/100813_Rundgang.jpg\"><img fetchpriority=\"high\" decoding=\"async\" class=\"alignleft size-thumbnail wp-image-66816\" title=\"100813_Rundgang\" src=\"http:\/\/www.fuldaer-nachrichten.de\/wp-content\/uploads\/2010\/08\/100813_Rundgang-265x191.jpg\" alt=\"\" width=\"265\" height=\"191\" srcset=\"https:\/\/www.fuldaernachrichten.de\/wp-content\/uploads\/2010\/08\/100813_Rundgang-265x191.jpg 265w, https:\/\/www.fuldaernachrichten.de\/wp-content\/uploads\/2010\/08\/100813_Rundgang.jpg 592w\" sizes=\"(max-width: 265px) 100vw, 265px\" \/><\/a>Die M\u00e4dchen und Jungen kommen teils aus entfernten St\u00e4dten wie Berlin, F\u00fcrth, N\u00fcrnberg und Iserlohn. \u201eMit unserer Marke haben wir die Rh\u00f6n auch dort bekannt gemacht\u201c, meint Gabriele Nitz von der Rh\u00f6nSprudel-Gesch\u00e4ftsf\u00fchrung. Dem Unternehmen gehe es beim Biosph\u00e4rencamp vor allem darum, die Kinder f\u00fcr die Bedeutung der Lebensgrundlagen zu sensibilisieren und diese Erfahrung mit Spa\u00df und Erlebnis zu verbinden. \u201eSie werden etwas \u00fcber die Besonderheiten in einem von der UNESCO anerkannten Biosph\u00e4renreservat lernen. Und auch \u00fcber das Wasser, und wie wichtig ein sorgsamer Umgang mit Wasser ist\u201c, sagt J\u00fcrgen B\u00fchler vom Rh\u00f6nSprudel-Marketing. Bei einer Betriebsbesichtigung auf dem Gel\u00e4nde des Mineralbrunnens Rh\u00f6nSprudel im hessischen Ebersburg-Weyhers konnten sich die Teilnehmer des Biosph\u00e4rencamps bereits ein Bild davon machen, wie das Wasser aus der Quelle in die Flasche kommt.<\/p>\n<p>Interessant war es f\u00fcr die M\u00e4dchen und Jungen, zu beobachten, welche einzelnen Maschinen eine Flasche durchlaufen muss, ehe sie auf dem Lkw verladen werden kann und in den Handel kommt. \u201eDas Wasser l\u00e4uft durch verschiedene Gesteinsschichten, und daher r\u00fchrt auch die unterschiedliche Mineralisierung\u201c, erkl\u00e4rte ihnen Peter Ebert, der sie durch die verschiedenen Produktionsbereiche f\u00fchrte. Die jeweilige Anreicherung mit Mineralien ergebe den typischen Rh\u00f6nSprudel-Geschmack. Insgesamt verf\u00fcgt das Unternehmen \u00fcber 19 verschiedene Quellen; einer der Brunnen ist dabei \u00fcber 400 Meter tief.<\/p>\n","protected":false},"excerpt":{"rendered":"<div class=\"tmnf_excerpt\"><p>Bad Br\u00fcckenau. Paddeln, Klettern, Wandern und die hautnahe Begegnung mit Rh\u00f6ner Wildtieren \u2013 all das erwartet die 36 M\u00e4dchen und Jungen im Rh\u00f6nSprudel-Biosph\u00e4rencamp 2010, das noch bis Samstag in der Jugendbildungsst\u00e4tte Volkersberg nahe Bad Br\u00fcckenau stattfindet. \u201eZwischen\u00c2\u00a0 Saale und Schwarzen Bergen gibt es allerhand Abenteuer f\u00fcr die jungen Camper\u201c, meint etwa Claus Schenk, Fachbetreuer beim &hellip;<\/p>\n<\/div>","protected":false},"author":1,"featured_media":0,"comment_status":"closed","ping_status":"closed","sticky":false,"template":"","format":"standard","meta":{"footnotes":""},"categories":[1],"tags":[],"class_list":["post-66814","post","type-post","status-publish","format-standard","hentry","category-startseite"],"_links":{"self":[{"href":"https:\/\/www.fuldaernachrichten.de\/index.php?rest_route=\/wp\/v2\/posts\/66814","targetHints":{"allow":["GET"]}}],"collection":[{"href":"https:\/\/www.fuldaernachrichten.de\/index.php?rest_route=\/wp\/v2\/posts"}],"about":[{"href":"https:\/\/www.fuldaernachrichten.de\/index.php?rest_route=\/wp\/v2\/types\/post"}],"author":[{"embeddable":true,"href":"https:\/\/www.fuldaernachrichten.de\/index.php?rest_route=\/wp\/v2\/users\/1"}],"replies":[{"embeddable":true,"href":"https:\/\/www.fuldaernachrichten.de\/index.php?rest_route=%2Fwp%2Fv2%2Fcomments&post=66814"}],"version-history":[{"count":3,"href":"https:\/\/www.fuldaernachrichten.de\/index.php?rest_route=\/wp\/v2\/posts\/66814\/revisions"}],"predecessor-version":[{"id":66866,"href":"https:\/\/www.fuldaernachrichten.de\/index.php?rest_route=\/wp\/v2\/posts\/66814\/revisions\/66866"}],"wp:attachment":[{"href":"https:\/\/www.fuldaernachrichten.de\/index.php?rest_route=%2Fwp%2Fv2%2Fmedia&parent=66814"}],"wp:term":[{"taxonomy":"category","embeddable":true,"href":"https:\/\/www.fuldaernachrichten.de\/index.php?rest_route=%2Fwp%2Fv2%2Fcategories&post=66814"},{"taxonomy":"post_tag","embeddable":true,"href":"https:\/\/www.fuldaernachrichten.de\/index.php?rest_route=%2Fwp%2Fv2%2Ftags&post=66814"}],"curies":[{"name":"wp","href":"https:\/\/api.w.org\/{rel}","templated":true}]}}