{"id":66783,"date":"2010-08-13T02:25:43","date_gmt":"2010-08-13T00:25:43","guid":{"rendered":"http:\/\/www.fuldaer-nachrichten.de\/?p=66783"},"modified":"2010-08-13T08:26:02","modified_gmt":"2010-08-13T06:26:02","slug":"auf-entdeckungsreise-in-der-welt-der-energie-kaf-besuchte-das-uewag-informationszentrum","status":"publish","type":"post","link":"https:\/\/www.fuldaernachrichten.de\/?p=66783","title":{"rendered":"Auf Entdeckungsreise in der Welt der Energie &#8211; KAF besuchte das \u00dcWAG-Informationszentrum"},"content":{"rendered":"<p><strong><a href=\"http:\/\/www.fuldaer-nachrichten.de\/wp-content\/uploads\/2010\/08\/100812_Sommerakademie.jpg\"><img decoding=\"async\" class=\"alignleft size-thumbnail wp-image-66784\" title=\"100812_Sommerakademie\" src=\"http:\/\/www.fuldaer-nachrichten.de\/wp-content\/uploads\/2010\/08\/100812_Sommerakademie-265x175.jpg\" alt=\"\" width=\"265\" height=\"175\" srcset=\"https:\/\/www.fuldaernachrichten.de\/wp-content\/uploads\/2010\/08\/100812_Sommerakademie-265x175.jpg 265w, https:\/\/www.fuldaernachrichten.de\/wp-content\/uploads\/2010\/08\/100812_Sommerakademie.jpg 592w\" sizes=\"(max-width: 265px) 100vw, 265px\" \/><\/a>Fulda. <\/strong>Die Kinder-Akademie Fulda besuchte erstmalig im Rahmen ihrer Sommerakademie 2010 mit einer Gruppe interessierter Kinder das \u00dcWAG-Informationszentrum. Osthessens f\u00fchrender Energieversorger bot den kleinen G\u00e4sten eine spannende F\u00fchrung durch die Energie-Erlebniswelt. Dr. Gabriele K\u00f6nig, stellvertretende Direktorin der Kinder-Akademie Fulda, war beeindruckt von der erst k\u00fcrzlich aktualisierten Dauerausstellung. Sie sagte: \u201eIch freue mich \u00fcber die Einladung in die Energie-Erlebniswelt und das Engagement der \u00dcWAG, schon Kindern die Welt der Energie n\u00e4her zu bringen.\u201c Dipl.-Ing. Bernhard Herber, \u00dcWAG-Bereichsleiter f\u00fcr Energiewirtschaft, begr\u00fc\u00dfte die jungen Besucher und erz\u00e4hlte ihnen Wissenswertes \u00fcber die \u00dcWAG-Gruppe und den Stellenwert umweltfreundlicher Stromerzeugungsanlagen.<!--more--><\/p>\n<p><a href=\"http:\/\/www.fuldaer-nachrichten.de\/wp-content\/uploads\/2010\/08\/100812_Fahrrad.jpg\"><img decoding=\"async\" class=\"alignleft size-thumbnail wp-image-66785\" title=\"100812_Fahrrad\" src=\"http:\/\/www.fuldaer-nachrichten.de\/wp-content\/uploads\/2010\/08\/100812_Fahrrad-265x175.jpg\" alt=\"\" width=\"265\" height=\"175\" srcset=\"https:\/\/www.fuldaernachrichten.de\/wp-content\/uploads\/2010\/08\/100812_Fahrrad-265x175.jpg 265w, https:\/\/www.fuldaernachrichten.de\/wp-content\/uploads\/2010\/08\/100812_Fahrrad.jpg 592w\" sizes=\"(max-width: 265px) 100vw, 265px\" \/><\/a>Dann wurde es f\u00fcr die neugierigen jungen Besucher richtig spannend: In der Energie-Erlebniswelt des \u00dcWAG-Informationszentrums konnten die Kinder Strom selbst produzieren. Zwei Teilnehmer der Sommerakademie setzten sich auf die beiden Fahrrad-Ergometer und traten in die Pedale, um so unter anderem einen Mixer und eine Bohrmaschine in Gang zu setzen. Anschlie\u00dfend machte die Entdeckungsreise in die Welt der Energie an einem Motor-Generator-Modell Station. Im Garten besuchten die kleinen G\u00e4ste eine Ortsnetz-Trafostation und lie\u00dfen sich die Bedeutung der Transformation in elektrischen Stromnetzen erkl\u00e4ren. Danach besichtigten die Technikerinnen und Techniker von morgen das benachbarte \u00dcWAG Kraftwerk Fulda, in dem die \u00dcWAG selbst Strom erzeugt. Am Ende der F\u00fchrung wartete auf die jungen Besucher noch ein spannender Augenblick: F\u00fcr einen Bruchteil von Sekunden wurde Strom an einem Hochspannungstrafo durch einen \u00dcberschlag sichtbar.<\/p>\n","protected":false},"excerpt":{"rendered":"<div class=\"tmnf_excerpt\"><p>Fulda. Die Kinder-Akademie Fulda besuchte erstmalig im Rahmen ihrer Sommerakademie 2010 mit einer Gruppe interessierter Kinder das \u00dcWAG-Informationszentrum. Osthessens f\u00fchrender Energieversorger bot den kleinen G\u00e4sten eine spannende F\u00fchrung durch die Energie-Erlebniswelt. Dr. Gabriele K\u00f6nig, stellvertretende Direktorin der Kinder-Akademie Fulda, war beeindruckt von der erst k\u00fcrzlich aktualisierten Dauerausstellung. Sie sagte: \u201eIch freue mich \u00fcber die Einladung &hellip;<\/p>\n<\/div>","protected":false},"author":1,"featured_media":0,"comment_status":"closed","ping_status":"closed","sticky":false,"template":"","format":"standard","meta":{"footnotes":""},"categories":[1],"tags":[],"class_list":["post-66783","post","type-post","status-publish","format-standard","hentry","category-startseite"],"_links":{"self":[{"href":"https:\/\/www.fuldaernachrichten.de\/index.php?rest_route=\/wp\/v2\/posts\/66783","targetHints":{"allow":["GET"]}}],"collection":[{"href":"https:\/\/www.fuldaernachrichten.de\/index.php?rest_route=\/wp\/v2\/posts"}],"about":[{"href":"https:\/\/www.fuldaernachrichten.de\/index.php?rest_route=\/wp\/v2\/types\/post"}],"author":[{"embeddable":true,"href":"https:\/\/www.fuldaernachrichten.de\/index.php?rest_route=\/wp\/v2\/users\/1"}],"replies":[{"embeddable":true,"href":"https:\/\/www.fuldaernachrichten.de\/index.php?rest_route=%2Fwp%2Fv2%2Fcomments&post=66783"}],"version-history":[{"count":2,"href":"https:\/\/www.fuldaernachrichten.de\/index.php?rest_route=\/wp\/v2\/posts\/66783\/revisions"}],"predecessor-version":[{"id":66798,"href":"https:\/\/www.fuldaernachrichten.de\/index.php?rest_route=\/wp\/v2\/posts\/66783\/revisions\/66798"}],"wp:attachment":[{"href":"https:\/\/www.fuldaernachrichten.de\/index.php?rest_route=%2Fwp%2Fv2%2Fmedia&parent=66783"}],"wp:term":[{"taxonomy":"category","embeddable":true,"href":"https:\/\/www.fuldaernachrichten.de\/index.php?rest_route=%2Fwp%2Fv2%2Fcategories&post=66783"},{"taxonomy":"post_tag","embeddable":true,"href":"https:\/\/www.fuldaernachrichten.de\/index.php?rest_route=%2Fwp%2Fv2%2Ftags&post=66783"}],"curies":[{"name":"wp","href":"https:\/\/api.w.org\/{rel}","templated":true}]}}