{"id":66753,"date":"2010-08-13T03:26:19","date_gmt":"2010-08-13T01:26:19","guid":{"rendered":"http:\/\/www.fuldaer-nachrichten.de\/?p=66753"},"modified":"2010-08-13T08:26:35","modified_gmt":"2010-08-13T06:26:35","slug":"engagierte-katholikin-eroeffnet-klosterladen-im-huenfelder-bonifatiuskloster","status":"publish","type":"post","link":"https:\/\/www.fuldaernachrichten.de\/?p=66753","title":{"rendered":"Engagierte Katholikin er\u00f6ffnet Klosterladen im H\u00fcnfelder Bonifatiuskloster"},"content":{"rendered":"<p><strong><a href=\"http:\/\/www.fuldaer-nachrichten.de\/wp-content\/uploads\/2010\/08\/100812_Klosterladen.jpg\"><img decoding=\"async\" class=\"alignleft size-thumbnail wp-image-66756\" title=\"100812_Klosterladen\" src=\"http:\/\/www.fuldaer-nachrichten.de\/wp-content\/uploads\/2010\/08\/100812_Klosterladen-265x176.jpg\" alt=\"\" width=\"265\" height=\"176\" srcset=\"https:\/\/www.fuldaernachrichten.de\/wp-content\/uploads\/2010\/08\/100812_Klosterladen-265x176.jpg 265w, https:\/\/www.fuldaernachrichten.de\/wp-content\/uploads\/2010\/08\/100812_Klosterladen.jpg 592w\" sizes=\"(max-width: 265px) 100vw, 265px\" \/><\/a>H\u00fcnfeld. <\/strong>Seit kurzem hat das Bonifatiuskloster der Oblaten in H\u00fcnfeld einen Klosterladen. Er wird von der engagierten Katholikin Reinhilde Wiegand betrieben und befindet sich direkt gegen\u00fcber der Anmeldung am Haupteingang des Klostergeb\u00e4udes. Interessierte k\u00f6nnen hier B\u00fccher, CDs, Kerzen und vielerlei Geschenkartikel mit christlichem Bezug erwerben. \u201eEin solcher Laden geh\u00f6rt in ein Kloster wie dieses \u2013 seit Jahren ist mir dies ein Herzensanliegen gewesen\u201c, betont die Gesch\u00e4ftsfrau. Der Superior der Oblatengemeinschaft, Pater Karl-Heinz Vogt OMI, machte bei seiner Segnung der R\u00e4umlichkeiten deutlich: \u201eIn einem Klosterladen gibt es Dinge, die auf Gott und den Glauben verweisen und weitergetragen werden in die H\u00e4user der Menschen.\u201c Reinhilde Wiegand zeigt sich \u00fcberzeugt: \u201eAuch das ist ein Weg, Gott in die Welt zu bringen\u201c. Der Klosterladen ist von Dienstag bis Donnerstag und am Samstag von 10 bis 14, am Freitag von 10 bis 18 Uhr ge\u00f6ffnet. Weitere Informationen: Der Klosterladen, Reinhilde Wiegand, Klosterstr. 5, 36088 H\u00fcnfeld, Tel. 06652\/94-456, E-Mail: derklosterladen@bonifatiuskloster.de.<\/p>\n","protected":false},"excerpt":{"rendered":"<div class=\"tmnf_excerpt\"><p>H\u00fcnfeld. Seit kurzem hat das Bonifatiuskloster der Oblaten in H\u00fcnfeld einen Klosterladen. Er wird von der engagierten Katholikin Reinhilde Wiegand betrieben und befindet sich direkt gegen\u00fcber der Anmeldung am Haupteingang des Klostergeb\u00e4udes. Interessierte k\u00f6nnen hier B\u00fccher, CDs, Kerzen und vielerlei Geschenkartikel mit christlichem Bezug erwerben. \u201eEin solcher Laden geh\u00f6rt in ein Kloster wie dieses \u2013 &hellip;<\/p>\n<\/div>","protected":false},"author":1,"featured_media":0,"comment_status":"closed","ping_status":"closed","sticky":false,"template":"","format":"standard","meta":{"footnotes":""},"categories":[1],"tags":[],"class_list":["post-66753","post","type-post","status-publish","format-standard","hentry","category-startseite"],"_links":{"self":[{"href":"https:\/\/www.fuldaernachrichten.de\/index.php?rest_route=\/wp\/v2\/posts\/66753","targetHints":{"allow":["GET"]}}],"collection":[{"href":"https:\/\/www.fuldaernachrichten.de\/index.php?rest_route=\/wp\/v2\/posts"}],"about":[{"href":"https:\/\/www.fuldaernachrichten.de\/index.php?rest_route=\/wp\/v2\/types\/post"}],"author":[{"embeddable":true,"href":"https:\/\/www.fuldaernachrichten.de\/index.php?rest_route=\/wp\/v2\/users\/1"}],"replies":[{"embeddable":true,"href":"https:\/\/www.fuldaernachrichten.de\/index.php?rest_route=%2Fwp%2Fv2%2Fcomments&post=66753"}],"version-history":[{"count":4,"href":"https:\/\/www.fuldaernachrichten.de\/index.php?rest_route=\/wp\/v2\/posts\/66753\/revisions"}],"predecessor-version":[{"id":66799,"href":"https:\/\/www.fuldaernachrichten.de\/index.php?rest_route=\/wp\/v2\/posts\/66753\/revisions\/66799"}],"wp:attachment":[{"href":"https:\/\/www.fuldaernachrichten.de\/index.php?rest_route=%2Fwp%2Fv2%2Fmedia&parent=66753"}],"wp:term":[{"taxonomy":"category","embeddable":true,"href":"https:\/\/www.fuldaernachrichten.de\/index.php?rest_route=%2Fwp%2Fv2%2Fcategories&post=66753"},{"taxonomy":"post_tag","embeddable":true,"href":"https:\/\/www.fuldaernachrichten.de\/index.php?rest_route=%2Fwp%2Fv2%2Ftags&post=66753"}],"curies":[{"name":"wp","href":"https:\/\/api.w.org\/{rel}","templated":true}]}}