{"id":66751,"date":"2010-08-13T02:23:50","date_gmt":"2010-08-13T00:23:50","guid":{"rendered":"http:\/\/www.fuldaer-nachrichten.de\/?p=66751"},"modified":"2010-08-13T08:23:57","modified_gmt":"2010-08-13T06:23:57","slug":"caritas-schult-in-haeuslicher-krankenpflege-kostenloser-kurs-startet-bald-in-flieden","status":"publish","type":"post","link":"https:\/\/www.fuldaernachrichten.de\/?p=66751","title":{"rendered":"Caritas schult in H\u00e4uslicher Krankenpflege \u2013 kostenloser Kurs startet bald in Flieden"},"content":{"rendered":"<p><strong>Flieden. <\/strong>H\u00e4usliche Betreuung eines kranken und alten Menschen ist f\u00fcr alle Betroffenen w\u00fcnschenswert, doch f\u00fcr die Angeh\u00f6rigen kann dies eine umfassende und sogar belastende Aufgabe sein. Viele Menschen wollen sich dennoch gerne zum Wohle ihrer pflegebed\u00fcrftigen Angeh\u00f6rigen dieser Aufgabe stellen. Umso wichtiger sind dann ein fundierter fachlicher R\u00fcckhalt und gute Vorbereitung. Dazu bietet der Caritasverband f\u00fcr die Regionen Fulda und Geisa e.V. in Zusammenarbeit mit der Barmer Ersatzkasse erneut einen Kurs f\u00fcr h\u00e4usliche Krankenpflege an \u2013 diesmal in Flieden. Das Angebot richtet sich gleicherma\u00dfen an bereits pflegende Angeh\u00f6rige und an Interessierte, die bisher noch nicht aktiv pflegen.<!--more--><\/p>\n<p>Der Kurs beginnt am Montag, dem 6. September, im kath. Pfarrzentrum Flieden. Die Veranstaltung findet an acht Abenden jeweils montags und donnerstags von 19.30 bis 22.00 Uhr statt und schult die Teilnehmer in theoretischen und praktischen Fragen der h\u00e4uslichen Pflege. Letzter Kurstermin ist der 30. September. Die Kosten zur Teilnahme werden von den Pflegeversicherungen getragen. Alle Teilnehmer erhalten nach Abschluss des Seminars ein Zertifikat.<\/p>\n<p>Auf Grund der begrenzten Teilnehmerpl\u00e4tze ist eine Anmeldung dringend erforderlich. Informationen zum Pflegekurs erhalten Interessierte beim Caritasverband f\u00fcr die Regionen Fulda und Geisa e.V., Telefon 0661 \/ 77855 (Angelika Rogowski). Dort werden auch die Anmeldungen entgegengenommen. (cif)<\/p>\n","protected":false},"excerpt":{"rendered":"<div class=\"tmnf_excerpt\"><p>Flieden. H\u00e4usliche Betreuung eines kranken und alten Menschen ist f\u00fcr alle Betroffenen w\u00fcnschenswert, doch f\u00fcr die Angeh\u00f6rigen kann dies eine umfassende und sogar belastende Aufgabe sein. Viele Menschen wollen sich dennoch gerne zum Wohle ihrer pflegebed\u00fcrftigen Angeh\u00f6rigen dieser Aufgabe stellen. Umso wichtiger sind dann ein fundierter fachlicher R\u00fcckhalt und gute Vorbereitung. Dazu bietet der Caritasverband &hellip;<\/p>\n<\/div>","protected":false},"author":1,"featured_media":0,"comment_status":"closed","ping_status":"closed","sticky":false,"template":"","format":"standard","meta":{"footnotes":""},"categories":[1],"tags":[],"class_list":["post-66751","post","type-post","status-publish","format-standard","hentry","category-startseite"],"_links":{"self":[{"href":"https:\/\/www.fuldaernachrichten.de\/index.php?rest_route=\/wp\/v2\/posts\/66751","targetHints":{"allow":["GET"]}}],"collection":[{"href":"https:\/\/www.fuldaernachrichten.de\/index.php?rest_route=\/wp\/v2\/posts"}],"about":[{"href":"https:\/\/www.fuldaernachrichten.de\/index.php?rest_route=\/wp\/v2\/types\/post"}],"author":[{"embeddable":true,"href":"https:\/\/www.fuldaernachrichten.de\/index.php?rest_route=\/wp\/v2\/users\/1"}],"replies":[{"embeddable":true,"href":"https:\/\/www.fuldaernachrichten.de\/index.php?rest_route=%2Fwp%2Fv2%2Fcomments&post=66751"}],"version-history":[{"count":2,"href":"https:\/\/www.fuldaernachrichten.de\/index.php?rest_route=\/wp\/v2\/posts\/66751\/revisions"}],"predecessor-version":[{"id":66793,"href":"https:\/\/www.fuldaernachrichten.de\/index.php?rest_route=\/wp\/v2\/posts\/66751\/revisions\/66793"}],"wp:attachment":[{"href":"https:\/\/www.fuldaernachrichten.de\/index.php?rest_route=%2Fwp%2Fv2%2Fmedia&parent=66751"}],"wp:term":[{"taxonomy":"category","embeddable":true,"href":"https:\/\/www.fuldaernachrichten.de\/index.php?rest_route=%2Fwp%2Fv2%2Fcategories&post=66751"},{"taxonomy":"post_tag","embeddable":true,"href":"https:\/\/www.fuldaernachrichten.de\/index.php?rest_route=%2Fwp%2Fv2%2Ftags&post=66751"}],"curies":[{"name":"wp","href":"https:\/\/api.w.org\/{rel}","templated":true}]}}