{"id":66725,"date":"2010-08-13T02:26:45","date_gmt":"2010-08-13T00:26:45","guid":{"rendered":"http:\/\/www.fuldaer-nachrichten.de\/?p=66725"},"modified":"2010-08-13T08:26:59","modified_gmt":"2010-08-13T06:26:59","slug":"fotokunst-wird-in-huenfelder-geschaeften-ausgestellt-huenfelder-fotoclub-bietet-ab-16-august-eine-strassengalerie-an","status":"publish","type":"post","link":"https:\/\/www.fuldaernachrichten.de\/?p=66725","title":{"rendered":"Fotokunst wird in H\u00fcnfelder Gesch\u00e4ften ausgestellt &#8211; H\u00fcnfelder Fotoclub bietet ab 16. August eine Stra\u00dfengalerie an"},"content":{"rendered":"<p><strong>H\u00fcnfeld.<\/strong> Mit einer Stra\u00dfengalerie in H\u00fcnfelder Gesch\u00e4ften beteiligt sich der H\u00fcnfelder Fotoclub an den Feierlichkeiten zum 700-j\u00e4hrigen Jubil\u00e4um der Verleihung der Stadtrechte an die Stadt H\u00fcnfeld. Ab 16. August werden in Gesch\u00e4ften der Innenstadt in der Mittel-, T\u00f6pfer- und Hauptstra\u00dfe Arbeiten von Mitgliedern des Fotoclubs zu sehen sein. Beteiligte Gesch\u00e4fte sind Textil Vogt, Stoffe-Reinigung, Hausrat Vogt, Elektro Vogt, Zeitschriften M\u00f6ller, Buchladen, Schuh G\u00f6bel, Lifestyle, Marien Apotheke, B\u00e4ckerei Happ, Foto Daniel, Optik Drinnenberg, Fris\u00f6r Gensler, Schuhmacher Vogt, Schuhhaus Eschbach, Street One Vogt, Schreib+Spiel Herrmann, Gardinen Hodes, Cecil Vogt, Na Und sowie NKD.<!--more--><\/p>\n<p>Die ausstellenden Fotografen sind Wolfgang Abel, Otto Borufka, Maria Bott, Dirk Jonas, Josef Kister, Dieter Kleinfelder, Bernard H. Kohlmann, Miroljub Milovanovic, Klaus Neukamm, Erich Plappert, Jacqueline R\u00fcbsam, Dr. Peter Schmitt, Richard Schnura, Michael Simon, Wolfgang Uffelmann, Hartmut Winter, Klaus J. Wendel, Manuel Weinen, Helga Ziegler, Ernst-Ludwig Glock, Tobi Becker sowie Armin Tiemann.<\/p>\n<p>Eine weitere Ausstellung ist f\u00fcr den 13. September in der Sparkasse H\u00fcnfeld geplant. Ab 15. November widmen sich die Mitglieder des Fotoclubs dem Thema H\u00fcnfeld mit einer gro\u00dfen Ausstellung in der Helios St. Elisabeth Klinik in der Schillerstra\u00dfe. Bei der Stra\u00dfengalerie und der Ausstellung in der Sparkasse sind dagegen die Themen frei. N\u00e4here Informationen sind unter <a href=\"http:\/\/www.fotoclub-huenfeld.de\" target=\"_blank\">www.fotoclub-huenfeld.de<\/a> erh\u00e4ltlich.<\/p>\n","protected":false},"excerpt":{"rendered":"<div class=\"tmnf_excerpt\"><p>H\u00fcnfeld. Mit einer Stra\u00dfengalerie in H\u00fcnfelder Gesch\u00e4ften beteiligt sich der H\u00fcnfelder Fotoclub an den Feierlichkeiten zum 700-j\u00e4hrigen Jubil\u00e4um der Verleihung der Stadtrechte an die Stadt H\u00fcnfeld. Ab 16. August werden in Gesch\u00e4ften der Innenstadt in der Mittel-, T\u00f6pfer- und Hauptstra\u00dfe Arbeiten von Mitgliedern des Fotoclubs zu sehen sein. Beteiligte Gesch\u00e4fte sind Textil Vogt, Stoffe-Reinigung, Hausrat &hellip;<\/p>\n<\/div>","protected":false},"author":1,"featured_media":0,"comment_status":"closed","ping_status":"closed","sticky":false,"template":"","format":"standard","meta":{"footnotes":""},"categories":[1],"tags":[],"class_list":["post-66725","post","type-post","status-publish","format-standard","hentry","category-startseite"],"_links":{"self":[{"href":"https:\/\/www.fuldaernachrichten.de\/index.php?rest_route=\/wp\/v2\/posts\/66725","targetHints":{"allow":["GET"]}}],"collection":[{"href":"https:\/\/www.fuldaernachrichten.de\/index.php?rest_route=\/wp\/v2\/posts"}],"about":[{"href":"https:\/\/www.fuldaernachrichten.de\/index.php?rest_route=\/wp\/v2\/types\/post"}],"author":[{"embeddable":true,"href":"https:\/\/www.fuldaernachrichten.de\/index.php?rest_route=\/wp\/v2\/users\/1"}],"replies":[{"embeddable":true,"href":"https:\/\/www.fuldaernachrichten.de\/index.php?rest_route=%2Fwp%2Fv2%2Fcomments&post=66725"}],"version-history":[{"count":2,"href":"https:\/\/www.fuldaernachrichten.de\/index.php?rest_route=\/wp\/v2\/posts\/66725\/revisions"}],"predecessor-version":[{"id":66800,"href":"https:\/\/www.fuldaernachrichten.de\/index.php?rest_route=\/wp\/v2\/posts\/66725\/revisions\/66800"}],"wp:attachment":[{"href":"https:\/\/www.fuldaernachrichten.de\/index.php?rest_route=%2Fwp%2Fv2%2Fmedia&parent=66725"}],"wp:term":[{"taxonomy":"category","embeddable":true,"href":"https:\/\/www.fuldaernachrichten.de\/index.php?rest_route=%2Fwp%2Fv2%2Fcategories&post=66725"},{"taxonomy":"post_tag","embeddable":true,"href":"https:\/\/www.fuldaernachrichten.de\/index.php?rest_route=%2Fwp%2Fv2%2Ftags&post=66725"}],"curies":[{"name":"wp","href":"https:\/\/api.w.org\/{rel}","templated":true}]}}