{"id":66673,"date":"2010-08-12T04:07:55","date_gmt":"2010-08-12T02:07:55","guid":{"rendered":"http:\/\/www.fuldaer-nachrichten.de\/?p=66673"},"modified":"2010-08-12T09:08:02","modified_gmt":"2010-08-12T07:08:02","slug":"rauchwarnmelder-retten-leben-am-13-august-ist-der-bundesweite-tag-des-rauchmelders","status":"publish","type":"post","link":"https:\/\/www.fuldaernachrichten.de\/?p=66673","title":{"rendered":"Rauchwarnmelder retten Leben &#8211; Am 13. August ist der bundesweite Tag des Rauchmelders"},"content":{"rendered":"<p><strong>Vogelsbergkreis. <\/strong>Am 13. August findet bereits zum f\u00fcnften Mal der bundesweite Tag des Rauchmelders statt. Es ist nach wie vor dringend geboten, auf die Gefahren des Brandrauches und seine Folgen sowie die Vorteile von Rauchwarnmeldern hinzuweisen und aufzukl\u00e4ren, denn nach einer aktuellen FORSA-Umfrage sind in \u00fcber zwei Drittel aller deutschen Haushalte noch immer keine Rauchwarnmelder installiert, informiert Kreisbrandinspektor Werner Rinke.<!--more--><\/p>\n<p>J\u00e4hrlich kommen in Deutschland etwa 600 Menschen durch Br\u00e4nde ums Leben. Weitere 6.000 Kinder und Erwachsene werden durch Br\u00e4nde verletzt. Zwei Drittel aller Brandopfer werden zuhause, meist nachts, im Schlaf \u00fcberrascht. Deshalb hat das Land Hessen bereits 2005 gesetzlich vorgeschrieben, dass bei Neu- und Umbauten von Wohnungen mindestens die Schlaf- und Kinderzimmer sowie Flure, die als Rettungswege dienen, mit Rauchwarnmeldern auszustatten sind. Bestehende Wohnungen m\u00fcssen bis zum 31. Dezember 2014 nachger\u00fcstet werden. Mit geringem Aufwand und Kosten kann viel zur Sicherheit beigetragen werden.<\/p>\n<p><strong>Warum ist Brandrauch so gef\u00e4hrlich?<\/strong><\/p>\n<p>Nicht die Flammen, sondern giftige Rauchgase sind die h\u00e4ufigsten Todesursachen bei Br\u00e4nden. Diese gef\u00e4hrlichen Gase bilden sich in der Brandentstehungsphase und breiten sich in der Wohnung so schnell aus, dass die Bewohner innerhalb von Sekunden die Orientierung und das Bewusstsein verlieren k\u00f6nnen. Zur Flucht aus der Wohnung bleiben im Brandfall nur wenige Minuten.<br \/>\nDeshalb sind Rauchwarnmelder f\u00fcr eine fr\u00fchzeitige Branderkennung unverzichtbar. Sie verhindern keine Br\u00e4nde, aber sie erkennen Brandrauch und warnen rechtzeitig mit einem lautstarken Signal.<\/p>\n<p><strong>Worauf muss beim Kauf geachtet werden?<\/strong><\/p>\n<p>Batteriebetriebene Rauchwarnmelder sind kosteng\u00fcnstig erh\u00e4ltlich im Fachhandel und in Baum\u00e4rkten. Es muss darauf geachtet werden, das sie \u00fcber die CE-Kennzeichnung mit einem Hinweis auf die DIN EN 14604 oder das VdS-Pr\u00fcfzeichen verf\u00fcgen. Nicht vergessen: Im Brandfall ist sofort die Feuerwehr unter der Notrufnummer 112 zu alarmieren!<\/p>\n<p>Bei weiteren Fragen stehen die \u00f6rtlichen Feuerwehren und Brandschutzdienststellen sowie der Kreisbrandinspektor Werner Rinke (Telefon 06641 \/ 977 &#8211; 3012) f\u00fcr Ausk\u00fcnfte gerne zur Verf\u00fcgung.<\/p>\n","protected":false},"excerpt":{"rendered":"<div class=\"tmnf_excerpt\"><p>Vogelsbergkreis. Am 13. August findet bereits zum f\u00fcnften Mal der bundesweite Tag des Rauchmelders statt. Es ist nach wie vor dringend geboten, auf die Gefahren des Brandrauches und seine Folgen sowie die Vorteile von Rauchwarnmeldern hinzuweisen und aufzukl\u00e4ren, denn nach einer aktuellen FORSA-Umfrage sind in \u00fcber zwei Drittel aller deutschen Haushalte noch immer keine Rauchwarnmelder &hellip;<\/p>\n<\/div>","protected":false},"author":1,"featured_media":0,"comment_status":"closed","ping_status":"closed","sticky":false,"template":"","format":"standard","meta":{"footnotes":""},"categories":[1,71],"tags":[],"class_list":["post-66673","post","type-post","status-publish","format-standard","hentry","category-startseite","category-feuerwehr"],"_links":{"self":[{"href":"https:\/\/www.fuldaernachrichten.de\/index.php?rest_route=\/wp\/v2\/posts\/66673","targetHints":{"allow":["GET"]}}],"collection":[{"href":"https:\/\/www.fuldaernachrichten.de\/index.php?rest_route=\/wp\/v2\/posts"}],"about":[{"href":"https:\/\/www.fuldaernachrichten.de\/index.php?rest_route=\/wp\/v2\/types\/post"}],"author":[{"embeddable":true,"href":"https:\/\/www.fuldaernachrichten.de\/index.php?rest_route=\/wp\/v2\/users\/1"}],"replies":[{"embeddable":true,"href":"https:\/\/www.fuldaernachrichten.de\/index.php?rest_route=%2Fwp%2Fv2%2Fcomments&post=66673"}],"version-history":[{"count":2,"href":"https:\/\/www.fuldaernachrichten.de\/index.php?rest_route=\/wp\/v2\/posts\/66673\/revisions"}],"predecessor-version":[{"id":66695,"href":"https:\/\/www.fuldaernachrichten.de\/index.php?rest_route=\/wp\/v2\/posts\/66673\/revisions\/66695"}],"wp:attachment":[{"href":"https:\/\/www.fuldaernachrichten.de\/index.php?rest_route=%2Fwp%2Fv2%2Fmedia&parent=66673"}],"wp:term":[{"taxonomy":"category","embeddable":true,"href":"https:\/\/www.fuldaernachrichten.de\/index.php?rest_route=%2Fwp%2Fv2%2Fcategories&post=66673"},{"taxonomy":"post_tag","embeddable":true,"href":"https:\/\/www.fuldaernachrichten.de\/index.php?rest_route=%2Fwp%2Fv2%2Ftags&post=66673"}],"curies":[{"name":"wp","href":"https:\/\/api.w.org\/{rel}","templated":true}]}}