{"id":66630,"date":"2010-08-12T04:14:38","date_gmt":"2010-08-12T02:14:38","guid":{"rendered":"http:\/\/www.fuldaer-nachrichten.de\/?p=66630"},"modified":"2010-08-12T09:15:09","modified_gmt":"2010-08-12T07:15:09","slug":"300-meter-ueber-erfurt-der-etwas-andere-musik-schnuppertag","status":"publish","type":"post","link":"https:\/\/www.fuldaernachrichten.de\/?p=66630","title":{"rendered":"300 Meter \u00fcber Erfurt &#8211; der etwas andere Musik-Schnuppertag"},"content":{"rendered":"<p><strong><a href=\"http:\/\/www.fuldaer-nachrichten.de\/wp-content\/uploads\/2010\/08\/100811_Proberaum2.jpg\"><img decoding=\"async\" class=\"alignleft size-thumbnail wp-image-66632\" title=\"100811_Proberaum2\" src=\"http:\/\/www.fuldaer-nachrichten.de\/wp-content\/uploads\/2010\/08\/100811_Proberaum2-265x176.jpg\" alt=\"\" width=\"265\" height=\"176\" srcset=\"https:\/\/www.fuldaernachrichten.de\/wp-content\/uploads\/2010\/08\/100811_Proberaum2-265x176.jpg 265w, https:\/\/www.fuldaernachrichten.de\/wp-content\/uploads\/2010\/08\/100811_Proberaum2.jpg 592w\" sizes=\"(max-width: 265px) 100vw, 265px\" \/><\/a>Erfurt. <\/strong>\u201eSchnuppern einmal anders\u201c, das war das Motto der beiden Organisatoren des zweiten Schnuppertages beim Erfurter Wehrbereichsmusikkorps III. Hauptfeldwebel Bettina Gmeiner und Oberfeldwebel Tim J\u00fcrgen K\u00f6ddritzsch, beide Milit\u00e4rmusiker im Wehrbereichsmusikkorps und verantwortlich f\u00fcr die Nachwuchsgewinnung, haben deshalb am 10. August 2010 in die Prober\u00e4ume auf den Erfurter Steiger geladen. \u201eUnser Ziel ist es, den interessierten Jugendlichen und nat\u00fcrlich auch Musikliebhabern einmal einen Einblick in unsere t\u00e4gliche Musikarbeit zu geben. Das hei\u00dft, die Jugendlichen k\u00f6nnen bei einer Orchesterprobe dabei sein und die unterschiedlichsten Musikinstrumente einmal selbst spielen. Nat\u00fcrlich stehen wir auch allen Fragen offen gegen\u00fcber\u201c, sagte Bettina Gmeiner. Im weiteren war von den beiden Nachwuchsfeldwebeln zu erfahren, dass die G\u00e4ste auch etwas \u00fcber die Geschichte und Tradition der Milit\u00e4rmusik und \u00fcber die Ausbildungs- und Karierrem\u00f6glichkeiten bei der Bundeswehr erfahren werden.<!--more--><\/p>\n<p><strong>Die Anreise aus Hofbieber<\/strong><\/p>\n<p>Kurz vor 10.00 Uhr hielt der Bus vor den Prober\u00e4umen des Musikkorps. 31 junge Musikerinnen und Musiker hatten gemeinsam mit ihren Betreuern die zweist\u00fcndige Busfahrt \u00fcberstanden. Beheimatet sind die G\u00e4ste in Schwarzbach und weiteren Ortsteilen der Gemeinde Hofbieber in der Rh\u00f6n. Alle Jugendliche sind in einem der sieben Musikvereinen der Gemeinde Hofbieber organisiert. Neben der Jugendgruppe haben sich noch etwa 10 \u00e4ltere G\u00e4ste und Musikliebhaber aus der Region Th\u00fcringens sowie eine kleine Gruppe von der Lebenshilfe Erfurt e.V. auf dem Erfurter Steiger eingefunden, um die Milit\u00e4rmusiker einmal bei einer Probe zu erleben.<\/p>\n<p>Oberstleutnant d. R. Marcus Schafft hat gemeinsam mit Uwe Menzel, dem Leiter des Musikvereins \u201eOriginal Schwarzbachtaler\u201c,\u00c2\u00a0 diese etwas andere musikalische Bildungsreise in die Landeshauptstadt Th\u00fcringens organisiert. \u201eDie Sch\u00fclerinnen und Sch\u00fcler sind alle begeisterte Musiker und wollten einmal den Milit\u00e4rmusikern des Wehrbereichsmusikkorps III\u00c2\u00a0 \u00fcber die Schulter schauen\u201c, sagte der B\u00fcrgermeister der Gemeinde Hofbieber, Marcus Schafft, der zur Zeit eine Wehr\u00fcbung im Wehrbereichskommando III leistet.<\/p>\n<p><strong>\u201eEs war einfach Klasse\u201c<\/strong><\/p>\n<p><a href=\"..\/wp-content\/uploads\/2010\/08\/100811_Spielen.jpg\"><img decoding=\"async\" title=\"100811_Spielen\" src=\"..\/wp-content\/uploads\/2010\/08\/100811_Spielen-265x176.jpg\" alt=\"\" width=\"265\" height=\"176\" \/><\/a> <a href=\"..\/wp-content\/uploads\/2010\/08\/100811_Verein.jpg\"><img decoding=\"async\" title=\"100811_Verein\" src=\"..\/wp-content\/uploads\/2010\/08\/100811_Verein-265x176.jpg\" alt=\"\" width=\"265\" height=\"176\" \/><\/a><\/p>\n<p>P\u00fcnktlich um 10.00 Uhr begann dann die au\u00dfergew\u00f6hnliche \u201eMusikparty\u201c. Nach einer kurzen Begr\u00fc\u00dfungsrede durch den Leiter des Wehrbereichsmusikkorps III, Oberstleutnant Roland Kahle, begann die Orchesterprobe. Den G\u00e4sten wurden vorgef\u00fchrt, wie einzelne Musikpassagen des Yorckschen Marsches mit den unterschiedlichen Musikinstrumenten immer wieder wiederholt werden, um das perfekte Klangbild zu bekommen.<\/p>\n<p>Nach der \u00dcbungsstunde hatten die Jungmusiker die Chance einmal gemeinsam mit den Milit\u00e4rmusikern ein Musikst\u00fcck zu spielen. Die Begeisterung stand anschlie\u00dfend den Jugendlichen noch ins Gesicht geschrieben. \u201eEs war einfach Klasse. Die Proben waren wie in unserem Orchester, nur nicht so exakt\u201c, sagten Laura Will und Andreas Krause vom Original Schwarzbachtaler-Orchester. Beide Sch\u00fcler sind begeisterte Trompeter in ihrem Jugendorchester. Im Anschluss konnten die G\u00e4ste in den beiden kleinen Prober\u00e4umen noch Kostproben der Swingband, der Tanzcombo sowie im gro\u00dfen Proberaum der kleinen Egerl\u00e4nder-Besetzung h\u00f6ren. Dabei blieb bei keinem der Musiker ein Fu\u00df ruhig auf dem Fu\u00dfboden stehen, es wurde einfach mitgeswingt.<\/p>\n<p><strong>Lob f\u00fcr die Musiker<\/strong><\/p>\n<p>In einem ersten Gespr\u00e4ch hat sich der Leiter des Biebertaler &#8211; Orchesters, Christoph M\u00fcglich, gemeinsam mit Uwe Menzel lobend \u00fcber diese Veranstaltung ausgesprochen. Ihre Einsch\u00e4tzungen war schlicht und einfach: \u201eDiese Musik ist so, als wenn wir auf der Autobahn fahren und dann pl\u00f6tzlich in ein Feld abrutschen,\u00c2\u00a0 aber das sind eben \u201eProfis\u201c. Wir k\u00f6nnen aber das Eine oder Andere f\u00fcr unsere zuk\u00fcnftigen Proben in unseren Orchestern\u00c2\u00a0 mitnehmen\u201c.<\/p>\n<p><a href=\"http:\/\/www.fuldaer-nachrichten.de\/wp-content\/uploads\/2010\/08\/100811_Musikern.jpg\"><img loading=\"lazy\" decoding=\"async\" class=\"alignnone size-thumbnail wp-image-66633\" title=\"100811_Musikern\" src=\"http:\/\/www.fuldaer-nachrichten.de\/wp-content\/uploads\/2010\/08\/100811_Musikern-265x176.jpg\" alt=\"\" width=\"265\" height=\"176\" srcset=\"https:\/\/www.fuldaernachrichten.de\/wp-content\/uploads\/2010\/08\/100811_Musikern-265x176.jpg 265w, https:\/\/www.fuldaernachrichten.de\/wp-content\/uploads\/2010\/08\/100811_Musikern.jpg 592w\" sizes=\"(max-width: 265px) 100vw, 265px\" \/><\/a> <a href=\"http:\/\/www.fuldaer-nachrichten.de\/wp-content\/uploads\/2010\/08\/100811_Gasttrompeter.jpg\"><img loading=\"lazy\" decoding=\"async\" class=\"alignnone size-thumbnail wp-image-66634\" title=\"100811_Gasttrompeter\" src=\"http:\/\/www.fuldaer-nachrichten.de\/wp-content\/uploads\/2010\/08\/100811_Gasttrompeter-265x176.jpg\" alt=\"\" width=\"265\" height=\"176\" srcset=\"https:\/\/www.fuldaernachrichten.de\/wp-content\/uploads\/2010\/08\/100811_Gasttrompeter-265x176.jpg 265w, https:\/\/www.fuldaernachrichten.de\/wp-content\/uploads\/2010\/08\/100811_Gasttrompeter.jpg 592w\" sizes=\"(max-width: 265px) 100vw, 265px\" \/><\/a><\/p>\n<p>In einer lockeren Fragestunde gab Musikoffizier Thomas Schmidtpeter, nach dem Mittagessen den Besuchern einen \u00dcberblick \u00fcber die Aufgaben und Struktur des Wehrbereichsmusikkorps III sowie die Voraussetzungen zur Einberufung als Milit\u00e4rmusiker.<\/p>\n<p><strong>Gemeinsames Marschieren<\/strong><\/p>\n<p>Im Anschluss gab es die \u201eMarschausbildung\u201c der Musiker. Oberstleutnant Kahle lies die Soldaten in Richtung Parkplatz mit Musik in Marschformation aufmarschieren. Die G\u00e4ste beobachten dabei genau die Abl\u00e4ufe der Bewegungen der Soldaten. Nach einigen trockenen Marsch\u00fcbungen und mehrfachen Hinweisen zur K\u00f6rperhaltung im \u201eStillgestanden\u201c bei den Soldatinnen und Soldaten wurden acht freiwillige Mitwirkende gesucht. Sie sollten einmal mit den Soldaten gemeinsam mitmarschieren, um zu sehen, was dabei alles zu beachten ist. Willy Martin (76) war einer der Ersten, der sich f\u00fcr diesen Spa\u00df\u00c2\u00a0 bereit erkl\u00e4rt hatte. Herr Martin, ein gedienter Reservist, wurde 1952 in die Henne-Kaserne einberufen und wechselte anschlie\u00dfend zur Erfurter Polizei, stand in der ersten Rotte bei den Milit\u00e4rmusikern. Er gab zwar sein Bestes, aber der \u201eChef\u201c des Musikkorps hatte auch bei ihm etwas zu bem\u00e4ngeln.<\/p>\n<p><a href=\"..\/wp-content\/uploads\/2010\/08\/100811_Buergermeister.jpg\"><img loading=\"lazy\" decoding=\"async\" title=\"100811_Buergermeister\" src=\"..\/wp-content\/uploads\/2010\/08\/100811_Buergermeister-265x176.jpg\" alt=\"\" width=\"265\" height=\"176\" \/><\/a> <a href=\"..\/wp-content\/uploads\/2010\/08\/100811_Aktion.jpg\"><img loading=\"lazy\" decoding=\"async\" title=\"100811_Aktion\" src=\"..\/wp-content\/uploads\/2010\/08\/100811_Aktion-265x176.jpg\" alt=\"\" width=\"265\" height=\"176\" \/><\/a><\/p>\n<p><a href=\"http:\/\/www.fuldaer-nachrichten.de\/wp-content\/uploads\/2010\/08\/100811_Stillgestanden.jpg\"><img loading=\"lazy\" decoding=\"async\" class=\"alignnone size-thumbnail wp-image-66639\" title=\"100811_Stillgestanden\" src=\"http:\/\/www.fuldaer-nachrichten.de\/wp-content\/uploads\/2010\/08\/100811_Stillgestanden-265x176.jpg\" alt=\"\" width=\"265\" height=\"176\" srcset=\"https:\/\/www.fuldaernachrichten.de\/wp-content\/uploads\/2010\/08\/100811_Stillgestanden-265x176.jpg 265w, https:\/\/www.fuldaernachrichten.de\/wp-content\/uploads\/2010\/08\/100811_Stillgestanden.jpg 592w\" sizes=\"(max-width: 265px) 100vw, 265px\" \/><\/a> <a href=\"http:\/\/www.fuldaer-nachrichten.de\/wp-content\/uploads\/2010\/08\/100811_Marschformation.jpg\"><img loading=\"lazy\" decoding=\"async\" class=\"alignnone size-thumbnail wp-image-66640\" title=\"100811_Marschformation\" src=\"http:\/\/www.fuldaer-nachrichten.de\/wp-content\/uploads\/2010\/08\/100811_Marschformation-265x176.jpg\" alt=\"\" width=\"265\" height=\"176\" srcset=\"https:\/\/www.fuldaernachrichten.de\/wp-content\/uploads\/2010\/08\/100811_Marschformation-265x176.jpg 265w, https:\/\/www.fuldaernachrichten.de\/wp-content\/uploads\/2010\/08\/100811_Marschformation.jpg 592w\" sizes=\"(max-width: 265px) 100vw, 265px\" \/><\/a><\/p>\n<p>Stark vertreten waren die Besucher aus Hofbieber. Sie haben die anderen freien Pl\u00e4tze in der Marschordung eingenommen. Dann wurde es ernst, denn nach dem Befehl \u201eim Gleichschritt &#8211; Marsch\u201c, setzte sich die gemischte Formation in Bewegung. Mit einem Milit\u00e4rmarsch versuchte die gemischte Formation den Gleichschritt zu halten, was auch fast gelang. Die Auswertung durch den Chef des Musikkorps sagte jedoch etwas anderes. Nach einigen Hinweisen zur exakten K\u00f6rperhaltung wurde diese \u00dcbung nochmals wiederholt und es klappte anschlie\u00dfend besser. Der Beifall der Zuschauer war f\u00fcr die Gastmarschierer der Lohn f\u00fcr ihren bewiesenen Mut.<\/p>\n<p>Am Ende des Tages war es f\u00fcr alle Teilnehmer wie auch f\u00fcr die Milit\u00e4rmusiker eine gelungene Veranstaltung. Man ist sich n\u00e4her gekommen mit der guten Absicht, die gekn\u00fcpften Kontakte k\u00fcnftig zu vertiefen.<\/p>\n<p>Bilder: Tino Arnold<\/p>\n","protected":false},"excerpt":{"rendered":"<div class=\"tmnf_excerpt\"><p>Erfurt. \u201eSchnuppern einmal anders\u201c, das war das Motto der beiden Organisatoren des zweiten Schnuppertages beim Erfurter Wehrbereichsmusikkorps III. Hauptfeldwebel Bettina Gmeiner und Oberfeldwebel Tim J\u00fcrgen K\u00f6ddritzsch, beide Milit\u00e4rmusiker im Wehrbereichsmusikkorps und verantwortlich f\u00fcr die Nachwuchsgewinnung, haben deshalb am 10. August 2010 in die Prober\u00e4ume auf den Erfurter Steiger geladen. \u201eUnser Ziel ist es, den interessierten &hellip;<\/p>\n<\/div>","protected":false},"author":1,"featured_media":0,"comment_status":"closed","ping_status":"closed","sticky":false,"template":"","format":"standard","meta":{"footnotes":""},"categories":[1],"tags":[],"class_list":["post-66630","post","type-post","status-publish","format-standard","hentry","category-startseite"],"_links":{"self":[{"href":"https:\/\/www.fuldaernachrichten.de\/index.php?rest_route=\/wp\/v2\/posts\/66630","targetHints":{"allow":["GET"]}}],"collection":[{"href":"https:\/\/www.fuldaernachrichten.de\/index.php?rest_route=\/wp\/v2\/posts"}],"about":[{"href":"https:\/\/www.fuldaernachrichten.de\/index.php?rest_route=\/wp\/v2\/types\/post"}],"author":[{"embeddable":true,"href":"https:\/\/www.fuldaernachrichten.de\/index.php?rest_route=\/wp\/v2\/users\/1"}],"replies":[{"embeddable":true,"href":"https:\/\/www.fuldaernachrichten.de\/index.php?rest_route=%2Fwp%2Fv2%2Fcomments&post=66630"}],"version-history":[{"count":3,"href":"https:\/\/www.fuldaernachrichten.de\/index.php?rest_route=\/wp\/v2\/posts\/66630\/revisions"}],"predecessor-version":[{"id":66707,"href":"https:\/\/www.fuldaernachrichten.de\/index.php?rest_route=\/wp\/v2\/posts\/66630\/revisions\/66707"}],"wp:attachment":[{"href":"https:\/\/www.fuldaernachrichten.de\/index.php?rest_route=%2Fwp%2Fv2%2Fmedia&parent=66630"}],"wp:term":[{"taxonomy":"category","embeddable":true,"href":"https:\/\/www.fuldaernachrichten.de\/index.php?rest_route=%2Fwp%2Fv2%2Fcategories&post=66630"},{"taxonomy":"post_tag","embeddable":true,"href":"https:\/\/www.fuldaernachrichten.de\/index.php?rest_route=%2Fwp%2Fv2%2Ftags&post=66630"}],"curies":[{"name":"wp","href":"https:\/\/api.w.org\/{rel}","templated":true}]}}