{"id":66627,"date":"2010-08-12T01:09:49","date_gmt":"2010-08-11T23:09:49","guid":{"rendered":"http:\/\/www.fuldaer-nachrichten.de\/?p=66627"},"modified":"2010-08-12T09:10:04","modified_gmt":"2010-08-12T07:10:04","slug":"wer-viel-arbeitet-lernt-viel-startschuss-neue-tegut-klasse-in-dualer-ausbildung-im-bildungsunternehmen-dr-jordan","status":"publish","type":"post","link":"https:\/\/www.fuldaernachrichten.de\/?p=66627","title":{"rendered":"\u201eWer viel arbeitet, lernt viel\u201c Startschuss: Neue tegut\u00e2\u20ac\u00a6-Klasse in dualer Ausbildung im Bildungsunternehmen Dr. Jordan"},"content":{"rendered":"<p><strong><a href=\"http:\/\/www.fuldaer-nachrichten.de\/wp-content\/uploads\/2010\/08\/100811_Startschuss.jpg\"><img decoding=\"async\" class=\"alignleft size-thumbnail wp-image-66628\" title=\"100811_Startschuss\" src=\"http:\/\/www.fuldaer-nachrichten.de\/wp-content\/uploads\/2010\/08\/100811_Startschuss-265x147.jpg\" alt=\"\" width=\"265\" height=\"147\" srcset=\"https:\/\/www.fuldaernachrichten.de\/wp-content\/uploads\/2010\/08\/100811_Startschuss-265x147.jpg 265w, https:\/\/www.fuldaernachrichten.de\/wp-content\/uploads\/2010\/08\/100811_Startschuss.jpg 592w\" sizes=\"(max-width: 265px) 100vw, 265px\" \/><\/a>Fulda. <\/strong>\u201eSaugen Sie das Wissen, das wir Ihnen vermitteln, wie ein Staubsauger auf. Mit viel Engagement und dem entsprechenden Ma\u00df an Wissbegier k\u00f6nnen Sie es bis an die Spitze schaffen.\u201c Mit dieser bildhaften optimistischen Botschaft begr\u00fc\u00dfte Dr. Lothar Jordan, Inhaber und Direktor des gleichnamigen Bildungsunternehmens, 19 Studentinnen und Studenten der neuen tegut\u00e2\u20ac\u00a6 Klasse, die in der privaten Bildungseinrichtung in der Fuldaer Rabanusstra\u00dfe eine dreij\u00e4hrige, duale Ausbildung zum \u201estaatlich gepr\u00fcften Betriebswirt\/in\u201c durchlaufen. \u201eGemeinsam mit der tegut\u00e2\u20ac\u00a6 Gutberlet Stiftung und Co. k\u00f6nnen wir auf eine seit Jahren erfolgreiche Zusammenarbeit zur\u00fcckblicken \u2013 Sie sind bereits der elfte Jahrgang, der hier den Fachschul-Abschluss erwirbt. Gleichzeitig ist es uns eine Freude und gro\u00dfe Ehre, Sie heute hier zum Start des ersten Semesters willkommen hei\u00dfen zu k\u00f6nnen. Ich bin sicher, die Ressourcen beider Unternehmen sind in dieser Kooperation gut geb\u00fcndelt.\u201c<!--more--><\/p>\n<p>Den hohen Stellenwert von Mut und Einsatzbereitschaft auf dem Weg zu beruflichem Erfolg unterstrich ebenso tegut\u00e2\u20ac\u00a6-Vorstand Wolfgang Gutberlet: \u201eEs ist eine Massenfrivolit\u00e4t zu glauben, ankommen zu k\u00f6nnen, ohne den Weg gegangen zu sein.\u201c Es reiche nicht aus, lediglich einen Wunsch oder ein Ziel zu haben. Essentiell sei vielmehr, selbst aktiv zu werden, etwas anzupacken \u2013 vor allem innerhalb des Studiums. Zur Untermauerung seiner These verwies Wolfgang Gutberlet auf das amerikanische Sprichwort: \u201eUse it or loose it.\u201c \u00dcbertragen bedeute dies, die Jugend ist die beste Zeit, um zu lernen. Denn: \u201eNur wer viel arbeitet, lernt viel\u201c, so Wolfgang Gutberlet, der den Studentinnen und Studenten r\u00e4t: \u201eSie stehen jetzt vor der Tat, Sie stehen am Anfang eines Weges. Diese neue Herausforderung wird Ihre Willenskr\u00e4fte in Anspruch nehmen. Gehen Sie an Ihre Grenzen und haben Sie keine Angst, denn Angst ist ein schlechter Ratgeber, wie der Volksmund lehrt.\u201c<\/p>\n<p>Einen guten Start in die Schulphase, viel Erfolg und \u201edas n\u00f6tige Qu\u00e4ntchen Gl\u00fcck\u201c w\u00fcnschte ebenso Karl-Heinz Brand, tegut\u00e2\u20ac\u00a6 Gesch\u00e4ftsleitung Mensch und Arbeit. \u201e\u00dcber die tegut\u00e2\u20ac\u00a6Stipendien bieten wir seit Jahren jungen Menschen die Chance, auf eine F\u00fchrungsposition hinzuarbeiten. Ihnen stehen alle T\u00fcren offen, in unserem Unternehmen eine erfolgreiche Richtung einzuschlagen.\u201c Besonders der duale Weg erm\u00f6gliche es, die aktuelle Theorie mit der gelebten Praxis und Organisation im Unternehmen zu verkn\u00fcpfen.<\/p>\n<p>\u201eWir treten an, um Sie als F\u00fchrungskr\u00e4fte auszubilden und auf Ihre verantwortlichen Positionen optimal vorzubereiten. Dazu vermitteln wir Ihnen fachliche Kompetenz in den verschiedensten F\u00e4chern. F\u00fchrungskompetenzen gehen jedoch weit \u00fcber das Fachliche hinaus und enden bei Ihnen selbst.\u201c Studienleiter Dr. G\u00fcnter Solf betonte stellvertretend f\u00fcr das Dozententeam im Bildungsunternehmen Dr. Jordan, dass F\u00e4higkeiten, die nicht gelebt werden, nicht existieren. Und an die neue tegut\u00e2\u20ac\u00a6-Klasse gerichtet, empfahl er: \u201eNutzen Sie die kommenden Jahre und investieren Sie in Ihre eigene Zukunft.\u201c<\/p>\n<p>Anschie\u00dfend konnten die 19 Studentinnen und Studenten als solide Basis f\u00fcr den neuen Lebensabschnitt eine tegut\u00e2\u20ac\u00a6 K\u00fchltasche mit zahlreichen guten Lebensmitteln \u2013 vom tegut\u00e2\u20ac\u00a6 Eigenmarken-Saft bis hin zu leckeren Knabbereien in Bio-Qualit\u00e4t \u2013 aus den H\u00e4nden von Dr. Lothar Jordan, Dr. G\u00fcnter Solf, Wolfgang Gutberlet und Karl-Heinz Brand entgegennehmen. Am fr\u00fchen Nachmittag hatte die neue tegut\u00e2\u20ac\u00a6-Klasse dann bereits Gelegenheit, einen ersten Unterrichtsabschnitt zu meistern.<\/p>\n","protected":false},"excerpt":{"rendered":"<div class=\"tmnf_excerpt\"><p>Fulda. \u201eSaugen Sie das Wissen, das wir Ihnen vermitteln, wie ein Staubsauger auf. Mit viel Engagement und dem entsprechenden Ma\u00df an Wissbegier k\u00f6nnen Sie es bis an die Spitze schaffen.\u201c Mit dieser bildhaften optimistischen Botschaft begr\u00fc\u00dfte Dr. Lothar Jordan, Inhaber und Direktor des gleichnamigen Bildungsunternehmens, 19 Studentinnen und Studenten der neuen tegut\u00e2\u20ac\u00a6 Klasse, die in &hellip;<\/p>\n<\/div>","protected":false},"author":1,"featured_media":0,"comment_status":"closed","ping_status":"closed","sticky":false,"template":"","format":"standard","meta":{"footnotes":""},"categories":[1,53],"tags":[],"class_list":["post-66627","post","type-post","status-publish","format-standard","hentry","category-startseite","category-bildung"],"_links":{"self":[{"href":"https:\/\/www.fuldaernachrichten.de\/index.php?rest_route=\/wp\/v2\/posts\/66627","targetHints":{"allow":["GET"]}}],"collection":[{"href":"https:\/\/www.fuldaernachrichten.de\/index.php?rest_route=\/wp\/v2\/posts"}],"about":[{"href":"https:\/\/www.fuldaernachrichten.de\/index.php?rest_route=\/wp\/v2\/types\/post"}],"author":[{"embeddable":true,"href":"https:\/\/www.fuldaernachrichten.de\/index.php?rest_route=\/wp\/v2\/users\/1"}],"replies":[{"embeddable":true,"href":"https:\/\/www.fuldaernachrichten.de\/index.php?rest_route=%2Fwp%2Fv2%2Fcomments&post=66627"}],"version-history":[{"count":2,"href":"https:\/\/www.fuldaernachrichten.de\/index.php?rest_route=\/wp\/v2\/posts\/66627\/revisions"}],"predecessor-version":[{"id":66700,"href":"https:\/\/www.fuldaernachrichten.de\/index.php?rest_route=\/wp\/v2\/posts\/66627\/revisions\/66700"}],"wp:attachment":[{"href":"https:\/\/www.fuldaernachrichten.de\/index.php?rest_route=%2Fwp%2Fv2%2Fmedia&parent=66627"}],"wp:term":[{"taxonomy":"category","embeddable":true,"href":"https:\/\/www.fuldaernachrichten.de\/index.php?rest_route=%2Fwp%2Fv2%2Fcategories&post=66627"},{"taxonomy":"post_tag","embeddable":true,"href":"https:\/\/www.fuldaernachrichten.de\/index.php?rest_route=%2Fwp%2Fv2%2Ftags&post=66627"}],"curies":[{"name":"wp","href":"https:\/\/api.w.org\/{rel}","templated":true}]}}