{"id":66620,"date":"2010-08-13T04:18:06","date_gmt":"2010-08-13T02:18:06","guid":{"rendered":"http:\/\/www.fuldaer-nachrichten.de\/?p=66620"},"modified":"2010-08-12T09:18:15","modified_gmt":"2010-08-12T07:18:15","slug":"herbst-winterprogramm-der-vhs-stadt-fulda-online-buchen-unter-www-vhsfulda-de","status":"publish","type":"post","link":"https:\/\/www.fuldaernachrichten.de\/?p=66620","title":{"rendered":"Herbst-\/Winterprogramm der VHS Stadt Fulda &#8211; Online buchen unter www.vhsfulda.de"},"content":{"rendered":"<p><strong><a href=\"http:\/\/www.fuldaer-nachrichten.de\/wp-content\/uploads\/2010\/08\/100811_Titelbild.jpg\"><img fetchpriority=\"high\" decoding=\"async\" class=\"alignleft size-thumbnail wp-image-66621\" title=\"100811_Titelbild\" src=\"http:\/\/www.fuldaer-nachrichten.de\/wp-content\/uploads\/2010\/08\/100811_Titelbild-265x374.jpg\" alt=\"\" width=\"265\" height=\"374\" srcset=\"https:\/\/www.fuldaernachrichten.de\/wp-content\/uploads\/2010\/08\/100811_Titelbild-265x374.jpg 265w, https:\/\/www.fuldaernachrichten.de\/wp-content\/uploads\/2010\/08\/100811_Titelbild.jpg 399w\" sizes=\"(max-width: 265px) 100vw, 265px\" \/><\/a>Fulda.<\/strong> Das neue Herbst-\/Winter-Programm der Volkshochschule der Stadt Fulda (vhs) ist erschienen. Es ist in der vhs-Gesch\u00e4ftsstelle, Unterm Heilig Kreuz 1, und im B\u00fcrgerb\u00fcro erh\u00e4ltlich. Au\u00dferdem liegt es in den Buchhandlungen und Filialen der Banken und Sparkassen aus. Neben dem bew\u00e4hrten Grundangebot zu Sprachen, Gesundheit und Beruf gibt es wieder zahlreiche kulturelle Glanzlichter, auf die Fuldas Oberb\u00fcrgermeister und Kulturdezernent Gerhard M\u00f6ller in einer Pressemitteilung hinweist.<\/p>\n<p><strong>Vortrag zur Semester-Er\u00f6ffnung mit Dr. Marc Bangert<\/strong><\/p>\n<p>Nach dem gro\u00dfen Erfolg des Semester er\u00f6ffnenden Vortrages im vergangenen Herbst wird der 1970 in Fulda geborene Dr. Marc Bangert eine Fortsetzung seines Vortrages \u201eWarum der Kopf beim Denken raucht\u201c geben. Wieder geht es um neueste Erkenntnisse der Gehirnforschung.<\/p>\n<p><strong>Philosophische Reihe: <\/strong><\/p>\n<p><strong>Sinn. Was die Welt im Innersten zusammen h\u00e4lt<\/strong><\/p>\n<p>Die philosophische Reihe mit Dr. Christoph Quarch wird auch in diesem Herbstsemester im Rokokosaal des Palais Altensteins fortgesetzt. Dr. Quarch spricht an vier Abenden\u00c2\u00a0 zu Fragen von Sinn und Gl\u00fcck im menschlichen Leben und gibt Antworten, die Philosophie und Philosophiegeschichte auf diese Fragen bereit h\u00e4lt.<!--more--><\/p>\n<p>Als weitere kulturelle Glanzlichter sind angek\u00fcndigt ein Abend mit \u201eLieder und Satiren von Kurt Tucholsky\u201c und das neue Literaturseminar von Dr. Martin Krieger, \u00fcber die neueste deutschsprachige Literatur der Jahre zwischen 2000 und 2003. Der Fuldaer Journalist und Mitbegr\u00fcnder der vhs-Reihe \u201eKulturbegegnungen mit Fuldaer K\u00f6pfen\u201c, Uwe-Bernd Herchen, macht an einem heiteren musikalisch-literarischen Streifzug mit zahlreichen Beispielen bekannt, in denen Goethes \u201eFaust\u201c in der Musikwelt seinen Niederschlag gefunden hat.<\/p>\n<p><strong>Tagesfahrten und Studienreisen<\/strong><\/p>\n<p>Traditionell gut gef\u00fcllt ist der vhs-Veranstaltungskalender f\u00fcr die Kultur- und Studienfahrten im Herbst. Tagesfahrten f\u00fchren nach Berlin, zur Landesgartenschau nach Bad Nauheim und zur Ausstellung \u201eMythos Burg\u201c im Germanischen Nationalmuseum in N\u00fcrnberg. Dar\u00fcber hinaus steht das Weltkulturerbe \u201eGrube Messel\u201c und die Ausstellung \u201eKlima als Erlebnis\u201c in Bremerhaven auf dem Programm. Eine mehrt\u00e4gige Studienreise unter ornithologischer Fragestellung f\u00fchrt auf die Hochseeinsel Helgoland. Eine Reise in die USA mit dem Ziel New York, Philadelphia und Washington sieht auch einen Besuch in Fuldas Partnerstadt Wilmington vor.<\/p>\n<p><strong>Geschichte und politische Bildung<\/strong><\/p>\n<p>Vortr\u00e4ge im Fachbereich Geschichte gibt es zum Thema \u201eFulda im 2. Weltkrieg\u201c und \u00fcber die \u201eSchlacht auf dem M\u00fcnsterfeld\u201c im Siebenj\u00e4hrigen Krieg. Zwei Wochenendseminare zur politischen Bildung stehen unter dem Titel \u201eWie funktioniert das in meiner Gemeinde? \u2013 Kommunalrecht f\u00fcr Einsteiger\u201c. Als weitere Neuerung ist eine philosophische Vortragsreihe am Vormittag vorgesehen, die mit gro\u00dfen Denkerinnen und Denkern des 20. Jahrhunderts vertraut machen will.<\/p>\n<p><strong>Semesterthema Klimawandel<\/strong><\/p>\n<p>In Kooperation mit dem Hess. Rundfunk und dem HR 2 \u2013Funkkolleg \u201eMensch und Klima: Wetter im Wandel\u201c wird es einen Begleitzirkel geben. In der gleichen Reihe bietet die vhs Vortragsabende und Diskussionen zum Thema \u201eKlimawandel und gesellschaftliche Auswirkungen\u201c an.<\/p>\n<p><strong>vhs im Museum<\/strong><\/p>\n<p>In der Reihe \u201evhs im Museum\u201c werden wieder neue ausgew\u00e4hlte Themen zur Geschichte und Geographie der Stadt und Region Fulda aufgegriffen. Es gibt ein Streiflicht \u00fcber die Landschaftsmalerei in der Rh\u00f6n, einen Vortrag \u00fcber \u201e2000 Jahre Kulturlandschafts- und Klimageschichte der Rh\u00f6n\u201c, aufgezeigt am Pollendiagramm des Roten Moores und eine F\u00fchrung durch das Vonderau Museum unter dem Thema \u201eDie Bronzezeit \u2013 das goldene Zeitalter Europas\u201c.<\/p>\n<p><strong>Moderate Geb\u00fchrenerhebung<\/strong><\/p>\n<p>In seinem Gru\u00dfwort zum neu erschienenen vhs-Programm weist Fuldas Oberb\u00fcrgermeister und Kulturdezernent noch einmal auf die Notwendigkeit einer moderaten Geb\u00fchrenerh\u00f6hung hin. Oberstes Ziel des kommunalpolitischen Handelns \u2013 so Fuldas Kulturdezernent \u2013 sei es trotz der notwendigen unumg\u00e4nglichen Sparma\u00dfnahmen \u201eUnser Kultur- und Bildungsprogramm im wesentlichen Kern aufrechtzuerhalten\u201c. Dar\u00fcber hinaus sind f\u00fcr Bezieher von Arbeitslosengeld I und II sowie kinderreichen Familien die M\u00f6glichkeiten zur Geb\u00fchrenerm\u00e4\u00dfigung erhalten geblieben. \u201eUnser anspruchsvolles Bildungs- und Kulturprogramm\u201c so Fuldas Kulturdezernent, \u201esoll f\u00fcr alle Bev\u00f6lkerungskreise erreichbar und erschwinglich bleiben.\u201c<\/p>\n<p>Das Programm der st\u00e4dtischen Volkshochschule ist auch im Internet einsehbar: <a href=\"http:\/\/www.vhsfulda.de\/\">www.vhsfulda.de<\/a> Anmeldungen in der vhs-Gesch\u00e4ftsstelle, Unterm Hl. Kreuz 1, und unter der Tel.-Nr.: 0661\/102-1477 o. -1474.<\/p>\n","protected":false},"excerpt":{"rendered":"<div class=\"tmnf_excerpt\"><p>Fulda. Das neue Herbst-\/Winter-Programm der Volkshochschule der Stadt Fulda (vhs) ist erschienen. Es ist in der vhs-Gesch\u00e4ftsstelle, Unterm Heilig Kreuz 1, und im B\u00fcrgerb\u00fcro erh\u00e4ltlich. Au\u00dferdem liegt es in den Buchhandlungen und Filialen der Banken und Sparkassen aus. Neben dem bew\u00e4hrten Grundangebot zu Sprachen, Gesundheit und Beruf gibt es wieder zahlreiche kulturelle Glanzlichter, auf die &hellip;<\/p>\n<\/div>","protected":false},"author":1,"featured_media":0,"comment_status":"closed","ping_status":"closed","sticky":false,"template":"","format":"standard","meta":{"footnotes":""},"categories":[1],"tags":[],"class_list":["post-66620","post","type-post","status-publish","format-standard","hentry","category-startseite"],"_links":{"self":[{"href":"https:\/\/www.fuldaernachrichten.de\/index.php?rest_route=\/wp\/v2\/posts\/66620","targetHints":{"allow":["GET"]}}],"collection":[{"href":"https:\/\/www.fuldaernachrichten.de\/index.php?rest_route=\/wp\/v2\/posts"}],"about":[{"href":"https:\/\/www.fuldaernachrichten.de\/index.php?rest_route=\/wp\/v2\/types\/post"}],"author":[{"embeddable":true,"href":"https:\/\/www.fuldaernachrichten.de\/index.php?rest_route=\/wp\/v2\/users\/1"}],"replies":[{"embeddable":true,"href":"https:\/\/www.fuldaernachrichten.de\/index.php?rest_route=%2Fwp%2Fv2%2Fcomments&post=66620"}],"version-history":[{"count":2,"href":"https:\/\/www.fuldaernachrichten.de\/index.php?rest_route=\/wp\/v2\/posts\/66620\/revisions"}],"predecessor-version":[{"id":66716,"href":"https:\/\/www.fuldaernachrichten.de\/index.php?rest_route=\/wp\/v2\/posts\/66620\/revisions\/66716"}],"wp:attachment":[{"href":"https:\/\/www.fuldaernachrichten.de\/index.php?rest_route=%2Fwp%2Fv2%2Fmedia&parent=66620"}],"wp:term":[{"taxonomy":"category","embeddable":true,"href":"https:\/\/www.fuldaernachrichten.de\/index.php?rest_route=%2Fwp%2Fv2%2Fcategories&post=66620"},{"taxonomy":"post_tag","embeddable":true,"href":"https:\/\/www.fuldaernachrichten.de\/index.php?rest_route=%2Fwp%2Fv2%2Ftags&post=66620"}],"curies":[{"name":"wp","href":"https:\/\/api.w.org\/{rel}","templated":true}]}}