{"id":66614,"date":"2010-08-12T03:12:27","date_gmt":"2010-08-12T01:12:27","guid":{"rendered":"http:\/\/www.fuldaer-nachrichten.de\/?p=66614"},"modified":"2010-08-12T09:12:50","modified_gmt":"2010-08-12T07:12:50","slug":"gesellige-weinrunde-bei-waeck-woarscht-on-wie-am-kommenden-samstag","status":"publish","type":"post","link":"https:\/\/www.fuldaernachrichten.de\/?p=66614","title":{"rendered":"Gesellige Weinrunde bei &#8220;W\u00e4ck, Woarscht on Wie&#8221; am kommenden Samstag"},"content":{"rendered":"<p><strong>Fulda. <\/strong>Am Samstag, dem 14. August, ist es wieder so weit. Da treffen sich Weinfreunde und Interessierte im Garten der Weingeschichte unterhalb des Kloster Frauenberg. Verkostet werden k\u00f6nnen Weine aus 5 deutschen Weinanbaugebieten zu einer traditionellen Winzermalzeit mit Fuldaer Wurst und Frauenberger W\u00e4ck \u2013 und weingeistreichen Gespr\u00e4chen. Es wird aber auch Wein und Sekt angeboten, der aus Trauben gekeltert wurde, der hier in Fulda unterhalb des Klosters gereift ist. Eingeladen sind alle, die den Weinberg am Fuldaer Frauenberg bis heute noch nicht kennen, aber auch jene, die mittlerweile zu den regelm\u00e4\u00dfigen Besuchern z\u00e4hlen. Um 14 Uhr gehts los, geschlossen wird um 18 Uhr.<\/p>\n","protected":false},"excerpt":{"rendered":"<div class=\"tmnf_excerpt\"><p>Fulda. Am Samstag, dem 14. August, ist es wieder so weit. Da treffen sich Weinfreunde und Interessierte im Garten der Weingeschichte unterhalb des Kloster Frauenberg. Verkostet werden k\u00f6nnen Weine aus 5 deutschen Weinanbaugebieten zu einer traditionellen Winzermalzeit mit Fuldaer Wurst und Frauenberger W\u00e4ck \u2013 und weingeistreichen Gespr\u00e4chen. Es wird aber auch Wein und Sekt angeboten, &hellip;<\/p>\n<\/div>","protected":false},"author":1,"featured_media":0,"comment_status":"closed","ping_status":"closed","sticky":false,"template":"","format":"standard","meta":{"footnotes":""},"categories":[1],"tags":[],"class_list":["post-66614","post","type-post","status-publish","format-standard","hentry","category-startseite"],"_links":{"self":[{"href":"https:\/\/www.fuldaernachrichten.de\/index.php?rest_route=\/wp\/v2\/posts\/66614","targetHints":{"allow":["GET"]}}],"collection":[{"href":"https:\/\/www.fuldaernachrichten.de\/index.php?rest_route=\/wp\/v2\/posts"}],"about":[{"href":"https:\/\/www.fuldaernachrichten.de\/index.php?rest_route=\/wp\/v2\/types\/post"}],"author":[{"embeddable":true,"href":"https:\/\/www.fuldaernachrichten.de\/index.php?rest_route=\/wp\/v2\/users\/1"}],"replies":[{"embeddable":true,"href":"https:\/\/www.fuldaernachrichten.de\/index.php?rest_route=%2Fwp%2Fv2%2Fcomments&post=66614"}],"version-history":[{"count":2,"href":"https:\/\/www.fuldaernachrichten.de\/index.php?rest_route=\/wp\/v2\/posts\/66614\/revisions"}],"predecessor-version":[{"id":66705,"href":"https:\/\/www.fuldaernachrichten.de\/index.php?rest_route=\/wp\/v2\/posts\/66614\/revisions\/66705"}],"wp:attachment":[{"href":"https:\/\/www.fuldaernachrichten.de\/index.php?rest_route=%2Fwp%2Fv2%2Fmedia&parent=66614"}],"wp:term":[{"taxonomy":"category","embeddable":true,"href":"https:\/\/www.fuldaernachrichten.de\/index.php?rest_route=%2Fwp%2Fv2%2Fcategories&post=66614"},{"taxonomy":"post_tag","embeddable":true,"href":"https:\/\/www.fuldaernachrichten.de\/index.php?rest_route=%2Fwp%2Fv2%2Ftags&post=66614"}],"curies":[{"name":"wp","href":"https:\/\/api.w.org\/{rel}","templated":true}]}}