{"id":66612,"date":"2010-08-12T03:10:36","date_gmt":"2010-08-12T01:10:36","guid":{"rendered":"http:\/\/www.fuldaer-nachrichten.de\/?p=66612"},"modified":"2010-08-12T09:10:51","modified_gmt":"2010-08-12T07:10:51","slug":"hohe-auszeichnung-fuer-fuldaer-feuerwehrchef-thomas-hinz","status":"publish","type":"post","link":"https:\/\/www.fuldaernachrichten.de\/?p=66612","title":{"rendered":"Hohe Auszeichnung f\u00fcr Fuldaer Feuerwehrchef Thomas Hinz"},"content":{"rendered":"<p><strong>Fulda.<\/strong> Nach einj\u00e4hrigem Studium und interdisziplin\u00e4rer Ausbildung an renommierten Feuerwehrschulen, der Verwaltungsakademie in Berlin und verschiedenen Brandschutzdienststellen im Bundesgebiet konnte der Leiter der Fuldaer Feuerwehr, Thomas Hinz (47) erfolgreich das Staatsexamen f\u00fcr die Laufbahn des h\u00f6heren feuerwehrtechnischen Dienstes beim Institut der Feuerwehr in M\u00fcnster ablegen.<!--more--><\/p>\n<p>Oberb\u00fcrgermeister Gerhard M\u00f6ller w\u00fcrdigte die guten Pr\u00fcfungsresultate. Er unterstrich nochmals, dass auch in Zeiten knapper Kassen die Investition in Aus- und Fortbildung und damit in die aktive Personalentwicklung gut angelegtes Kapital ist. Insbesondere die weiter steigenden Anforderungen an die Gefahrenabwehr stellen immer wieder eine Herausforderung an die Gemeinden, den Bund und die L\u00e4nder dar. Besonders froh zeigte sich M\u00f6ller dar\u00fcber, dass es Hinz mit seinem Team gelungen ist, auch w\u00e4hrend der einj\u00e4hrigen Ausbildungszeit den Betrieb der Feuerwehr jederzeit auf hohem Niveau sich zu stellen.<\/p>\n<p><strong>Ernennung zum Brandrat<\/strong><\/p>\n<p>OB M\u00f6ller vollendete den Laufbahnwechsel in den h\u00f6heren feuerwehrtechnischen Dienst durch die Ernennung zum Brandrat.\u00c2\u00a0 Mit dieser Ausbildung, so betonte der Verwaltungschef, werde die Fach- und F\u00fchrungsqualit\u00e4t der Feuerwehr Fulda gest\u00e4rkt.<\/p>\n","protected":false},"excerpt":{"rendered":"<div class=\"tmnf_excerpt\"><p>Fulda. Nach einj\u00e4hrigem Studium und interdisziplin\u00e4rer Ausbildung an renommierten Feuerwehrschulen, der Verwaltungsakademie in Berlin und verschiedenen Brandschutzdienststellen im Bundesgebiet konnte der Leiter der Fuldaer Feuerwehr, Thomas Hinz (47) erfolgreich das Staatsexamen f\u00fcr die Laufbahn des h\u00f6heren feuerwehrtechnischen Dienstes beim Institut der Feuerwehr in M\u00fcnster ablegen.<\/p>\n<\/div>","protected":false},"author":1,"featured_media":0,"comment_status":"closed","ping_status":"closed","sticky":false,"template":"","format":"standard","meta":{"footnotes":""},"categories":[1,71],"tags":[],"class_list":["post-66612","post","type-post","status-publish","format-standard","hentry","category-startseite","category-feuerwehr"],"_links":{"self":[{"href":"https:\/\/www.fuldaernachrichten.de\/index.php?rest_route=\/wp\/v2\/posts\/66612","targetHints":{"allow":["GET"]}}],"collection":[{"href":"https:\/\/www.fuldaernachrichten.de\/index.php?rest_route=\/wp\/v2\/posts"}],"about":[{"href":"https:\/\/www.fuldaernachrichten.de\/index.php?rest_route=\/wp\/v2\/types\/post"}],"author":[{"embeddable":true,"href":"https:\/\/www.fuldaernachrichten.de\/index.php?rest_route=\/wp\/v2\/users\/1"}],"replies":[{"embeddable":true,"href":"https:\/\/www.fuldaernachrichten.de\/index.php?rest_route=%2Fwp%2Fv2%2Fcomments&post=66612"}],"version-history":[{"count":2,"href":"https:\/\/www.fuldaernachrichten.de\/index.php?rest_route=\/wp\/v2\/posts\/66612\/revisions"}],"predecessor-version":[{"id":66701,"href":"https:\/\/www.fuldaernachrichten.de\/index.php?rest_route=\/wp\/v2\/posts\/66612\/revisions\/66701"}],"wp:attachment":[{"href":"https:\/\/www.fuldaernachrichten.de\/index.php?rest_route=%2Fwp%2Fv2%2Fmedia&parent=66612"}],"wp:term":[{"taxonomy":"category","embeddable":true,"href":"https:\/\/www.fuldaernachrichten.de\/index.php?rest_route=%2Fwp%2Fv2%2Fcategories&post=66612"},{"taxonomy":"post_tag","embeddable":true,"href":"https:\/\/www.fuldaernachrichten.de\/index.php?rest_route=%2Fwp%2Fv2%2Ftags&post=66612"}],"curies":[{"name":"wp","href":"https:\/\/api.w.org\/{rel}","templated":true}]}}