{"id":66570,"date":"2010-08-11T02:00:24","date_gmt":"2010-08-11T00:00:24","guid":{"rendered":"http:\/\/www.fuldaer-nachrichten.de\/?p=66570"},"modified":"2010-08-11T08:00:35","modified_gmt":"2010-08-11T06:00:35","slug":"kurzzeitige-sperrungen-der-b-27-wegen-montage-von-brueckenelementen","status":"publish","type":"post","link":"https:\/\/www.fuldaernachrichten.de\/?p=66570","title":{"rendered":"Kurzzeitige Sperrungen der B 27 wegen Montage von Br\u00fcckenelementen"},"content":{"rendered":"<p><strong>H\u00fcnfeld. <\/strong>Wegen Br\u00fcckenbauarbeiten wird es am 18. August ab 22 Uhr zu kurzzeitigen Vollsperrungen auf der B 27 an der Anschlussstelle H\u00fcnfeld-Nord kommen. Wie die Verkehrsbeh\u00f6rde der Stadt H\u00fcnfeld und das Amt f\u00fcr Stra\u00dfen- und Verkehrswesen Fulda dazu mitteilen, sollen in dieser Nacht insgesamt sechs vormontierte Betonbr\u00fcckenteile \u00fcber der Fahrbahn der B 27 montiert werden. Dazu werden die Fertigteile mit einem gro\u00dfen Kran auf das Br\u00fcckenbauwerk gehoben, dessen Widerlager bereits errichtet sind. Die Polizei wird ab 22 Uhr jeweils f\u00fcr eine Viertelstunde den Verkehr komplett anhalten, bis die jeweiligen Br\u00fcckenelemente montiert und fest verankert sind. Insgesamt sollen in dieser Nacht sechs Elemente durch einen Kran von den Transportfahrzeugen zur Br\u00fccke gehoben und montiert werden.<\/p>\n","protected":false},"excerpt":{"rendered":"<div class=\"tmnf_excerpt\"><p>H\u00fcnfeld. Wegen Br\u00fcckenbauarbeiten wird es am 18. August ab 22 Uhr zu kurzzeitigen Vollsperrungen auf der B 27 an der Anschlussstelle H\u00fcnfeld-Nord kommen. Wie die Verkehrsbeh\u00f6rde der Stadt H\u00fcnfeld und das Amt f\u00fcr Stra\u00dfen- und Verkehrswesen Fulda dazu mitteilen, sollen in dieser Nacht insgesamt sechs vormontierte Betonbr\u00fcckenteile \u00fcber der Fahrbahn der B 27 montiert werden. &hellip;<\/p>\n<\/div>","protected":false},"author":1,"featured_media":0,"comment_status":"closed","ping_status":"closed","sticky":false,"template":"","format":"standard","meta":{"footnotes":""},"categories":[1,35],"tags":[],"class_list":["post-66570","post","type-post","status-publish","format-standard","hentry","category-startseite","category-auto"],"_links":{"self":[{"href":"https:\/\/www.fuldaernachrichten.de\/index.php?rest_route=\/wp\/v2\/posts\/66570","targetHints":{"allow":["GET"]}}],"collection":[{"href":"https:\/\/www.fuldaernachrichten.de\/index.php?rest_route=\/wp\/v2\/posts"}],"about":[{"href":"https:\/\/www.fuldaernachrichten.de\/index.php?rest_route=\/wp\/v2\/types\/post"}],"author":[{"embeddable":true,"href":"https:\/\/www.fuldaernachrichten.de\/index.php?rest_route=\/wp\/v2\/users\/1"}],"replies":[{"embeddable":true,"href":"https:\/\/www.fuldaernachrichten.de\/index.php?rest_route=%2Fwp%2Fv2%2Fcomments&post=66570"}],"version-history":[{"count":2,"href":"https:\/\/www.fuldaernachrichten.de\/index.php?rest_route=\/wp\/v2\/posts\/66570\/revisions"}],"predecessor-version":[{"id":66584,"href":"https:\/\/www.fuldaernachrichten.de\/index.php?rest_route=\/wp\/v2\/posts\/66570\/revisions\/66584"}],"wp:attachment":[{"href":"https:\/\/www.fuldaernachrichten.de\/index.php?rest_route=%2Fwp%2Fv2%2Fmedia&parent=66570"}],"wp:term":[{"taxonomy":"category","embeddable":true,"href":"https:\/\/www.fuldaernachrichten.de\/index.php?rest_route=%2Fwp%2Fv2%2Fcategories&post=66570"},{"taxonomy":"post_tag","embeddable":true,"href":"https:\/\/www.fuldaernachrichten.de\/index.php?rest_route=%2Fwp%2Fv2%2Ftags&post=66570"}],"curies":[{"name":"wp","href":"https:\/\/api.w.org\/{rel}","templated":true}]}}