{"id":66568,"date":"2010-08-11T03:00:42","date_gmt":"2010-08-11T01:00:42","guid":{"rendered":"http:\/\/www.fuldaer-nachrichten.de\/?p=66568"},"modified":"2010-08-11T08:00:51","modified_gmt":"2010-08-11T06:00:51","slug":"huenfelder-senioren-reisen-nach-worms-25-seniorenfahrt-der-stadt-am-16-september-2","status":"publish","type":"post","link":"https:\/\/www.fuldaernachrichten.de\/?p=66568","title":{"rendered":"H\u00fcnfelder Senioren reisen nach Worms &#8211; 25. Seniorenfahrt der Stadt am 16. September"},"content":{"rendered":"<p><strong>H\u00fcnfeld. <\/strong>Die H\u00fcnfelder Senioren reisen in diesem Jahr am Donnerstag, 16. September, nach Worms. An diesem Tag findet die 25. Seniorenfahrt der Stadt H\u00fcnfeld statt. Wie B\u00fcrgermeister Dr. Eberhard Fennel dazu mitteilt, haben in den zur\u00fcckliegenden 24 Jahren \u00fcber 8.000 Senioren aus H\u00fcnfeld an den Fahrten teilgenommen. Der Vorverkauf f\u00fcr die diesj\u00e4hrige Seniorenfahrt startet am Montag, 29. August. Karten sind im B\u00fcrgerb\u00fcro sowie bei allen Ortsvorstehern erh\u00e4ltlich. Aus organisatorischen Gr\u00fcnden k\u00f6nnen Karten bei den Ortsvorstehern nur bis zum 24. August erworben werden. Danach gibt es nur noch Karten im B\u00fcrgerb\u00fcro im Rathaus.<!--more--><\/p>\n<p>Bekannt ist Worms als Nibelungenstadt, als Lutherstadt und nat\u00fcrlich durch ihren romanischen Kaiserdom, der mit vielen geschichtlichen Ereignissen in Verbindung steht. In diesem Jahr wird die Fahrt wieder mit komfortablen Reisebussen durchgef\u00fchrt. Abfahrt ist um 7.30 Uhr am Festplatz Haselgrund. Die Teilnehmer werden gegen 10.15 Uhr in Worms eintreffen, wo zun\u00e4chst eine Stadtf\u00fchrung geplant ist. Anschlie\u00dfend haben die Fahrtteilnehmer bis 12.30 Uhr Zeit, die Stadt selbst zu erkunden, bevor gegen 13 Uhr die Frankonia am Hafen ablegt.<\/p>\n<p>Auf der Frankonia gibt es traditionell eine Tombola und die Ehrung der \u00e4ltesten Teilnehmer. Au\u00dferdem wird dort das Mittagessen gereicht. In gem\u00fctlicher Fahrt auf Rhein und Main geht es dann nach R\u00fcsselsheim, wo die Fahrtteilnehmer ihre Reisebusse f\u00fcr die R\u00fcckfahrt besteigen k\u00f6nnen. Unterwegs gibt es wieder ein rustikales Buffet zum Abschluss. Die Fahrtteilnehmer werden gegen 20.15 Uhr in H\u00fcnfeld eintreffen.<\/p>\n<p>Zur Betreuung stehen wieder ein Arzt und Mitarbeiter des Deutschen Roten Kreuzes sowie Mitglieder und Helfer der Kommission f\u00fcr Senioren und Soziales der Stadt H\u00fcnfeld zur Verf\u00fcgung. Auch in diesem Jahr werden wieder Gruppenfahrkarten angeboten. Die Gruppenfahrkarten garantieren einen Sitzplatz aller Mitglieder der Gruppe in einem Bus.<\/p>\n<p>Durch die finanzielle Unterst\u00fctzung der VR-Bank NordRh\u00f6n und der Sparkasse H\u00fcnfeld sowie die ehrenamtliche Mitarbeit von Mitgliedern der Kommission f\u00fcr Senioren und Soziales der Stadt H\u00fcnfeld und von Helfern des DRK konnte der Fahrpreis von 35 Euro beibehalten werden. Darin enthalten sind Fr\u00fchst\u00fcck und Bus, Stadtf\u00fchrung, die Schifffahrt, das Mittagessen und das rustikale Buffet.<\/p>\n","protected":false},"excerpt":{"rendered":"<div class=\"tmnf_excerpt\"><p>H\u00fcnfeld. Die H\u00fcnfelder Senioren reisen in diesem Jahr am Donnerstag, 16. September, nach Worms. An diesem Tag findet die 25. Seniorenfahrt der Stadt H\u00fcnfeld statt. Wie B\u00fcrgermeister Dr. Eberhard Fennel dazu mitteilt, haben in den zur\u00fcckliegenden 24 Jahren \u00fcber 8.000 Senioren aus H\u00fcnfeld an den Fahrten teilgenommen. Der Vorverkauf f\u00fcr die diesj\u00e4hrige Seniorenfahrt startet am &hellip;<\/p>\n<\/div>","protected":false},"author":1,"featured_media":0,"comment_status":"closed","ping_status":"closed","sticky":false,"template":"","format":"standard","meta":{"footnotes":""},"categories":[1,52],"tags":[],"class_list":["post-66568","post","type-post","status-publish","format-standard","hentry","category-startseite","category-umwelt"],"_links":{"self":[{"href":"https:\/\/www.fuldaernachrichten.de\/index.php?rest_route=\/wp\/v2\/posts\/66568","targetHints":{"allow":["GET"]}}],"collection":[{"href":"https:\/\/www.fuldaernachrichten.de\/index.php?rest_route=\/wp\/v2\/posts"}],"about":[{"href":"https:\/\/www.fuldaernachrichten.de\/index.php?rest_route=\/wp\/v2\/types\/post"}],"author":[{"embeddable":true,"href":"https:\/\/www.fuldaernachrichten.de\/index.php?rest_route=\/wp\/v2\/users\/1"}],"replies":[{"embeddable":true,"href":"https:\/\/www.fuldaernachrichten.de\/index.php?rest_route=%2Fwp%2Fv2%2Fcomments&post=66568"}],"version-history":[{"count":2,"href":"https:\/\/www.fuldaernachrichten.de\/index.php?rest_route=\/wp\/v2\/posts\/66568\/revisions"}],"predecessor-version":[{"id":66585,"href":"https:\/\/www.fuldaernachrichten.de\/index.php?rest_route=\/wp\/v2\/posts\/66568\/revisions\/66585"}],"wp:attachment":[{"href":"https:\/\/www.fuldaernachrichten.de\/index.php?rest_route=%2Fwp%2Fv2%2Fmedia&parent=66568"}],"wp:term":[{"taxonomy":"category","embeddable":true,"href":"https:\/\/www.fuldaernachrichten.de\/index.php?rest_route=%2Fwp%2Fv2%2Fcategories&post=66568"},{"taxonomy":"post_tag","embeddable":true,"href":"https:\/\/www.fuldaernachrichten.de\/index.php?rest_route=%2Fwp%2Fv2%2Ftags&post=66568"}],"curies":[{"name":"wp","href":"https:\/\/api.w.org\/{rel}","templated":true}]}}