{"id":66547,"date":"2010-08-11T04:02:42","date_gmt":"2010-08-11T02:02:42","guid":{"rendered":"http:\/\/www.fuldaer-nachrichten.de\/?p=66547"},"modified":"2010-08-11T08:02:54","modified_gmt":"2010-08-11T06:02:54","slug":"24-kinder-gehoeren-dem-neu-gegruendeten-pfadfinderstamm-bad-salzschlirf-grossenlueder-an","status":"publish","type":"post","link":"https:\/\/www.fuldaernachrichten.de\/?p=66547","title":{"rendered":"24 Kinder geh\u00f6ren dem neu gegr\u00fcndeten Pfadfinderstamm Bad Salzschlirf-Gro\u00dfenl\u00fcder an"},"content":{"rendered":"<p><strong><a href=\"http:\/\/www.fuldaer-nachrichten.de\/wp-content\/uploads\/2010\/08\/100810_Pfadfinder.jpg\"><img fetchpriority=\"high\" decoding=\"async\" class=\"alignleft size-thumbnail wp-image-66548\" title=\"100810_Pfadfinder\" src=\"http:\/\/www.fuldaer-nachrichten.de\/wp-content\/uploads\/2010\/08\/100810_Pfadfinder-265x198.jpg\" alt=\"\" width=\"265\" height=\"198\" srcset=\"https:\/\/www.fuldaernachrichten.de\/wp-content\/uploads\/2010\/08\/100810_Pfadfinder-265x198.jpg 265w, https:\/\/www.fuldaernachrichten.de\/wp-content\/uploads\/2010\/08\/100810_Pfadfinder.jpg 592w\" sizes=\"(max-width: 265px) 100vw, 265px\" \/><\/a>Bad Salzschlirf\/Grossenl\u00fcder. <\/strong>Ob lehrreich, unterhaltsam oder spannend, wenn sich die Pfadfinder des Pfadfinderstammes Bad Salzschlirf-Gro\u00dfenl\u00fcder treffen, ist immer etwas los. \u201eUnsere Aktivit\u00e4ten sind vielf\u00e4ltig. Wir kochen und backen, sind in der Natur oder lesen und spielen gemeinsam\u201c, beschreibt Pfarrer Christian Schulte, der selbst aktiv in die Arbeit des Stammes, der zu dem Dachverband Verband Christlicher Pfadfinder (VCP) geh\u00f6rt, eingebunden ist, einige Aktivit\u00e4ten der w\u00f6chentlichen Gruppenstunden. Was im vergangenen Jahr eher durch einen Zufall entstanden ist &#8211; n\u00e4mlich die Nachfrage einer Familie, ob es in der n\u00e4heren Umgebung einen Pfadfinderstamm gebe -, hat sich schon jetzt zu einem beliebten Pfeiler der gemeindlichen Kinder- und Jugendarbeit entwickelt.<!--more--><\/p>\n<p>24 Jungen und M\u00e4dchen zwischen sieben und elf Jahren umfasst der im November 2009 gegr\u00fcndete Stamm bereits. \u201eDa wir uns eine Obergrenze von 25 Kindern pro Gruppe gesetzt haben, mussten wir inzwischen einige Kinder leider vertr\u00f6sten. Wenn wir mehr Mitarbeiter h\u00e4tten, k\u00f6nnten wir sofort eine weitere Gruppe f\u00fcllen.\u201c Die Betreuung und Leitung der Gruppenstunden und der gemeinsamen Aktivit\u00e4ten \u00fcbernehmen Pfarrer Christian Schulte und f\u00fcnf weitere Mitarbeiter.<\/p>\n<p>Zu Beginn des Sommers hat ein besonderes Highlight auf die Jungen und M\u00e4dchen gewartet: die offizielle Aufnahme in den Pfadfinderstamm. Im Rahmen des Sommerfestes der Kirchengemeinde erhielten die Jungen und M\u00e4dchen ihre W\u00f6lflingst\u00fccher, die einen Teil der Pfadfinderkluft darstellen. \u201eDie Mitarbeiter tragen zu den Gruppenstunden Kluft, das bedeutet Hemd und Tuch, die Kinder haben seit dem Sommerfest ebenfalls ihre T\u00fccher.\u201c<\/p>\n<p>Die Pfadfindergruppe, deren w\u00f6chentliche Treffen in und um die Martin-Luther-Kirche in Gro\u00dfenl\u00fcder stattfinden, ist im Hinblick auf das Alter der Teilnehmer relativ breit gestreut. \u201eDa wir den Stamm neu gegr\u00fcndet haben, haben wir uns entschieden, die Gruppe in Bezug auf das Alter etwas zu \u00f6ffnen. Bisher hat sich das ausgezahlt, weil die Kinder so in den Gruppenstunden auch gegenseitige Hilfe und Miteinander lernen\u201c, zeigt sich Schulte mit dem Konzept zufrieden.<\/p>\n<p>Da die Pfadfinder in Bad Salzschlirf und Gro\u00dfenl\u00fcder aufgrund der Neugr\u00fcndung des Stammes noch am Anfang ihrer Pfadfinderzeit stehen, geh\u00f6ren alle Kinder zu den sogenannten W\u00f6lflingen, der Einheit f\u00fcr die j\u00fcngsten Pfadfinder innerhalb eines Stammes. In den n\u00e4chsten Jahren k\u00f6nnen die jungen Pfadfinder aber in h\u00f6here Stufen des Stammes aufsteigen und sich somit best\u00e4ndig weiterentwickeln. \u201eDie W\u00f6lflinge sind noch zu jung, aber wenn die Kinder sp\u00e4ter zu Jungpfadfindern oder Pfadfindern werden, d\u00fcrfen sie zum Beispiel an l\u00e4ngeren Fahrten teilnehmen und &#8211; ihrem Alter entsprechen &#8211; in st\u00e4rkerem Ma\u00dfe Initiative und Verantwortung \u00fcbernehmen.\u201c<\/p>\n<p>Und auch f\u00fcr die W\u00f6lflinge steht in diesem Sommer noch eine besonderer Ausflug an: \u201eWir werden im August zum W\u00f6lflingstag nach Hettenhausen fahren und auch dort \u00fcbernachten\u201c, beschreibt Schulte die n\u00e4chste gro\u00dfe Aktivit\u00e4t. Ein weiteres Highlight im Jahresverlauf wird die Abholung des Friedenslichtes aus Bethlehem in der Weihnachtszeit sein.<\/p>\n<p>Obwohl die Pfadfinder in Bad Salzschlirf und Gro\u00dfenl\u00fcder sich noch entwickeln, sind sie bereits ein fester Bestandteil der Gemeinde geworden. Pfarrer Christian Schulte ist mit dem bisherigen Verlauf sehr zufrieden und hofft, dass die Pfadfinder auch in Zukunft ein vollwertiger Teil der Kinder- und Jugendarbeit bleiben. Die Jungen und M\u00e4dchen selbst haben ebenfalls sehr viel Freude und Spa\u00df an den gemeinsamen Aktivit\u00e4ten und sind, wie Schulte betont, \u201em\u00e4chtig stolz darauf, Pfadfinder zu sein und zu etwas ganz Besonderem zu geh\u00f6ren\u201c.<\/p>\n","protected":false},"excerpt":{"rendered":"<div class=\"tmnf_excerpt\"><p>Bad Salzschlirf\/Grossenl\u00fcder. Ob lehrreich, unterhaltsam oder spannend, wenn sich die Pfadfinder des Pfadfinderstammes Bad Salzschlirf-Gro\u00dfenl\u00fcder treffen, ist immer etwas los. \u201eUnsere Aktivit\u00e4ten sind vielf\u00e4ltig. Wir kochen und backen, sind in der Natur oder lesen und spielen gemeinsam\u201c, beschreibt Pfarrer Christian Schulte, der selbst aktiv in die Arbeit des Stammes, der zu dem Dachverband Verband Christlicher &hellip;<\/p>\n<\/div>","protected":false},"author":1,"featured_media":0,"comment_status":"closed","ping_status":"closed","sticky":false,"template":"","format":"standard","meta":{"footnotes":""},"categories":[1],"tags":[],"class_list":["post-66547","post","type-post","status-publish","format-standard","hentry","category-startseite"],"_links":{"self":[{"href":"https:\/\/www.fuldaernachrichten.de\/index.php?rest_route=\/wp\/v2\/posts\/66547","targetHints":{"allow":["GET"]}}],"collection":[{"href":"https:\/\/www.fuldaernachrichten.de\/index.php?rest_route=\/wp\/v2\/posts"}],"about":[{"href":"https:\/\/www.fuldaernachrichten.de\/index.php?rest_route=\/wp\/v2\/types\/post"}],"author":[{"embeddable":true,"href":"https:\/\/www.fuldaernachrichten.de\/index.php?rest_route=\/wp\/v2\/users\/1"}],"replies":[{"embeddable":true,"href":"https:\/\/www.fuldaernachrichten.de\/index.php?rest_route=%2Fwp%2Fv2%2Fcomments&post=66547"}],"version-history":[{"count":2,"href":"https:\/\/www.fuldaernachrichten.de\/index.php?rest_route=\/wp\/v2\/posts\/66547\/revisions"}],"predecessor-version":[{"id":66589,"href":"https:\/\/www.fuldaernachrichten.de\/index.php?rest_route=\/wp\/v2\/posts\/66547\/revisions\/66589"}],"wp:attachment":[{"href":"https:\/\/www.fuldaernachrichten.de\/index.php?rest_route=%2Fwp%2Fv2%2Fmedia&parent=66547"}],"wp:term":[{"taxonomy":"category","embeddable":true,"href":"https:\/\/www.fuldaernachrichten.de\/index.php?rest_route=%2Fwp%2Fv2%2Fcategories&post=66547"},{"taxonomy":"post_tag","embeddable":true,"href":"https:\/\/www.fuldaernachrichten.de\/index.php?rest_route=%2Fwp%2Fv2%2Ftags&post=66547"}],"curies":[{"name":"wp","href":"https:\/\/api.w.org\/{rel}","templated":true}]}}