{"id":66545,"date":"2010-08-11T02:26:29","date_gmt":"2010-08-11T00:26:29","guid":{"rendered":"http:\/\/www.fuldaer-nachrichten.de\/?p=66545"},"modified":"2010-08-11T08:01:53","modified_gmt":"2010-08-11T06:01:53","slug":"strassensperrung-im-rahmen-eines-kultur-sommerfestes-in-der-loeherstrasse","status":"publish","type":"post","link":"https:\/\/www.fuldaernachrichten.de\/?p=66545","title":{"rendered":"Stra\u00dfensperrung im Rahmen eines Kultur-Sommerfestes in der L\u00f6herstra\u00dfe"},"content":{"rendered":"<p><strong>Fulda.<\/strong> Anl\u00e4sslich eines Kultur-Sommerfestes wird die L\u00f6herstra\u00dfe am 21. August 2010 in der Zeit von 09.00 Uhr bis 24.00 Uhr f\u00fcr den Verkehr voll gesperrt. Die Gerbergasse kann ganzt\u00e4gig \u00fcber die Stra\u00dfe \u201eAm Rosengarten\u201c angefahren und verlassen werden. Die Haltestelle in der L\u00f6herstra\u00dfe wird am 21. August 2010 nicht bedient. (hm)<\/p>\n","protected":false},"excerpt":{"rendered":"<div class=\"tmnf_excerpt\"><p>Fulda. Anl\u00e4sslich eines Kultur-Sommerfestes wird die L\u00f6herstra\u00dfe am 21. August 2010 in der Zeit von 09.00 Uhr bis 24.00 Uhr f\u00fcr den Verkehr voll gesperrt. Die Gerbergasse kann ganzt\u00e4gig \u00fcber die Stra\u00dfe \u201eAm Rosengarten\u201c angefahren und verlassen werden. Die Haltestelle in der L\u00f6herstra\u00dfe wird am 21. August 2010 nicht bedient. (hm)<\/p>\n<\/div>","protected":false},"author":1,"featured_media":0,"comment_status":"closed","ping_status":"closed","sticky":false,"template":"","format":"standard","meta":{"footnotes":""},"categories":[1,35],"tags":[],"class_list":["post-66545","post","type-post","status-publish","format-standard","hentry","category-startseite","category-auto"],"_links":{"self":[{"href":"https:\/\/www.fuldaernachrichten.de\/index.php?rest_route=\/wp\/v2\/posts\/66545","targetHints":{"allow":["GET"]}}],"collection":[{"href":"https:\/\/www.fuldaernachrichten.de\/index.php?rest_route=\/wp\/v2\/posts"}],"about":[{"href":"https:\/\/www.fuldaernachrichten.de\/index.php?rest_route=\/wp\/v2\/types\/post"}],"author":[{"embeddable":true,"href":"https:\/\/www.fuldaernachrichten.de\/index.php?rest_route=\/wp\/v2\/users\/1"}],"replies":[{"embeddable":true,"href":"https:\/\/www.fuldaernachrichten.de\/index.php?rest_route=%2Fwp%2Fv2%2Fcomments&post=66545"}],"version-history":[{"count":2,"href":"https:\/\/www.fuldaernachrichten.de\/index.php?rest_route=\/wp\/v2\/posts\/66545\/revisions"}],"predecessor-version":[{"id":66587,"href":"https:\/\/www.fuldaernachrichten.de\/index.php?rest_route=\/wp\/v2\/posts\/66545\/revisions\/66587"}],"wp:attachment":[{"href":"https:\/\/www.fuldaernachrichten.de\/index.php?rest_route=%2Fwp%2Fv2%2Fmedia&parent=66545"}],"wp:term":[{"taxonomy":"category","embeddable":true,"href":"https:\/\/www.fuldaernachrichten.de\/index.php?rest_route=%2Fwp%2Fv2%2Fcategories&post=66545"},{"taxonomy":"post_tag","embeddable":true,"href":"https:\/\/www.fuldaernachrichten.de\/index.php?rest_route=%2Fwp%2Fv2%2Ftags&post=66545"}],"curies":[{"name":"wp","href":"https:\/\/api.w.org\/{rel}","templated":true}]}}