{"id":66529,"date":"2010-08-11T03:02:06","date_gmt":"2010-08-11T01:02:06","guid":{"rendered":"http:\/\/www.fuldaer-nachrichten.de\/?p=66529"},"modified":"2010-08-11T08:02:30","modified_gmt":"2010-08-11T06:02:30","slug":"festgottesdienst-am-15-august-auf-dem-gehilfersberg","status":"publish","type":"post","link":"https:\/\/www.fuldaernachrichten.de\/?p=66529","title":{"rendered":"Festgottesdienst am 15. August auf dem Gehilfersberg"},"content":{"rendered":"<p><strong><a href=\"http:\/\/www.fuldaer-nachrichten.de\/wp-content\/uploads\/2010\/08\/100810_Berg.jpg\"><img fetchpriority=\"high\" decoding=\"async\" class=\"alignleft size-thumbnail wp-image-66530\" title=\"100810_Berg\" src=\"http:\/\/www.fuldaer-nachrichten.de\/wp-content\/uploads\/2010\/08\/100810_Berg-265x373.jpg\" alt=\"\" width=\"265\" height=\"373\" srcset=\"https:\/\/www.fuldaernachrichten.de\/wp-content\/uploads\/2010\/08\/100810_Berg-265x373.jpg 265w, https:\/\/www.fuldaernachrichten.de\/wp-content\/uploads\/2010\/08\/100810_Berg.jpg 399w\" sizes=\"(max-width: 265px) 100vw, 265px\" \/><\/a>Gehilfersberg. <\/strong>Zum Familiengottesdienst am Festtag Maria Aufnahme in den Himmel, am Sonntag, 15. August um 10 Uhr l\u00e4dt die Katholische Kirchengemeinde Rasdorf in die Wallfahrtskirche auf dem Gehilfersberg ein. Das Familiengottesdienst &#8211; Vorbereitungsteam h\u00e4lt Kr\u00e4uterstr\u00e4u\u00dfe f\u00fcr die Gottesdienstteilnehmer bereit, die gesegnet werden. Zelebrant und Festprediger ist Pfarrer Rudolf Zeller, Rasdorf. Das Hochfest ist das \u00e4lteste Marienfest der katholischen Kirche. Maria als Mutter und K\u00f6nigin des Himmels, beide Darstellung kann man in der Wallfahrtskirche auf dem Gehilfersberg betrachten.<\/p>\n<p>Als moderne Sandsteinplastik &#8211; Madonna mit Kind &#8211; stellte der Petersberger K\u00fcnstler Johannes Kirsch nach dem Wiederaufbau der abgebrannten Kirche im Jahr 1997, das Thema in schlichter Formgebung dar. Im Gegensatz dazu wird der Hochaltar von der barocken Mutter Gottes mit Kind, Zepter und Krone im Strahlenkranz dominiert. Sie ist umringt von den 14 Nothelfern, denen die Wallfahrtskirche geweiht ist. Damit auch \u00e4ltere und gehbehinderte Menschen den Gottesdienst besuchen k\u00f6nnen bietet der Pfarrgemeinderat einen Fahrdienst ab 9.15 Uhr vom Parkplatz Gehilfersberg an.<\/p>\n","protected":false},"excerpt":{"rendered":"<div class=\"tmnf_excerpt\"><p>Gehilfersberg. Zum Familiengottesdienst am Festtag Maria Aufnahme in den Himmel, am Sonntag, 15. August um 10 Uhr l\u00e4dt die Katholische Kirchengemeinde Rasdorf in die Wallfahrtskirche auf dem Gehilfersberg ein. Das Familiengottesdienst &#8211; Vorbereitungsteam h\u00e4lt Kr\u00e4uterstr\u00e4u\u00dfe f\u00fcr die Gottesdienstteilnehmer bereit, die gesegnet werden. Zelebrant und Festprediger ist Pfarrer Rudolf Zeller, Rasdorf. Das Hochfest ist das \u00e4lteste &hellip;<\/p>\n<\/div>","protected":false},"author":1,"featured_media":0,"comment_status":"closed","ping_status":"closed","sticky":false,"template":"","format":"standard","meta":{"footnotes":""},"categories":[1,50],"tags":[],"class_list":["post-66529","post","type-post","status-publish","format-standard","hentry","category-startseite","category-kirche"],"_links":{"self":[{"href":"https:\/\/www.fuldaernachrichten.de\/index.php?rest_route=\/wp\/v2\/posts\/66529","targetHints":{"allow":["GET"]}}],"collection":[{"href":"https:\/\/www.fuldaernachrichten.de\/index.php?rest_route=\/wp\/v2\/posts"}],"about":[{"href":"https:\/\/www.fuldaernachrichten.de\/index.php?rest_route=\/wp\/v2\/types\/post"}],"author":[{"embeddable":true,"href":"https:\/\/www.fuldaernachrichten.de\/index.php?rest_route=\/wp\/v2\/users\/1"}],"replies":[{"embeddable":true,"href":"https:\/\/www.fuldaernachrichten.de\/index.php?rest_route=%2Fwp%2Fv2%2Fcomments&post=66529"}],"version-history":[{"count":2,"href":"https:\/\/www.fuldaernachrichten.de\/index.php?rest_route=\/wp\/v2\/posts\/66529\/revisions"}],"predecessor-version":[{"id":66588,"href":"https:\/\/www.fuldaernachrichten.de\/index.php?rest_route=\/wp\/v2\/posts\/66529\/revisions\/66588"}],"wp:attachment":[{"href":"https:\/\/www.fuldaernachrichten.de\/index.php?rest_route=%2Fwp%2Fv2%2Fmedia&parent=66529"}],"wp:term":[{"taxonomy":"category","embeddable":true,"href":"https:\/\/www.fuldaernachrichten.de\/index.php?rest_route=%2Fwp%2Fv2%2Fcategories&post=66529"},{"taxonomy":"post_tag","embeddable":true,"href":"https:\/\/www.fuldaernachrichten.de\/index.php?rest_route=%2Fwp%2Fv2%2Ftags&post=66529"}],"curies":[{"name":"wp","href":"https:\/\/api.w.org\/{rel}","templated":true}]}}