{"id":66486,"date":"2010-08-10T02:00:12","date_gmt":"2010-08-10T00:00:12","guid":{"rendered":"http:\/\/www.fuldaer-nachrichten.de\/?p=66486"},"modified":"2010-08-10T09:00:25","modified_gmt":"2010-08-10T07:00:25","slug":"87-orgelmatinee-mit-zwei-jungen-tanner-orgeltalenten-carla-braun-und-anna-ziert","status":"publish","type":"post","link":"https:\/\/www.fuldaernachrichten.de\/?p=66486","title":{"rendered":"87. Orgelmatinee mit zwei jungen Tanner Orgeltalenten: Carla Braun und Anna Ziert"},"content":{"rendered":"<p><strong>Tann. <\/strong>An den Sonntagen der Ferienmonate Juli und August finden jeweils um 11.10 Uhr \u2013 im Anschluss an den Gottesdienst \u2013 30min\u00fctige Mittagskonzerte in der Tanner Stadtkirche statt, in deren Mittelpunkt die Orgel steht: Organisten und Instrumentalisten aus der Region stellen in unterschiedlichster Besetzung die Vielfalt der Orgelmusik durch die Jahrhunderte vor. Am kommenden Sonntag, 15. August, gestalten zwei junge Talente aus Tann das 87. kleine Mittagskonzert: Carla Braun (G\u00fcnthers) und Anna Ziert (Lahrbach). Beide stehen in der nebenberuflichen Ausbildung als Kirchenmusikerin an der Kirchenmusikalischen Fortbildungsst\u00e4tte Schl\u00fcchtern. <!--more--><\/p>\n<p>Ihren Orgelunterricht erhalten sie von Bezirkskantor Christian Mellin (Fulda). Im Unterricht erarbeiten sie Werke aus allen Stilepochen, von denen sie Ausschnitte in der Matinee vorstellen. Ramona Grunenberg singt &#8211; in Begleitung der Orgel &#8211; Arien aus alter und neuer Zeit. Die Matinee beginnt um 11:10 Uhr in der Tanner Stadtkirche. Der Eintritt ist frei, eine Kollekte am Ausgang kommt der Anschaffung einer Chororgel in der Stadtkirche zugute. Die Orgelmatineen werden durch die VR-Bank NordRh\u00f6n eG gef\u00f6rdert. Zwischen Gottesdienst und Matinee wird im Vorraum der Kirche Kaffee und Geb\u00e4ck angeboten.<\/p>\n","protected":false},"excerpt":{"rendered":"<div class=\"tmnf_excerpt\"><p>Tann. An den Sonntagen der Ferienmonate Juli und August finden jeweils um 11.10 Uhr \u2013 im Anschluss an den Gottesdienst \u2013 30min\u00fctige Mittagskonzerte in der Tanner Stadtkirche statt, in deren Mittelpunkt die Orgel steht: Organisten und Instrumentalisten aus der Region stellen in unterschiedlichster Besetzung die Vielfalt der Orgelmusik durch die Jahrhunderte vor. Am kommenden Sonntag, &hellip;<\/p>\n<\/div>","protected":false},"author":1,"featured_media":0,"comment_status":"closed","ping_status":"closed","sticky":false,"template":"","format":"standard","meta":{"footnotes":""},"categories":[1,44],"tags":[],"class_list":["post-66486","post","type-post","status-publish","format-standard","hentry","category-startseite","category-kultur"],"_links":{"self":[{"href":"https:\/\/www.fuldaernachrichten.de\/index.php?rest_route=\/wp\/v2\/posts\/66486","targetHints":{"allow":["GET"]}}],"collection":[{"href":"https:\/\/www.fuldaernachrichten.de\/index.php?rest_route=\/wp\/v2\/posts"}],"about":[{"href":"https:\/\/www.fuldaernachrichten.de\/index.php?rest_route=\/wp\/v2\/types\/post"}],"author":[{"embeddable":true,"href":"https:\/\/www.fuldaernachrichten.de\/index.php?rest_route=\/wp\/v2\/users\/1"}],"replies":[{"embeddable":true,"href":"https:\/\/www.fuldaernachrichten.de\/index.php?rest_route=%2Fwp%2Fv2%2Fcomments&post=66486"}],"version-history":[{"count":2,"href":"https:\/\/www.fuldaernachrichten.de\/index.php?rest_route=\/wp\/v2\/posts\/66486\/revisions"}],"predecessor-version":[{"id":66519,"href":"https:\/\/www.fuldaernachrichten.de\/index.php?rest_route=\/wp\/v2\/posts\/66486\/revisions\/66519"}],"wp:attachment":[{"href":"https:\/\/www.fuldaernachrichten.de\/index.php?rest_route=%2Fwp%2Fv2%2Fmedia&parent=66486"}],"wp:term":[{"taxonomy":"category","embeddable":true,"href":"https:\/\/www.fuldaernachrichten.de\/index.php?rest_route=%2Fwp%2Fv2%2Fcategories&post=66486"},{"taxonomy":"post_tag","embeddable":true,"href":"https:\/\/www.fuldaernachrichten.de\/index.php?rest_route=%2Fwp%2Fv2%2Ftags&post=66486"}],"curies":[{"name":"wp","href":"https:\/\/api.w.org\/{rel}","templated":true}]}}