{"id":66482,"date":"2010-08-10T02:52:49","date_gmt":"2010-08-10T00:52:49","guid":{"rendered":"http:\/\/www.fuldaer-nachrichten.de\/?p=66482"},"modified":"2010-08-10T08:52:58","modified_gmt":"2010-08-10T06:52:58","slug":"30-jahre-telefonseelsorge-fulda-am-3-september-oekumenische-jubilaeumsfeier","status":"publish","type":"post","link":"https:\/\/www.fuldaernachrichten.de\/?p=66482","title":{"rendered":"30 Jahre Telefonseelsorge Fulda \u2013 Am 3. September \u00f6kumenische Jubil\u00e4umsfeier"},"content":{"rendered":"<p><strong>Fulda. <\/strong>Die Telefonseelsorge Fulda blickt auf drei\u00dfig Jahre erfolgreiche Arbeit zur\u00fcck. Aus diesem Anlass findet am Freitag, 3. September, um 17 Uhr in der Fuldaer Christuskirche ein \u00f6kumenischer Festgottesdienst mit dem Bischof der Evangelischen Kirche von Kurhessen-Waldeck, Dr. Martin Hein, und Weihbischof Prof. Dr. Karlheinz Diez statt, die jeweils eine Ansprache halten. Daran schlie\u00dft sich ein Festempfang an, in dessen Verlauf es Gru\u00dfworte und einen historischen R\u00fcckblick geben wird. Die Festveranstaltung steht laut Pfarrerin Dagmar Ehrhardt, der Leiterin der Telefonseelsorge, unter dem Motto \u201eWir bleiben dran\u201c. Die Telefonseelsorge ist urspr\u00fcnglich eine Einrichtung des Evangelischen Kirchenkreises Fulda. Seit 1992 erfolgt die Arbeit in Kooperation mit der katholischen Kirche. Einen eigenen F\u00f6rderverein hat die Telefonseelsorge seit 2008.<!--more--><\/p>\n<p>Seit nunmehr drei Jahrzehnten wird die Telefonseelsorge Fulda Tag und Nacht von Menschen in Not in Anspruch genommen. Bei der anonym arbeitenden Einrichtung werden \u201eMenschen mit sensiblen, offenen und vorurteilsfreien Ohren\u201c ben\u00f6tigt, wie es im Jahresbericht 2009 hei\u00dft. Denn nur so ist z. B. Pr\u00e4vention gegen Suizidversuche m\u00f6glich. Auf die anspruchsvolle ehrenamtliche Aufgabe bereiten sich die Mitarbeiterinnen und Mitarbeiter in einem einj\u00e4hrigen Ausbildungskurs mit den Schwerpunkten \u201eBiographiearbeit\u201c, \u201eSelbsterfahrung\u201c, \u201eGespr\u00e4chsf\u00fchrung mit Hospitationsphasen am Telefon\u201c und \u201eSachinformation\u201c vor. Die Telefonseelsorge setzt mit ihrer Seelsorge eine Kernkompetenz kirchlichen Handelns um und ist praktizierte christliche N\u00e4chstenliebe. Unz\u00e4hlige Menschen haben in den vergangenen 30 Jahren den Mitarbeitern der Telefonseelsorge Fulda Einblicke in ihr Leben gegeben. 2010 sind dies 80 ehrenamtlich T\u00e4tige \u2013 34 evangelische und 46 katholische Christen.<\/p>\n<p>Wie aus dem letzten Jahresbericht hervorgeht, wurde die Telefonseelsorge Fulda allein 2009 insgesamt 20.622 mal angerufen. Dies zeigt, wie wichtig dieser Dienst am Telefon ist, der \u00fcberwiegend von fachlich geschulten Ehrenamtlichen geleistet wird. Als erste Anlaufstelle verwandelt Telefonseelsorge Ferne in N\u00e4he und schafft in entscheidenden Augenblicken Verbindungen von Mensch zu Mensch.<\/p>\n<p>Der \u00fcberwiegende Teil aller Anruferinnen und Anrufer sucht einen begrenzten Kontakt zur Telefonseelsorge. Sie w\u00fcnschen sich in einer konkreten seelischen Krise eine Gespr\u00e4chspartnerin, die ihnen zuh\u00f6rt und mit ihnen unvoreingenommen, einf\u00fchlsam und verst\u00e4ndnisvoll \u00fcber ihre Schwierigkeiten spricht. Etwa 25 Prozent aller Anrufe gehen von Menschen aus, die mehrfach bei der Telefonseelsorge anrufen. Manche ben\u00f6tigen eine Begleitung \u00fcber mehrere Wochen (z. B. bei Trennung und Trauer). Einige dieser Anrufer melden sich \u00fcber sehr lange Zeit. Ihr Wunsch und ihr Ziel ist es, sich ihre Lebenssituation leichter und ertr\u00e4glicher zu machen. Die \u00fcberwiegenden Themen am Telefon sind Beziehungsprobleme, psychische Probleme und Einsamkeit. Viele haben die Hoffnung verloren, dass sich ihre Lebenssituation grundlegend \u00e4ndert. Und dennoch machen die Mitarbeiterinnen der Telefonseelsorge immer wieder die Erfahrung, dass auch solche Menschen nach einem l\u00e4nger andauernden Kontakt wieder neuen Lebensmut finden k\u00f6nnen. <strong> <\/strong>(bpf)<\/p>\n","protected":false},"excerpt":{"rendered":"<div class=\"tmnf_excerpt\"><p>Fulda. Die Telefonseelsorge Fulda blickt auf drei\u00dfig Jahre erfolgreiche Arbeit zur\u00fcck. Aus diesem Anlass findet am Freitag, 3. September, um 17 Uhr in der Fuldaer Christuskirche ein \u00f6kumenischer Festgottesdienst mit dem Bischof der Evangelischen Kirche von Kurhessen-Waldeck, Dr. Martin Hein, und Weihbischof Prof. Dr. Karlheinz Diez statt, die jeweils eine Ansprache halten. Daran schlie\u00dft sich &hellip;<\/p>\n<\/div>","protected":false},"author":1,"featured_media":0,"comment_status":"closed","ping_status":"closed","sticky":false,"template":"","format":"standard","meta":{"footnotes":""},"categories":[1],"tags":[],"class_list":["post-66482","post","type-post","status-publish","format-standard","hentry","category-startseite"],"_links":{"self":[{"href":"https:\/\/www.fuldaernachrichten.de\/index.php?rest_route=\/wp\/v2\/posts\/66482","targetHints":{"allow":["GET"]}}],"collection":[{"href":"https:\/\/www.fuldaernachrichten.de\/index.php?rest_route=\/wp\/v2\/posts"}],"about":[{"href":"https:\/\/www.fuldaernachrichten.de\/index.php?rest_route=\/wp\/v2\/types\/post"}],"author":[{"embeddable":true,"href":"https:\/\/www.fuldaernachrichten.de\/index.php?rest_route=\/wp\/v2\/users\/1"}],"replies":[{"embeddable":true,"href":"https:\/\/www.fuldaernachrichten.de\/index.php?rest_route=%2Fwp%2Fv2%2Fcomments&post=66482"}],"version-history":[{"count":2,"href":"https:\/\/www.fuldaernachrichten.de\/index.php?rest_route=\/wp\/v2\/posts\/66482\/revisions"}],"predecessor-version":[{"id":66511,"href":"https:\/\/www.fuldaernachrichten.de\/index.php?rest_route=\/wp\/v2\/posts\/66482\/revisions\/66511"}],"wp:attachment":[{"href":"https:\/\/www.fuldaernachrichten.de\/index.php?rest_route=%2Fwp%2Fv2%2Fmedia&parent=66482"}],"wp:term":[{"taxonomy":"category","embeddable":true,"href":"https:\/\/www.fuldaernachrichten.de\/index.php?rest_route=%2Fwp%2Fv2%2Fcategories&post=66482"},{"taxonomy":"post_tag","embeddable":true,"href":"https:\/\/www.fuldaernachrichten.de\/index.php?rest_route=%2Fwp%2Fv2%2Ftags&post=66482"}],"curies":[{"name":"wp","href":"https:\/\/api.w.org\/{rel}","templated":true}]}}