{"id":66480,"date":"2010-08-10T01:58:59","date_gmt":"2010-08-09T23:58:59","guid":{"rendered":"http:\/\/www.fuldaer-nachrichten.de\/?p=66480"},"modified":"2010-08-10T08:59:05","modified_gmt":"2010-08-10T06:59:05","slug":"bistum-fulda-leistet-15-000-euro-soforthilfe-fuer-pakistan-und-russland-2","status":"publish","type":"post","link":"https:\/\/www.fuldaernachrichten.de\/?p=66480","title":{"rendered":"Bistum Fulda leistet 15.000 Euro Soforthilfe f\u00fcr Pakistan und Ru\u00dfland"},"content":{"rendered":"<p><strong>Fulda.<\/strong> Das Bistum Fulda hat aus seinem Katastrophenfonds 10.000 Euro als Soforthilfe zur Finanzierung von Hilfsma\u00dfnahmen f\u00fcr die \u00dcberschwemmungsopfer in Pakistan und 5.000 Euro f\u00fcr die Opfer der Waldbr\u00e4nde in Ru\u00dfland zur Verf\u00fcgung gestellt. Der Betrag wurde an Caritas International in Freiburg \u00fcberwiesen. Mit der Geldhilfe soll ein Zeichen der Solidarit\u00e4t mit den Opfern dieser Naturkatastrophen gesetzt und ein Beitrag zur Linderung der Not in der Bev\u00f6lkerung der betroffenen Regionen geleistet werden. \u201eDas Schicksal der obdachlos gewordenen und verletzten Menschen, die dringend auf unsere Hilfe angewiesen sind, darf uns Christen nicht unber\u00fchrt lassen\u201c, betont Bischof Heinz Josef Algermissen.<!--more--><\/p>\n<p>Die \u00dcberschwemmungen in Pakistan haben weite Landesteile in den zentralen Regionen erreicht und flie\u00dfen in die bev\u00f6lkerungsreichsten s\u00fcdlichen Regionen. Anf\u00e4nglich wurde von einer Million Betroffener ausgegangen. Inzwischen aber hat sich die Zahl auf etwa drei Millionen erh\u00f6ht. D\u00f6rfer und St\u00e4dte sind von der Au\u00dfenwelt abgeschnitten, Hunderttausende Menschen sind auf der Flucht vor den Wassermassen. Die Caritas Pakistan versorgt besonders schwer betroffene Familien mit Nothilfen wie Lebensmitteln, Notzelten, Trinkwasser, Wasserentkeimungstabletten, Moskitonetzen und Hygieneartikeln; Gesundheitsteams der Caritas versorgen zur Zeit etwa 3.000 Menschen, die verletzt oder auf \u00e4rztliche Hilfe angewiesen sind.<\/p>\n<p>In Ru\u00dfland sind nach extremer Hitze und Trockenheit Tausende von Waldbr\u00e4nden ausgebrochen. Trotz Gro\u00dfeinsatz der russischen Feuerwehren sind die Br\u00e4nde nicht unter Kontrolle zu bringen. Nach offiziellen Angaben sind 40 Menschen ums Leben gekommen; es wird jedoch mit wesentlich mehr Opfern gerechnet. Etwa 300 Personen sind auf medizinische Hilfe angewiesen. 2.000 H\u00e4user wurden zerst\u00f6rt, mehreren Tausend Menschen haben die Flammen das Obdach genommen. Caritas international stellt f\u00fcr die Opfer der Wald- und Torfbr\u00e4nde 50.000 Euro zur Verf\u00fcgung. Die russischen Caritasverb\u00e4nde verteilen in den Regionen Woronesch und Saratow an obdachlos gewordene Bewohner in einem ersten Schritt Kleidung, Lebensmittel und Hygieneartikel.<\/p>\n","protected":false},"excerpt":{"rendered":"<div class=\"tmnf_excerpt\"><p>Fulda. Das Bistum Fulda hat aus seinem Katastrophenfonds 10.000 Euro als Soforthilfe zur Finanzierung von Hilfsma\u00dfnahmen f\u00fcr die \u00dcberschwemmungsopfer in Pakistan und 5.000 Euro f\u00fcr die Opfer der Waldbr\u00e4nde in Ru\u00dfland zur Verf\u00fcgung gestellt. Der Betrag wurde an Caritas International in Freiburg \u00fcberwiesen. Mit der Geldhilfe soll ein Zeichen der Solidarit\u00e4t mit den Opfern dieser &hellip;<\/p>\n<\/div>","protected":false},"author":1,"featured_media":0,"comment_status":"closed","ping_status":"closed","sticky":false,"template":"","format":"standard","meta":{"footnotes":""},"categories":[1],"tags":[],"class_list":["post-66480","post","type-post","status-publish","format-standard","hentry","category-startseite"],"_links":{"self":[{"href":"https:\/\/www.fuldaernachrichten.de\/index.php?rest_route=\/wp\/v2\/posts\/66480","targetHints":{"allow":["GET"]}}],"collection":[{"href":"https:\/\/www.fuldaernachrichten.de\/index.php?rest_route=\/wp\/v2\/posts"}],"about":[{"href":"https:\/\/www.fuldaernachrichten.de\/index.php?rest_route=\/wp\/v2\/types\/post"}],"author":[{"embeddable":true,"href":"https:\/\/www.fuldaernachrichten.de\/index.php?rest_route=\/wp\/v2\/users\/1"}],"replies":[{"embeddable":true,"href":"https:\/\/www.fuldaernachrichten.de\/index.php?rest_route=%2Fwp%2Fv2%2Fcomments&post=66480"}],"version-history":[{"count":2,"href":"https:\/\/www.fuldaernachrichten.de\/index.php?rest_route=\/wp\/v2\/posts\/66480\/revisions"}],"predecessor-version":[{"id":66517,"href":"https:\/\/www.fuldaernachrichten.de\/index.php?rest_route=\/wp\/v2\/posts\/66480\/revisions\/66517"}],"wp:attachment":[{"href":"https:\/\/www.fuldaernachrichten.de\/index.php?rest_route=%2Fwp%2Fv2%2Fmedia&parent=66480"}],"wp:term":[{"taxonomy":"category","embeddable":true,"href":"https:\/\/www.fuldaernachrichten.de\/index.php?rest_route=%2Fwp%2Fv2%2Fcategories&post=66480"},{"taxonomy":"post_tag","embeddable":true,"href":"https:\/\/www.fuldaernachrichten.de\/index.php?rest_route=%2Fwp%2Fv2%2Ftags&post=66480"}],"curies":[{"name":"wp","href":"https:\/\/api.w.org\/{rel}","templated":true}]}}