{"id":66476,"date":"2010-08-10T03:51:27","date_gmt":"2010-08-10T01:51:27","guid":{"rendered":"http:\/\/www.fuldaer-nachrichten.de\/?p=66476"},"modified":"2010-08-10T08:52:12","modified_gmt":"2010-08-10T06:52:12","slug":"konservativ-oder-operativ-dr-samir-al-hami-referiert-am-19-august-im-buergersaal-gersfeld","status":"publish","type":"post","link":"https:\/\/www.fuldaernachrichten.de\/?p=66476","title":{"rendered":"\u201eKonservativ oder operativ?&#8221; &#8211; Dr. Samir Al-Hami referiert am 19. August im B\u00fcrgersaal Gersfeld"},"content":{"rendered":"<p><strong>Fulda\/Gersfeld.<\/strong> Erkrankungen der Wirbels\u00e4ule wie Bandscheibenvorf\u00e4lle, Spinalkanalstenosen oder Gleitwirbel k\u00f6nnen unterschiedlich starke Beschwerden verursachen. Nicht immer muss operiert werden. Viele dieser Erkrankungen lassen sich auch konservativ sehr gut behandeln. Oft kann eine Schmerztherapie in Verbindung mit einer physiotherapeutischen Behandlung erfolgreich sein. Wenn durch die konservative Wirbels\u00e4ulenbehandlung keine ausreichende Beschwerdebesserung f\u00fcr den Patienten erreicht wird, die Schmerzen nicht beherrschbar sind oder sogar neurologische Ausfallserscheinungen auftreten, ist eine Operation die bessere Alternative. \u00e2\u20ac\u00a8\u00e2\u20ac\u00a8<!--more--><\/p>\n<p>Konservativ oder operativ? Die meisten Patienten befinden sich im Spannungsfeld der Therapieoptionen. Und nicht selten werden Therapieentscheidungen durch \u00f6konomische Parameter beeinflusst.\u00e2\u20ac\u00a8\u00e2\u20ac\u00a8 Am Donnerstag, 19. August 2010, informiert Neurochirurg Dr. Samir-Al-Hami, Inhaber des Neuro-Spine-Centers, im B\u00fcrgersaal Gersfeld, Schlossplatz 11, \u00fcber konservative und operative Therapieoptionen unter Ber\u00fccksichtigung des medizinischen und \u00f6konomischen Nutzens f\u00fcr Patient und behandelnden Arzt.<\/p>\n<p>Die Veranstaltung beginnt um 19.00 Uhr. Da die Teilnehmerzahl auf 130 Personen begrenzt ist, wird um Anmeldung unter der Telefonnummer 0661-5801300 gebeten.<\/p>\n","protected":false},"excerpt":{"rendered":"<div class=\"tmnf_excerpt\"><p>Fulda\/Gersfeld. Erkrankungen der Wirbels\u00e4ule wie Bandscheibenvorf\u00e4lle, Spinalkanalstenosen oder Gleitwirbel k\u00f6nnen unterschiedlich starke Beschwerden verursachen. Nicht immer muss operiert werden. Viele dieser Erkrankungen lassen sich auch konservativ sehr gut behandeln. Oft kann eine Schmerztherapie in Verbindung mit einer physiotherapeutischen Behandlung erfolgreich sein. Wenn durch die konservative Wirbels\u00e4ulenbehandlung keine ausreichende Beschwerdebesserung f\u00fcr den Patienten erreicht wird, die &hellip;<\/p>\n<\/div>","protected":false},"author":1,"featured_media":0,"comment_status":"closed","ping_status":"closed","sticky":false,"template":"","format":"standard","meta":{"footnotes":""},"categories":[1,51],"tags":[],"class_list":["post-66476","post","type-post","status-publish","format-standard","hentry","category-startseite","category-medizin"],"_links":{"self":[{"href":"https:\/\/www.fuldaernachrichten.de\/index.php?rest_route=\/wp\/v2\/posts\/66476","targetHints":{"allow":["GET"]}}],"collection":[{"href":"https:\/\/www.fuldaernachrichten.de\/index.php?rest_route=\/wp\/v2\/posts"}],"about":[{"href":"https:\/\/www.fuldaernachrichten.de\/index.php?rest_route=\/wp\/v2\/types\/post"}],"author":[{"embeddable":true,"href":"https:\/\/www.fuldaernachrichten.de\/index.php?rest_route=\/wp\/v2\/users\/1"}],"replies":[{"embeddable":true,"href":"https:\/\/www.fuldaernachrichten.de\/index.php?rest_route=%2Fwp%2Fv2%2Fcomments&post=66476"}],"version-history":[{"count":3,"href":"https:\/\/www.fuldaernachrichten.de\/index.php?rest_route=\/wp\/v2\/posts\/66476\/revisions"}],"predecessor-version":[{"id":66510,"href":"https:\/\/www.fuldaernachrichten.de\/index.php?rest_route=\/wp\/v2\/posts\/66476\/revisions\/66510"}],"wp:attachment":[{"href":"https:\/\/www.fuldaernachrichten.de\/index.php?rest_route=%2Fwp%2Fv2%2Fmedia&parent=66476"}],"wp:term":[{"taxonomy":"category","embeddable":true,"href":"https:\/\/www.fuldaernachrichten.de\/index.php?rest_route=%2Fwp%2Fv2%2Fcategories&post=66476"},{"taxonomy":"post_tag","embeddable":true,"href":"https:\/\/www.fuldaernachrichten.de\/index.php?rest_route=%2Fwp%2Fv2%2Ftags&post=66476"}],"curies":[{"name":"wp","href":"https:\/\/api.w.org\/{rel}","templated":true}]}}