{"id":66391,"date":"2010-08-09T01:45:49","date_gmt":"2010-08-08T23:45:49","guid":{"rendered":"http:\/\/www.fuldaer-nachrichten.de\/?p=66391"},"modified":"2010-08-09T09:46:02","modified_gmt":"2010-08-09T07:46:02","slug":"deutscher-wandertag-2010-in-freiburg-im-breisgau","status":"publish","type":"post","link":"https:\/\/www.fuldaernachrichten.de\/?p=66391","title":{"rendered":"Deutscher Wandertag 2010 in Freiburg im Breisgau"},"content":{"rendered":"<p><strong><a href=\"http:\/\/www.fuldaer-nachrichten.de\/wp-content\/uploads\/2010\/08\/100809_Rhoenklub.jpg\"><img fetchpriority=\"high\" decoding=\"async\" class=\"alignleft size-thumbnail wp-image-66392\" title=\"100809_Rhoenklub\" src=\"http:\/\/www.fuldaer-nachrichten.de\/wp-content\/uploads\/2010\/08\/100809_Rhoenklub-265x198.jpg\" alt=\"\" width=\"265\" height=\"198\" srcset=\"https:\/\/www.fuldaernachrichten.de\/wp-content\/uploads\/2010\/08\/100809_Rhoenklub-265x198.jpg 265w, https:\/\/www.fuldaernachrichten.de\/wp-content\/uploads\/2010\/08\/100809_Rhoenklub.jpg 592w\" sizes=\"(max-width: 265px) 100vw, 265px\" \/><\/a>Freiburg\/Rh\u00f6n\/Fulda<\/strong>. Mit der Schlusskundgebung am Montag ging der 110. Deutsche Wandertag zu Ende. In diesem Jahr fand er in Freiburg im Schwarzwald statt. Die immer sehr stark frequentierte Tourismus-B\u00f6rse war in sog. Pagoden auf dem Rathausplatz\u00c2\u00a0 und in der Franziskanergasse platziert. Auch der Tourismusverband Rh\u00f6n hatte zusammen mit dem Rh\u00f6nklub einen Stand gemietet. \u201eDa ist ja der Rh\u00f6nklub!\u201c riefen viele Besucher aus, als sie die beiden Mitarbeiterinnen der Rh\u00f6nklub-Gesch\u00e4ftsstelle entdeckten, die zusammen mit Herrn Geerd M\u00fcller vom Rh\u00f6n-Info-Zentrum Rh\u00f6n in Oberbach und Herrn Michael Pfaff vom Tourismusverband Rh\u00f6n Ausk\u00fcnfte \u00fcber die Rh\u00f6n, den Hochrh\u00f6ner und den Rh\u00f6nklub e.V. geben konnten. Langeweile kam nicht auf, denn das Interesse an der Rh\u00f6n ist nach wie vor ungebrochen gro\u00df.<!--more--><\/p>\n<p>Bei der Schlusskundgebung wurde von der Wandertagswimpelgruppe des Rh\u00f6nklubs die Dokumentation \u00fcber die Wimpelwanderung von Fulda nach Willingen (Deutscher Wandertag 2009) an den Pr\u00e4sidenten des Deutschen Wanderverbandes \u00fcberreicht. In der Gesch\u00e4ftsstelle des Wanderverbandes in Kassel liegen nun schon viele solche Dokumentationen im Archiv, n\u00e4mlich seit es diese Wanderungen von Wandertagsort zu Wandertagsort gibt. Die spannendste d\u00fcrfte die sein, welche \u00fcber die Wanderung 1989 berichtet, als der Wandertag in Berlin, damals noch geteilte Stadt, stattfand. Nur etwa 4 Monate sp\u00e4ter begannen die Demos in Leipzig, die schlie\u00dflich mit der Wiedervereinigung Deutschlands endeten. Seitdem lautet beim Deutschen Wanderverband das Motto: \u201eGrenzenlos wandern in Deutschland!\u201c<\/p>\n","protected":false},"excerpt":{"rendered":"<div class=\"tmnf_excerpt\"><p>Freiburg\/Rh\u00f6n\/Fulda. Mit der Schlusskundgebung am Montag ging der 110. Deutsche Wandertag zu Ende. In diesem Jahr fand er in Freiburg im Schwarzwald statt. Die immer sehr stark frequentierte Tourismus-B\u00f6rse war in sog. Pagoden auf dem Rathausplatz\u00c2\u00a0 und in der Franziskanergasse platziert. Auch der Tourismusverband Rh\u00f6n hatte zusammen mit dem Rh\u00f6nklub einen Stand gemietet. \u201eDa ist &hellip;<\/p>\n<\/div>","protected":false},"author":1,"featured_media":0,"comment_status":"closed","ping_status":"closed","sticky":false,"template":"","format":"standard","meta":{"footnotes":""},"categories":[1,52],"tags":[],"class_list":["post-66391","post","type-post","status-publish","format-standard","hentry","category-startseite","category-umwelt"],"_links":{"self":[{"href":"https:\/\/www.fuldaernachrichten.de\/index.php?rest_route=\/wp\/v2\/posts\/66391","targetHints":{"allow":["GET"]}}],"collection":[{"href":"https:\/\/www.fuldaernachrichten.de\/index.php?rest_route=\/wp\/v2\/posts"}],"about":[{"href":"https:\/\/www.fuldaernachrichten.de\/index.php?rest_route=\/wp\/v2\/types\/post"}],"author":[{"embeddable":true,"href":"https:\/\/www.fuldaernachrichten.de\/index.php?rest_route=\/wp\/v2\/users\/1"}],"replies":[{"embeddable":true,"href":"https:\/\/www.fuldaernachrichten.de\/index.php?rest_route=%2Fwp%2Fv2%2Fcomments&post=66391"}],"version-history":[{"count":2,"href":"https:\/\/www.fuldaernachrichten.de\/index.php?rest_route=\/wp\/v2\/posts\/66391\/revisions"}],"predecessor-version":[{"id":66422,"href":"https:\/\/www.fuldaernachrichten.de\/index.php?rest_route=\/wp\/v2\/posts\/66391\/revisions\/66422"}],"wp:attachment":[{"href":"https:\/\/www.fuldaernachrichten.de\/index.php?rest_route=%2Fwp%2Fv2%2Fmedia&parent=66391"}],"wp:term":[{"taxonomy":"category","embeddable":true,"href":"https:\/\/www.fuldaernachrichten.de\/index.php?rest_route=%2Fwp%2Fv2%2Fcategories&post=66391"},{"taxonomy":"post_tag","embeddable":true,"href":"https:\/\/www.fuldaernachrichten.de\/index.php?rest_route=%2Fwp%2Fv2%2Ftags&post=66391"}],"curies":[{"name":"wp","href":"https:\/\/api.w.org\/{rel}","templated":true}]}}