{"id":66385,"date":"2010-08-09T03:44:12","date_gmt":"2010-08-09T01:44:12","guid":{"rendered":"http:\/\/www.fuldaer-nachrichten.de\/?p=66385"},"modified":"2010-08-09T09:44:22","modified_gmt":"2010-08-09T07:44:22","slug":"neue-fahrausweise-fuer-schuelerinnen-und-schueler-im-schuljahr-20102011-clevercard-ist-wieder-in-den-ferien-gueltig","status":"publish","type":"post","link":"https:\/\/www.fuldaernachrichten.de\/?p=66385","title":{"rendered":"Neue Fahrausweise f\u00fcr Sch\u00fclerinnen und Sch\u00fcler im Schuljahr 2010\/2011 &#8211; \u201eCleverCard\u201c ist wieder in den Ferien g\u00fcltig"},"content":{"rendered":"<p><strong><a href=\"http:\/\/www.fuldaer-nachrichten.de\/wp-content\/uploads\/2010\/08\/100809_CleverCard.jpg\"><img fetchpriority=\"high\" decoding=\"async\" class=\"alignleft size-thumbnail wp-image-66386\" title=\"100809_CleverCard\" src=\"http:\/\/www.fuldaer-nachrichten.de\/wp-content\/uploads\/2010\/08\/100809_CleverCard-265x217.jpg\" alt=\"\" width=\"265\" height=\"217\" srcset=\"https:\/\/www.fuldaernachrichten.de\/wp-content\/uploads\/2010\/08\/100809_CleverCard-265x217.jpg 265w, https:\/\/www.fuldaernachrichten.de\/wp-content\/uploads\/2010\/08\/100809_CleverCard.jpg 592w\" sizes=\"(max-width: 265px) 100vw, 265px\" \/><\/a>Fulda. <\/strong>Alle Sch\u00fclerinnen und Sch\u00fcler, die Bahn oder Busse des RMV benutzen und deren Bef\u00f6rderungskosten im \u00f6ffentlichen Personennahverkehr durch den Landkreis und die Stadt Fulda \u00fcbernommen werden, erhalten an den ersten Schultagen nach den Sommerferien ihre neuen Fahrausweise. Diese sind dann bis zum 31.\u00c2\u00a0Juli\u00c2\u00a02011 g\u00fcltig. Der neue Fahrausweis \u201eCleverCard\u201c berechtigt im kommenden Schuljahr wieder, neben den Fahrten zur Schule, auch zu Fahrten w\u00e4hrend der Schulferien &#8211; und dies im Gebiet des gesamten Rhein-Main-Verkehrsverbundes. Landrat Bernd Woide und Oberb\u00fcrgermeister Gerhard M\u00f6ller teilen in einer gemeinsamen Presseerkl\u00e4rung mit, dass mit den Verkehrstr\u00e4gern folgende Vereinbarung getroffen wurde: Die berechtigten Sch\u00fclerinnen und Sch\u00fcler k\u00f6nnen an den ersten Unterrichtstagen die Busse und Z\u00fcge auch ohne Fahrausweis f\u00fcr die t\u00e4glichen Fahrten zur Schule benutzen. Wer die Fahrkarte versp\u00e4tet beantragt hat, bekommt im Sekretariat der jeweiligen Schule einen vorl\u00e4ufigen Fahrausweis.<!--more--><\/p>\n<p>F\u00fcr selbst zahlende Sch\u00fclerinnen und Sch\u00fcler sind Antr\u00e4ge f\u00fcr eine CleverCard unter <a href=\"http:\/\/www.lng.fulda.de\/\">www.lng-Fulda.de<\/a> oder <a href=\"http:\/\/www.uewag.de\/\">www.uewag.de<\/a> (Bereich \u00dcWAG Verkehr) abrufbar. Entsprechende Antr\u00e4ge liegen auch am Fahrkartenschalter am Busbahnhof \u201eStadtschloss\u201c sowie an der LNG &#8211; Gesch\u00e4ftsstelle Zieherser Weg 2 (gegen\u00fcber Hotel Esperanto) bereit.<\/p>\n<p>Die \u201eCleverCard\u201c besteht aus der Kundenkarte und zw\u00f6lf einzelnen Wertmarken. Die Kundenkarte muss vom Berechtigten unterschrieben sein. Bei den Fahrten sind die Kundenkarte und die jeweils g\u00fcltige Wertmarke mitzuf\u00fchren. Bei Verlust von Kundenkarten oder Wertmarken ist ein kostenloser Ersatz nicht m\u00f6glich.<\/p>\n","protected":false},"excerpt":{"rendered":"<div class=\"tmnf_excerpt\"><p>Fulda. Alle Sch\u00fclerinnen und Sch\u00fcler, die Bahn oder Busse des RMV benutzen und deren Bef\u00f6rderungskosten im \u00f6ffentlichen Personennahverkehr durch den Landkreis und die Stadt Fulda \u00fcbernommen werden, erhalten an den ersten Schultagen nach den Sommerferien ihre neuen Fahrausweise. Diese sind dann bis zum 31.\u00c2\u00a0Juli\u00c2\u00a02011 g\u00fcltig. Der neue Fahrausweis \u201eCleverCard\u201c berechtigt im kommenden Schuljahr wieder, neben &hellip;<\/p>\n<\/div>","protected":false},"author":1,"featured_media":0,"comment_status":"closed","ping_status":"closed","sticky":false,"template":"","format":"standard","meta":{"footnotes":""},"categories":[1],"tags":[],"class_list":["post-66385","post","type-post","status-publish","format-standard","hentry","category-startseite"],"_links":{"self":[{"href":"https:\/\/www.fuldaernachrichten.de\/index.php?rest_route=\/wp\/v2\/posts\/66385","targetHints":{"allow":["GET"]}}],"collection":[{"href":"https:\/\/www.fuldaernachrichten.de\/index.php?rest_route=\/wp\/v2\/posts"}],"about":[{"href":"https:\/\/www.fuldaernachrichten.de\/index.php?rest_route=\/wp\/v2\/types\/post"}],"author":[{"embeddable":true,"href":"https:\/\/www.fuldaernachrichten.de\/index.php?rest_route=\/wp\/v2\/users\/1"}],"replies":[{"embeddable":true,"href":"https:\/\/www.fuldaernachrichten.de\/index.php?rest_route=%2Fwp%2Fv2%2Fcomments&post=66385"}],"version-history":[{"count":3,"href":"https:\/\/www.fuldaernachrichten.de\/index.php?rest_route=\/wp\/v2\/posts\/66385\/revisions"}],"predecessor-version":[{"id":66419,"href":"https:\/\/www.fuldaernachrichten.de\/index.php?rest_route=\/wp\/v2\/posts\/66385\/revisions\/66419"}],"wp:attachment":[{"href":"https:\/\/www.fuldaernachrichten.de\/index.php?rest_route=%2Fwp%2Fv2%2Fmedia&parent=66385"}],"wp:term":[{"taxonomy":"category","embeddable":true,"href":"https:\/\/www.fuldaernachrichten.de\/index.php?rest_route=%2Fwp%2Fv2%2Fcategories&post=66385"},{"taxonomy":"post_tag","embeddable":true,"href":"https:\/\/www.fuldaernachrichten.de\/index.php?rest_route=%2Fwp%2Fv2%2Ftags&post=66385"}],"curies":[{"name":"wp","href":"https:\/\/api.w.org\/{rel}","templated":true}]}}