{"id":66313,"date":"2010-08-07T01:54:15","date_gmt":"2010-08-06T23:54:15","guid":{"rendered":"http:\/\/www.fuldaer-nachrichten.de\/?p=66313"},"modified":"2010-08-07T07:55:13","modified_gmt":"2010-08-07T05:55:13","slug":"informationsabend-der-kfd-eichenzell-im-tegut-markt-rhoenhof-eichenzell","status":"publish","type":"post","link":"https:\/\/www.fuldaernachrichten.de\/?p=66313","title":{"rendered":"Informationsabend der KFD Eichenzell im tegut&#8230; Markt Rh\u00f6nhof Eichenzell"},"content":{"rendered":"<p><strong>Eichenzell. <\/strong>Am vergangenen Dienstag machten sich 17 Frauen der KFD (Katholische Frauengemeinschaft Deutschlands) aus Eichenzell auf zu einem Informationsabend in den tegut\u00e2\u20ac\u00a6 Markt im Rh\u00f6nhof Eichenzell. Dort wurden sie mit ihrer ersten Vorsitzenden Maria Kempf-Weiden vom Filialleiter Udo Streit und seinem Team recht herzlich begr\u00fc\u00dft. Zuerst wurde der tegut\u00e2\u20ac\u00a6 Markt, die Geschichte des Unternehmens und das Sortiment sowie die Seviceleistungen vorgestellt.<!--more--><\/p>\n<p>Annette Siebold, die Warenfachverantwortiche f\u00fcr Obst und Gem\u00fcse, erl\u00e4uterte ihr vielf\u00e4ltiges Sortiment. Da jetzt in der Sommerzeit Melonen \u201eHochsaison\u201c haben wurde dieses Thema ausgiebig erl\u00e4utert. Die verschiedenen Melonensorten wurden vorgestellt und nat\u00fcrlich auch alle probiert. Zudem gab auch die Obst und Gem\u00fcse Fachtrainerin Frau Martina Lenhart den Frauen wertvolle Tipps und Rezeptideen rund um das Thema Melonen. Geschmeckt hat den Frauen auch ein \u201eWassermelonen Milch \u2013 Mix\u201c und die klassische Variante \u201eMelone mit Schinken\u201c.\u00c2\u00a0 Insgesamt war es ein informationsreicher Abend f\u00fcr die KFD &#8211; Frauen. Als \u201eDankesch\u00f6n\u201c bekam jede Teilnehmerin noch eine Informationsheft \u201eSommerzeit \u2013 Melonenzeit\u201c und eine Zuckermelone zum Probieren.<\/p>\n","protected":false},"excerpt":{"rendered":"<div class=\"tmnf_excerpt\"><p>Eichenzell. Am vergangenen Dienstag machten sich 17 Frauen der KFD (Katholische Frauengemeinschaft Deutschlands) aus Eichenzell auf zu einem Informationsabend in den tegut\u00e2\u20ac\u00a6 Markt im Rh\u00f6nhof Eichenzell. Dort wurden sie mit ihrer ersten Vorsitzenden Maria Kempf-Weiden vom Filialleiter Udo Streit und seinem Team recht herzlich begr\u00fc\u00dft. Zuerst wurde der tegut\u00e2\u20ac\u00a6 Markt, die Geschichte des Unternehmens und &hellip;<\/p>\n<\/div>","protected":false},"author":1,"featured_media":0,"comment_status":"closed","ping_status":"closed","sticky":false,"template":"","format":"standard","meta":{"footnotes":""},"categories":[1,37],"tags":[],"class_list":["post-66313","post","type-post","status-publish","format-standard","hentry","category-startseite","category-essen-und-trinken"],"_links":{"self":[{"href":"https:\/\/www.fuldaernachrichten.de\/index.php?rest_route=\/wp\/v2\/posts\/66313","targetHints":{"allow":["GET"]}}],"collection":[{"href":"https:\/\/www.fuldaernachrichten.de\/index.php?rest_route=\/wp\/v2\/posts"}],"about":[{"href":"https:\/\/www.fuldaernachrichten.de\/index.php?rest_route=\/wp\/v2\/types\/post"}],"author":[{"embeddable":true,"href":"https:\/\/www.fuldaernachrichten.de\/index.php?rest_route=\/wp\/v2\/users\/1"}],"replies":[{"embeddable":true,"href":"https:\/\/www.fuldaernachrichten.de\/index.php?rest_route=%2Fwp%2Fv2%2Fcomments&post=66313"}],"version-history":[{"count":2,"href":"https:\/\/www.fuldaernachrichten.de\/index.php?rest_route=\/wp\/v2\/posts\/66313\/revisions"}],"predecessor-version":[{"id":66370,"href":"https:\/\/www.fuldaernachrichten.de\/index.php?rest_route=\/wp\/v2\/posts\/66313\/revisions\/66370"}],"wp:attachment":[{"href":"https:\/\/www.fuldaernachrichten.de\/index.php?rest_route=%2Fwp%2Fv2%2Fmedia&parent=66313"}],"wp:term":[{"taxonomy":"category","embeddable":true,"href":"https:\/\/www.fuldaernachrichten.de\/index.php?rest_route=%2Fwp%2Fv2%2Fcategories&post=66313"},{"taxonomy":"post_tag","embeddable":true,"href":"https:\/\/www.fuldaernachrichten.de\/index.php?rest_route=%2Fwp%2Fv2%2Ftags&post=66313"}],"curies":[{"name":"wp","href":"https:\/\/api.w.org\/{rel}","templated":true}]}}