{"id":66273,"date":"2011-01-05T01:58:03","date_gmt":"2011-01-05T01:58:03","guid":{"rendered":"http:\/\/www.fuldaer-nachrichten.de\/?p=66273"},"modified":"2011-01-05T07:58:18","modified_gmt":"2011-01-05T07:58:18","slug":"neu-im-kino-das-labyrinth-der-woerter-kinostart-am-06-01-2011","status":"publish","type":"post","link":"https:\/\/www.fuldaernachrichten.de\/?p=66273","title":{"rendered":"Neu im Kino: Das Labyrinth der W\u00f6rter &#8211; Kinostart am 06.01.2011"},"content":{"rendered":"<p><strong><a href=\"http:\/\/www.fuldaer-nachrichten.de\/wp-content\/uploads\/2010\/08\/100805_Labyrinth.jpg\"><img fetchpriority=\"high\" decoding=\"async\" class=\"alignleft size-thumbnail wp-image-66276\" title=\"100805_Labyrinth\" src=\"http:\/\/www.fuldaer-nachrichten.de\/wp-content\/uploads\/2010\/08\/100805_Labyrinth-265x355.jpg\" alt=\"\" width=\"265\" height=\"355\" srcset=\"https:\/\/www.fuldaernachrichten.de\/wp-content\/uploads\/2010\/08\/100805_Labyrinth-265x355.jpg 265w, https:\/\/www.fuldaernachrichten.de\/wp-content\/uploads\/2010\/08\/100805_Labyrinth.jpg 399w\" sizes=\"(max-width: 265px) 100vw, 265px\" \/><\/a>Kino.<\/strong> Der Film dreht sich um die ungew\u00f6hnliche Freundschaft zwischen zwei Menschen: Germain, einem Mann um die 50, der so gut wie nicht lesen kann, und Marguerite, einer \u00e4lteren, sehr belesenen Dame. Germain f\u00fchrt ein beschauliches Leben und besch\u00e4ftigt sich mit seinen Freunden, seiner Freundin und seinem Wohnwagen, der im Garten seiner Mutter steht. Seinen Vater hat Germain nie kennengelernt, in der Schule war er stets der Pr\u00fcgelknabe f\u00fcr seinen Lehrer und auch seine Freunde nehmen ihn &#8211; obwohl sie ihn m\u00f6gen &#8211; auf den Arm. Dabei ist er keineswegs dumm, sondern fast schon ein Philosoph, der aufgrund der Unber\u00fchrtheit seines Geistes seine eigenen, unabh\u00e4ngigen Gedanken entwickeln kann. Eines Tages lernt er Marguerite kennen, die ihn in die Magie der Literatur einf\u00fchrt, indem sie ihm aus Romanen vorliest, deren Inhalt ihm sonst f\u00fcr immer verborgen geblieben w\u00e4ren. Aber Marguerite erblindet langsam, daher beschlie\u00dft Germain, lesen zu lernen, damit er, wenn sie es nicht mehr kann, die Rolle des Vorlesenden \u00fcbernehmen k\u00f6nnen wird.<\/p>\n<p><strong> Kinostart: 06.01.2011<\/strong><\/p>\n","protected":false},"excerpt":{"rendered":"<div class=\"tmnf_excerpt\"><p>Kino. Der Film dreht sich um die ungew\u00f6hnliche Freundschaft zwischen zwei Menschen: Germain, einem Mann um die 50, der so gut wie nicht lesen kann, und Marguerite, einer \u00e4lteren, sehr belesenen Dame. Germain f\u00fchrt ein beschauliches Leben und besch\u00e4ftigt sich mit seinen Freunden, seiner Freundin und seinem Wohnwagen, der im Garten seiner Mutter steht. Seinen &hellip;<\/p>\n<\/div>","protected":false},"author":1,"featured_media":0,"comment_status":"closed","ping_status":"closed","sticky":false,"template":"","format":"standard","meta":{"footnotes":""},"categories":[1,79],"tags":[],"class_list":["post-66273","post","type-post","status-publish","format-standard","hentry","category-startseite","category-kino"],"_links":{"self":[{"href":"https:\/\/www.fuldaernachrichten.de\/index.php?rest_route=\/wp\/v2\/posts\/66273","targetHints":{"allow":["GET"]}}],"collection":[{"href":"https:\/\/www.fuldaernachrichten.de\/index.php?rest_route=\/wp\/v2\/posts"}],"about":[{"href":"https:\/\/www.fuldaernachrichten.de\/index.php?rest_route=\/wp\/v2\/types\/post"}],"author":[{"embeddable":true,"href":"https:\/\/www.fuldaernachrichten.de\/index.php?rest_route=\/wp\/v2\/users\/1"}],"replies":[{"embeddable":true,"href":"https:\/\/www.fuldaernachrichten.de\/index.php?rest_route=%2Fwp%2Fv2%2Fcomments&post=66273"}],"version-history":[{"count":5,"href":"https:\/\/www.fuldaernachrichten.de\/index.php?rest_route=\/wp\/v2\/posts\/66273\/revisions"}],"predecessor-version":[{"id":80292,"href":"https:\/\/www.fuldaernachrichten.de\/index.php?rest_route=\/wp\/v2\/posts\/66273\/revisions\/80292"}],"wp:attachment":[{"href":"https:\/\/www.fuldaernachrichten.de\/index.php?rest_route=%2Fwp%2Fv2%2Fmedia&parent=66273"}],"wp:term":[{"taxonomy":"category","embeddable":true,"href":"https:\/\/www.fuldaernachrichten.de\/index.php?rest_route=%2Fwp%2Fv2%2Fcategories&post=66273"},{"taxonomy":"post_tag","embeddable":true,"href":"https:\/\/www.fuldaernachrichten.de\/index.php?rest_route=%2Fwp%2Fv2%2Ftags&post=66273"}],"curies":[{"name":"wp","href":"https:\/\/api.w.org\/{rel}","templated":true}]}}