{"id":66235,"date":"2010-08-09T01:49:44","date_gmt":"2010-08-08T23:49:44","guid":{"rendered":"http:\/\/www.fuldaer-nachrichten.de\/?p=66235"},"modified":"2010-08-09T09:50:06","modified_gmt":"2010-08-09T07:50:06","slug":"ab-montag-9-august-sperrung-des-bahnuebergangs-in-der-ortsdurchfahrt-rimlos","status":"publish","type":"post","link":"https:\/\/www.fuldaernachrichten.de\/?p=66235","title":{"rendered":"Ab heute Sperrung des Bahn\u00fcbergangs in der Ortsdurchfahrt Rimlos"},"content":{"rendered":"<p><strong>Vogelsbergkreis. <\/strong>Wie die Stra\u00dfenverkehrsbeh\u00f6rde des Vogelsbergkreises mitteilt, wird die Lauterbacher Stra\u00dfe in der Ortsdurchfahrt Lauterbach-Rimlos in H\u00f6he des Bahn\u00fcbergangs wegen Gleisbauarbeiten ab kommenden Montag, 9. August, bis zur Beendigung der Arbeiten &#8211; l\u00e4ngstens jedoch bis zum 14. August 2010 &#8211; f\u00fcr den Gesamtverkehr voll gesperrt. Der Verkehr wird ab Heblos umgeleitet \u00fcber die L 3161 auf die B 254 \u00fcber Maar und Lauterbach und umgekehrt. Die Umleitung ist ausgeschildert.<\/p>\n","protected":false},"excerpt":{"rendered":"<div class=\"tmnf_excerpt\"><p>Vogelsbergkreis. Wie die Stra\u00dfenverkehrsbeh\u00f6rde des Vogelsbergkreises mitteilt, wird die Lauterbacher Stra\u00dfe in der Ortsdurchfahrt Lauterbach-Rimlos in H\u00f6he des Bahn\u00fcbergangs wegen Gleisbauarbeiten ab kommenden Montag, 9. August, bis zur Beendigung der Arbeiten &#8211; l\u00e4ngstens jedoch bis zum 14. August 2010 &#8211; f\u00fcr den Gesamtverkehr voll gesperrt. Der Verkehr wird ab Heblos umgeleitet \u00fcber die L 3161 &hellip;<\/p>\n<\/div>","protected":false},"author":1,"featured_media":0,"comment_status":"closed","ping_status":"closed","sticky":false,"template":"","format":"standard","meta":{"footnotes":""},"categories":[1,35],"tags":[],"class_list":["post-66235","post","type-post","status-publish","format-standard","hentry","category-startseite","category-auto"],"_links":{"self":[{"href":"https:\/\/www.fuldaernachrichten.de\/index.php?rest_route=\/wp\/v2\/posts\/66235","targetHints":{"allow":["GET"]}}],"collection":[{"href":"https:\/\/www.fuldaernachrichten.de\/index.php?rest_route=\/wp\/v2\/posts"}],"about":[{"href":"https:\/\/www.fuldaernachrichten.de\/index.php?rest_route=\/wp\/v2\/types\/post"}],"author":[{"embeddable":true,"href":"https:\/\/www.fuldaernachrichten.de\/index.php?rest_route=\/wp\/v2\/users\/1"}],"replies":[{"embeddable":true,"href":"https:\/\/www.fuldaernachrichten.de\/index.php?rest_route=%2Fwp%2Fv2%2Fcomments&post=66235"}],"version-history":[{"count":3,"href":"https:\/\/www.fuldaernachrichten.de\/index.php?rest_route=\/wp\/v2\/posts\/66235\/revisions"}],"predecessor-version":[{"id":66429,"href":"https:\/\/www.fuldaernachrichten.de\/index.php?rest_route=\/wp\/v2\/posts\/66235\/revisions\/66429"}],"wp:attachment":[{"href":"https:\/\/www.fuldaernachrichten.de\/index.php?rest_route=%2Fwp%2Fv2%2Fmedia&parent=66235"}],"wp:term":[{"taxonomy":"category","embeddable":true,"href":"https:\/\/www.fuldaernachrichten.de\/index.php?rest_route=%2Fwp%2Fv2%2Fcategories&post=66235"},{"taxonomy":"post_tag","embeddable":true,"href":"https:\/\/www.fuldaernachrichten.de\/index.php?rest_route=%2Fwp%2Fv2%2Ftags&post=66235"}],"curies":[{"name":"wp","href":"https:\/\/api.w.org\/{rel}","templated":true}]}}