{"id":66198,"date":"2010-08-05T02:43:56","date_gmt":"2010-08-05T00:43:56","guid":{"rendered":"http:\/\/www.fuldaer-nachrichten.de\/?p=66198"},"modified":"2010-08-05T07:44:11","modified_gmt":"2010-08-05T05:44:11","slug":"ob-gerhard-moeller-zu-besuch-bei-der-jugend-berufs-feuerwehr","status":"publish","type":"post","link":"https:\/\/www.fuldaernachrichten.de\/?p=66198","title":{"rendered":"OB Gerhard M\u00f6ller zu Besuch bei der Jugend-\u201eBerufs\u201c-Feuerwehr"},"content":{"rendered":"<p><strong>Fulda. <\/strong>Der Feuerwehrst\u00fctzpunkt Fulda-Nord in der Daimler-Benz-Strasse wurde f\u00fcr einen Tag zum Standort einer Jugend\u00e2\u20ac\u2018\u201cBerufs\u201c\u00e2\u20ac\u2018Feuerwehr. Denn die Jugendfeuerwehr Fulda\u00e2\u20ac\u2018Nord zog f\u00fcr 24 Stunden in den St\u00fctzpunkt, um mit realit\u00e4tsnahen \u00dcbungseins\u00e4tzen den Alltag einer Berufsfeuerwehr nachzuempfinden. Nachdem ein L\u00f6schgruppenfahrzeug mit Wassertank von den Jugendlichen \u00fcbernommen und besetzt war, mussten sie \u00dcbungseins\u00e4tze wie zum Beispiel die Rettung einer abgest\u00fcrzten Person, einen Waldbrand oder eine Tierrettung meistern.<!--more--><\/p>\n<p><strong>Gemeinsame \u00dcbung<\/strong><strong><\/strong><\/p>\n<p>Am Anfang der 24-Stunden-Schicht stand f\u00fcr die Jugendlichen jedoch zun\u00e4chst eine gemeinsame \u00dcbung mit der Einsatzabteilung des St\u00fctzpunktes Fulda-Nord auf dem Plan. Dabei mussten sie einen simulierten Verkehrsunfall mit Beteiligung eines LKW abarbeiten.\u00c2\u00a0 W\u00e4hrend die Einsatzabteilung den eingeklemmten Fahrer des LKW rettete, stellte die Jugendfeuerwehr den Brandschutz sicher und f\u00fchrte die Verkehrssicherung durch. Oberb\u00fcrgermeister Gerhard M\u00f6ller, der die \u00dcbung beobachtet hatte, lobte die gute Zusammenarbeit der beiden Abteilungen und dankte den Jugendlichen daf\u00fcr, dass sie sich schon in jungen Jahren f\u00fcr den Feuerwehrgedanken und das Gemeinwohl einsetzen.<\/p>\n<p><strong>Feuerwehralltag<\/strong><\/p>\n<p>Jedoch standen nicht nur \u00dcbungen und Unterricht auf dem Dienstplan, vielmehr geh\u00f6rten auch allt\u00e4gliche Feuerwehraufgaben wie Reinigungsdienste, Ger\u00e4te\u00c2\u00adwartung und Fahrzeugpflege zum Programm.\u00c2\u00a0 Wie auf einer richtigen Berufsfeuerwehrwache wurde gemeinsam gekocht, gegessen und im Feuerwehrst\u00fctzpunkt \u00fcbernachtet. Zum Abschluss des \u00dcbungstages besuchte der Leiter der Feuerwehr Fulda, Thomas Hinz, die Jugendfeuerwehr und \u00fcberpr\u00fcfte die Lernerfolge der Jugendlichen. Wer die abgefragten Feuerwehrknoten richtig anlegen konnte, durfte zur Belohnung die Aussicht vom Teleskopmast der Feuerwehr Fulda genie\u00dfen. F\u00fcr die Mitglieder der Jugendfeuerwehr und deren Betreuer waren es aufregende 24\u00c2\u00a0Stunden mit vielen \u00dcbungen und Arbeiten, aber vor allem auch mit viel Spa\u00df. (cp)<\/p>\n","protected":false},"excerpt":{"rendered":"<div class=\"tmnf_excerpt\"><p>Fulda. Der Feuerwehrst\u00fctzpunkt Fulda-Nord in der Daimler-Benz-Strasse wurde f\u00fcr einen Tag zum Standort einer Jugend\u00e2\u20ac\u2018\u201cBerufs\u201c\u00e2\u20ac\u2018Feuerwehr. Denn die Jugendfeuerwehr Fulda\u00e2\u20ac\u2018Nord zog f\u00fcr 24 Stunden in den St\u00fctzpunkt, um mit realit\u00e4tsnahen \u00dcbungseins\u00e4tzen den Alltag einer Berufsfeuerwehr nachzuempfinden. Nachdem ein L\u00f6schgruppenfahrzeug mit Wassertank von den Jugendlichen \u00fcbernommen und besetzt war, mussten sie \u00dcbungseins\u00e4tze wie zum Beispiel die Rettung &hellip;<\/p>\n<\/div>","protected":false},"author":1,"featured_media":0,"comment_status":"closed","ping_status":"closed","sticky":false,"template":"","format":"standard","meta":{"footnotes":""},"categories":[1,71],"tags":[],"class_list":["post-66198","post","type-post","status-publish","format-standard","hentry","category-startseite","category-feuerwehr"],"_links":{"self":[{"href":"https:\/\/www.fuldaernachrichten.de\/index.php?rest_route=\/wp\/v2\/posts\/66198","targetHints":{"allow":["GET"]}}],"collection":[{"href":"https:\/\/www.fuldaernachrichten.de\/index.php?rest_route=\/wp\/v2\/posts"}],"about":[{"href":"https:\/\/www.fuldaernachrichten.de\/index.php?rest_route=\/wp\/v2\/types\/post"}],"author":[{"embeddable":true,"href":"https:\/\/www.fuldaernachrichten.de\/index.php?rest_route=\/wp\/v2\/users\/1"}],"replies":[{"embeddable":true,"href":"https:\/\/www.fuldaernachrichten.de\/index.php?rest_route=%2Fwp%2Fv2%2Fcomments&post=66198"}],"version-history":[{"count":2,"href":"https:\/\/www.fuldaernachrichten.de\/index.php?rest_route=\/wp\/v2\/posts\/66198\/revisions"}],"predecessor-version":[{"id":66219,"href":"https:\/\/www.fuldaernachrichten.de\/index.php?rest_route=\/wp\/v2\/posts\/66198\/revisions\/66219"}],"wp:attachment":[{"href":"https:\/\/www.fuldaernachrichten.de\/index.php?rest_route=%2Fwp%2Fv2%2Fmedia&parent=66198"}],"wp:term":[{"taxonomy":"category","embeddable":true,"href":"https:\/\/www.fuldaernachrichten.de\/index.php?rest_route=%2Fwp%2Fv2%2Fcategories&post=66198"},{"taxonomy":"post_tag","embeddable":true,"href":"https:\/\/www.fuldaernachrichten.de\/index.php?rest_route=%2Fwp%2Fv2%2Ftags&post=66198"}],"curies":[{"name":"wp","href":"https:\/\/api.w.org\/{rel}","templated":true}]}}