{"id":65910,"date":"2010-08-02T10:08:18","date_gmt":"2010-08-02T08:08:18","guid":{"rendered":"http:\/\/www.fuldaer-nachrichten.de\/?p=65910"},"modified":"2010-08-02T13:08:31","modified_gmt":"2010-08-02T11:08:31","slug":"kinder-lernten-die-feuerwehr-flieden-hautnah-kennen","status":"publish","type":"post","link":"https:\/\/www.fuldaernachrichten.de\/?p=65910","title":{"rendered":"Kinder lernten die Feuerwehr Flieden \u201ehautnah\u201c kennen"},"content":{"rendered":"<p><strong><a href=\"http:\/\/www.fuldaer-nachrichten.de\/wp-content\/uploads\/2010\/08\/100802_Sommerferien.jpg\"><img decoding=\"async\" class=\"alignleft size-thumbnail wp-image-65911\" title=\"100802_Sommerferien\" src=\"http:\/\/www.fuldaer-nachrichten.de\/wp-content\/uploads\/2010\/08\/100802_Sommerferien-265x149.jpg\" alt=\"\" width=\"265\" height=\"149\" srcset=\"https:\/\/www.fuldaernachrichten.de\/wp-content\/uploads\/2010\/08\/100802_Sommerferien-265x149.jpg 265w, https:\/\/www.fuldaernachrichten.de\/wp-content\/uploads\/2010\/08\/100802_Sommerferien.jpg 592w\" sizes=\"(max-width: 265px) 100vw, 265px\" \/><\/a>Flieden. <\/strong>20 Kinder im Alter von 8 bis 14 Jahren konnten im Rahmen des diesj\u00e4hrigen Ferienprogramms der Gemeinde Flieden die Freiwillige Feuerwehr \u00c2\u00a0Flieden hautnah erleben. Nach der Begr\u00fc\u00dfung durch den 1. Vorsitzenden Andreas Friedrich und des Jugendwartes Holger Heil sowie der Vorstellung der weiteren Betreuer Mathias Betz, Steffen Pappert, Fabian Ebner und Fabian Friedrich erl\u00e4uterte Friedrich die zahlreichen unterschiedlichen Aufgaben der Feuerwehr. Gleich im Anschluss konnten die Kinder das Feuerwehrhaus mit Funkzentrale und Schlauchturm sowie die Einsatzfahrzeuge der Feuerwehr besichtigen.<!--more--><\/p>\n<p>Die umfangreiche Schutzkleidung der Feuerwehrleute konnten die jungen Besucher selbst einmal anziehen. Zahlreiche Fragen wurden von den Kindern zu den einzelnen Bereichen der Feuerwehr gestellt. Bei dem Aufbau eines kompletten L\u00f6schangriffes konnten die Kinder selbst das Strahlrohr in die Hand nehmen. Auch wenn es dabei mal nasse Haare bzw. Hosen oder F\u00fc\u00dfe gab, machte es den Kindern riesigen Spa\u00df, alle Einsatzm\u00f6glichkeiten des Hohlstrahlrohres selbst zu testen.<\/p>\n<p>Ein H\u00f6hepunkt des Tages war sicherlich die Personensuche im abgedunkelten und verrauchten Jugendraum. Die beiden Jugendfeuerwehrleute Fabian Ebner und Fabian Friedrich hatten dazu einen Parcours im Jugendraum aufgebaut. Hierbei galt es, ausger\u00fcstet mit Atemschutzger\u00e4te-Attrappen, Handlampe und Funksprechger\u00e4t, immer als Trupp von 2 oder 3 Kindern einen Dummy aufzufinden und den Jugendfeuerwehrleuten den Aufenthaltsort zu nennen. Bevor das \u00dcbungsziel erreicht werden konnte, mussten die Kinder am Boden kriechend Hindernisse wie Tische, St\u00fchle und einen Tunnel \u00fcberwinden.<\/p>\n<p><a href=\"http:\/\/www.fuldaer-nachrichten.de\/wp-content\/uploads\/2010\/08\/100802_Flieden.jpg\"><img decoding=\"async\" class=\"alignnone size-thumbnail wp-image-65912\" title=\"100802_Flieden\" src=\"http:\/\/www.fuldaer-nachrichten.de\/wp-content\/uploads\/2010\/08\/100802_Flieden-265x149.jpg\" alt=\"\" width=\"265\" height=\"149\" srcset=\"https:\/\/www.fuldaernachrichten.de\/wp-content\/uploads\/2010\/08\/100802_Flieden-265x149.jpg 265w, https:\/\/www.fuldaernachrichten.de\/wp-content\/uploads\/2010\/08\/100802_Flieden.jpg 592w\" sizes=\"(max-width: 265px) 100vw, 265px\" \/><\/a> <a href=\"http:\/\/www.fuldaer-nachrichten.de\/wp-content\/uploads\/2010\/08\/100802_Programm.jpg\"><img decoding=\"async\" class=\"alignnone size-thumbnail wp-image-65913\" title=\"100802_Programm\" src=\"http:\/\/www.fuldaer-nachrichten.de\/wp-content\/uploads\/2010\/08\/100802_Programm-265x149.jpg\" alt=\"\" width=\"265\" height=\"149\" srcset=\"https:\/\/www.fuldaernachrichten.de\/wp-content\/uploads\/2010\/08\/100802_Programm-265x149.jpg 265w, https:\/\/www.fuldaernachrichten.de\/wp-content\/uploads\/2010\/08\/100802_Programm.jpg 592w\" sizes=\"(max-width: 265px) 100vw, 265px\" \/><\/a><\/p>\n<p>Nat\u00fcrlich durfte auch die Fahrt in den gro\u00dfen Feuerwehrfahrzeugen an diesem erlebnisreichen Tag nicht fehlen. Als Abschluss des feuerwehrtechnischen Teiles zeigten die Betreuer den Kindern den Umgang und die Einsatzm\u00f6glichkeiten des Schneidger\u00e4tes, mit dem bei Verkehrsunf\u00e4llen Personen aus Pkws gerettet werden k\u00f6nnen.<\/p>\n<p>Nach so viel Feuerwehrtechnik durfte auch das Spielen nicht zu kurz kommen. Dabei hatten die in drei Teams eingeteilten Kinder zun\u00e4chst die Aufgabe, mit dem Wasserstrahl aus der K\u00fcbelspritze mehrere Fallklappen umzuspritzen. Weiterhin galt es f\u00fcr die Kinder, mit einem C-Rollschlauch die aufgestellten Wasserflaschen umzukegeln. Zum Abschluss des Spielteils transportierten die Kinder Wasser durch einen ausgerollten C-Schlauch in einen bereitstehenden Eimer, in dem die Wasserh\u00f6he gemessen wurde.<\/p>\n<p>Am Ende der Veranstaltung \u00fcberreichte der 1. Vorsitzende Friedrich allen teilnehmenden Kindern eine Urkunde zur Erinnerung an diesen Erlebnis- und Abwechslungsreichen Tag bei der Feuerwehr Flieden.<\/p>\n","protected":false},"excerpt":{"rendered":"<div class=\"tmnf_excerpt\"><p>Flieden. 20 Kinder im Alter von 8 bis 14 Jahren konnten im Rahmen des diesj\u00e4hrigen Ferienprogramms der Gemeinde Flieden die Freiwillige Feuerwehr \u00c2\u00a0Flieden hautnah erleben. Nach der Begr\u00fc\u00dfung durch den 1. Vorsitzenden Andreas Friedrich und des Jugendwartes Holger Heil sowie der Vorstellung der weiteren Betreuer Mathias Betz, Steffen Pappert, Fabian Ebner und Fabian Friedrich erl\u00e4uterte &hellip;<\/p>\n<\/div>","protected":false},"author":1,"featured_media":0,"comment_status":"closed","ping_status":"closed","sticky":false,"template":"","format":"standard","meta":{"footnotes":""},"categories":[1,71],"tags":[],"class_list":["post-65910","post","type-post","status-publish","format-standard","hentry","category-startseite","category-feuerwehr"],"_links":{"self":[{"href":"https:\/\/www.fuldaernachrichten.de\/index.php?rest_route=\/wp\/v2\/posts\/65910","targetHints":{"allow":["GET"]}}],"collection":[{"href":"https:\/\/www.fuldaernachrichten.de\/index.php?rest_route=\/wp\/v2\/posts"}],"about":[{"href":"https:\/\/www.fuldaernachrichten.de\/index.php?rest_route=\/wp\/v2\/types\/post"}],"author":[{"embeddable":true,"href":"https:\/\/www.fuldaernachrichten.de\/index.php?rest_route=\/wp\/v2\/users\/1"}],"replies":[{"embeddable":true,"href":"https:\/\/www.fuldaernachrichten.de\/index.php?rest_route=%2Fwp%2Fv2%2Fcomments&post=65910"}],"version-history":[{"count":2,"href":"https:\/\/www.fuldaernachrichten.de\/index.php?rest_route=\/wp\/v2\/posts\/65910\/revisions"}],"predecessor-version":[{"id":65953,"href":"https:\/\/www.fuldaernachrichten.de\/index.php?rest_route=\/wp\/v2\/posts\/65910\/revisions\/65953"}],"wp:attachment":[{"href":"https:\/\/www.fuldaernachrichten.de\/index.php?rest_route=%2Fwp%2Fv2%2Fmedia&parent=65910"}],"wp:term":[{"taxonomy":"category","embeddable":true,"href":"https:\/\/www.fuldaernachrichten.de\/index.php?rest_route=%2Fwp%2Fv2%2Fcategories&post=65910"},{"taxonomy":"post_tag","embeddable":true,"href":"https:\/\/www.fuldaernachrichten.de\/index.php?rest_route=%2Fwp%2Fv2%2Ftags&post=65910"}],"curies":[{"name":"wp","href":"https:\/\/api.w.org\/{rel}","templated":true}]}}